{"id":7998,"date":"2017-01-31T17:20:34","date_gmt":"2017-01-31T15:20:34","guid":{"rendered":"http:\/\/www.amag-group.ch\/blog\/fr\/?p=1197"},"modified":"2018-02-23T10:04:23","modified_gmt":"2018-02-23T10:04:23","slug":"le-california-en-expedition","status":"publish","type":"post","link":"https:\/\/www.amag-group.ch\/blog\/fr\/le-california-en-expedition\/","title":{"rendered":"Le California en exp\u00e9dition"},"content":{"rendered":"<p>L\u2019objectif du voyage de presque deux jours est de montrer le <a href=\"http:\/\/www.volkswagen-nutzfahrzeuge.ch\/fr\/models\/california\/galerie.html\" target=\"_blank\" rel=\"noopener\">VW California<\/a> en pleine action et faire conna\u00eetre ses atouts \u00e0 un large public dans un beau cadre. Pour transposer cela dans un bref clip vid\u00e9o, de nombreuses pr\u00e9parations s\u2019imposaient. Il fallait des producteurs appropri\u00e9s, dont nous disposions d\u00e9j\u00e0 avec <a href=\"http:\/\/www.v12media-productions.ch\/\" target=\"_blank\" rel=\"noopener\">V12 Media Productions<\/a>, et en outre un v\u00e9hicule ad\u00e9quat et un cadre dans lequel le California pouvait \u00eatre pr\u00e9sent\u00e9 de fa\u00e7on id\u00e9ale. \u00c0 ce sujet, nous sommes plus que g\u00e2t\u00e9s en Suisse. Le producteur et moi-m\u00eame avons pris le temps d\u2019une journ\u00e9e d\u2019exploration pour trouver le meilleur endroit possible. Dans le cas id\u00e9al, il s\u2019agissait de prendre au moins un col et il est bien \u00e9videmment aussi important de montrer comment se restaurer et utiliser le California pour la nuit. Nous avons choisi de nous rendre en Engadine en passant par le col de la Fl\u00fcela, plus pr\u00e9cis\u00e9ment \u00e0 Silvaplana, au bord du lac du m\u00eame nom. L\u00e0-bas, il y a <a href=\"http:\/\/www.campingsilvaplana.ch\/?id=home&amp;L=0\" target=\"_blank\" rel=\"noopener\">un beau terrain de camping<\/a>, situ\u00e9 directement au lac, dot\u00e9 de l\u2019infrastructure n\u00e9cessaire et d\u2019un personnel tr\u00e8s accueillant et serviable. Il ne restait plus qu\u2019\u00e0 esp\u00e9rer une belle m\u00e9t\u00e9o de fin d\u2019automne pour le tournage. Les superbes couleurs automnales de la nature avaient pour mission de mettre le California en valeur. Pour le rep\u00e9rage des lieux, nous avons eu la chance d\u2019avoir une journ\u00e9e magique, le soleil brillait, le ciel \u00e9tait d\u2019un bleu presque kitsch et l\u2019air presque trop doux pour une journ\u00e9e de fin d\u2019automne.<\/p>\n<div id=\"attachment_1204\" style=\"width: 562px\" class=\"wp-caption alignnone\"><img decoding=\"async\" aria-describedby=\"caption-attachment-1204\" class=\"wp-multi-image wp-multi-image-1204 size-medium\" src=\"https:\/\/www.amag-group.ch\/blog\/wp-content\/uploads\/sites\/2\/2017\/01\/Silvaplaner-See-LS-552x414.jpg\" alt=\"silvaplaner-see-ls\" width=\"552\" height=\"414\" \/><p id=\"caption-attachment-1204\" class=\"wp-caption-text\">Le lac de Silvaplana par un magnifique temps automnal<\/p><\/div>\n<p>\u00c0 peine une semaine apr\u00e8s notre d\u00e9placement \u00e0 Silvaplana, nous avions trouv\u00e9 une date, le sc\u00e9nario \u00e9tait ficel\u00e9, une sympathique famille avec un chien \u00e9tait pr\u00eate, le v\u00e9hicule, le cam\u00e9raman et les autorisations indispensables: tout \u00e9tait organis\u00e9. Le coup d\u2019envoi pouvait \u00eatre donn\u00e9. Les pr\u00e9visions m\u00e9t\u00e9orologiques pour nos deux jours de tournage \u00e9taient malheureusement peu cl\u00e9mentes. Comme le temps ne se laisse pas influencer et qu\u2019une autre date de tournage avant l\u2019hiver n\u2019a pas pu \u00eatre trouv\u00e9e, nous avons d\u00e9cid\u00e9 de proc\u00e9der au tournage malgr\u00e9 tout.<\/p>\n<div id=\"attachment_1202\" style=\"width: 542px\" class=\"wp-caption alignnone\"><img decoding=\"async\" aria-describedby=\"caption-attachment-1202\" class=\"wp-multi-image wp-multi-image-1202 size-medium\" src=\"https:\/\/www.amag-group.ch\/blog\/wp-content\/uploads\/sites\/2\/2017\/01\/California-vorher_frei-532x414.jpg\" alt=\"california-vorher_frei\" width=\"532\" height=\"414\" \/><p id=\"caption-attachment-1202\" class=\"wp-caption-text\">\u00abNotre\u00bb California avant le d\u00e9but de la tourn\u00e9e<\/p><\/div>\n<p>T\u00f4t ce lundi matin l\u00e0, les protagonistes, le cam\u00e9raman et l\u2019\u00e9quipe de production se sont retrouv\u00e9s \u00e0 Maienfeld. Nous avons charg\u00e9 les bagages de la famille dans le California et install\u00e9 la cage \u00e0 chien dans le coffre \u00e0 bagages. L\u2019ambiance \u00e9tait tr\u00e8s bonne et apr\u00e8s un rapide caf\u00e9, l\u2019heure du d\u00e9part a sonn\u00e9. Il faisait d\u00e9j\u00e0 tr\u00e8s froid ici et j\u2019ai suppos\u00e9 qu\u2019il allait faire encore plus froid au lieu de notre destination.\u00a0 \u00c0 la hauteur de Klosters, les nuages semblaient se dissiper, mais le col de la Fl\u00fcela \u00e9tait d\u00e9j\u00e0 sous la neige. Les routes \u00e9taient toutefois d\u00e9gag\u00e9es et gr\u00e2ce \u00e0 la neige nous avions un d\u00e9cor fantastique. Le California a tranquillement grimp\u00e9 la route du col et est redescendu en serpentant jusqu\u2019\u00e0 Susch en Engadine.<\/p>\n<div id=\"attachment_1203\" style=\"width: 562px\" class=\"wp-caption alignnone\"><img decoding=\"async\" aria-describedby=\"caption-attachment-1203\" class=\"wp-multi-image wp-multi-image-1203 size-medium\" src=\"https:\/\/www.amag-group.ch\/blog\/wp-content\/uploads\/sites\/2\/2017\/01\/Fl\u00fcela-552x414.jpg\" alt=\"fluela\" width=\"552\" height=\"414\" \/><p id=\"caption-attachment-1203\" class=\"wp-caption-text\">Au col de la Fl\u00fcela<\/p><\/div>\n<p>Apr\u00e8s une courte halte interm\u00e9diaire dans la belle commune de Zuoz, nous avons atteint Silvaplana \u00e0 midi et avons pu y d\u00e9montrer comment un California se transformait\u00a0 en h\u00e9bergement confortable pour quatre personnes et un chien. Une fondue a \u00e9t\u00e9 pr\u00e9par\u00e9e sans probl\u00e8me dans le v\u00e9hicule et savour\u00e9e dehors au cr\u00e9puscule. Le soleil s\u2019est m\u00eame montr\u00e9 un peu le soir, mais il faisait quand m\u00eame\u00a0 bien froid en restant dehors tout le temps. Le thermom\u00e8tre affichait moins trois degr\u00e9s d\u00e8s le d\u00e9but de la soir\u00e9e.<\/p>\n<div id=\"attachment_1201\" style=\"width: 562px\" class=\"wp-caption alignnone\"><img decoding=\"async\" aria-describedby=\"caption-attachment-1201\" class=\"wp-multi-image wp-multi-image-1201 size-medium\" src=\"https:\/\/www.amag-group.ch\/blog\/wp-content\/uploads\/sites\/2\/2017\/01\/Abendstimmung-Silvaplana-552x414.jpg\" alt=\"abendstimmung-silvaplana\" width=\"552\" height=\"414\" \/><p id=\"caption-attachment-1201\" class=\"wp-caption-text\">Ambiance du soir au bord du lac de Silvaplana<\/p><\/div>\n<p>Notre famille de protagonistes a pass\u00e9 la nuit dans le California et n\u2019a pas d\u00fb geler gr\u00e2ce au chauffage auxiliaire et aux couvertures emport\u00e9es. J\u2019ai pass\u00e9 la nuit dans une pension de famille \u00e0 proximit\u00e9. Le lendemain matin, nous avons pr\u00e9sent\u00e9 le r\u00e9veil et le lev\u00e9 de la famille avec de repartir cette fois par le col du Julier et de retourner \u00e0 Maienfeld. Pendant le trajet \u00e0 bord du California, je n\u2019ai constat\u00e9 aucune diff\u00e9rence notoire par rapport \u00e0 un v\u00e9hicule de tourisme, mais je suis en plus enthousiasm\u00e9e par son concept d\u2019espace. On a du mal \u00e0 croire tout ce qui peut \u00eatre embarqu\u00e9 dans un espace aussi restreint. En m\u00eame temps, on ne circule pas au volant d\u2019un \u00e9norme, et sans doute peu maniable, camping-car et les routes \u00e9troites se traversent sans aucun souci avec le California. Le stationnement dans les petites places zurichoises est sans difficult\u00e9. Gr\u00e2ce au tournage, je suis devenue un fan du California et j\u2019envisage de me lancer cet \u00e9t\u00e9 dans une exp\u00e9dition un peu plus longue.<\/p>\n<p><strong>Regardez le r\u00e9sultat du tournage ici:<\/strong><\/p>\n<p><iframe src=\"https:\/\/www.youtube.com\/embed\/XXzf8cB7E10\" width=\"560\" height=\"315\" frameborder=\"0\" allowfullscreen=\"allowfullscreen\"><\/iframe><\/p>\n<p><a href=\"http:\/\/www.amag.ch\/amagch\/corp\/fr\/newsletter\/anmeldeformular_Blog.html\" target=\"_blank\" rel=\"noopener\"><span style=\"text-decoration: underline;\">Les actualit\u00e9s et le contexte de l\u2019univers automobile. <strong>Abonnez-vous d\u00e8s maintenant.<\/strong><\/span><\/a><\/p>\n","protected":false},"excerpt":{"rendered":"<p>\u00c0 la fin de l\u2019ann\u00e9e derni\u00e8re, j\u2019ai eu l\u2019occasion de d\u00e9couvrir le VW California en action. Depuis, je suis une grande fan du v\u00e9hicule bien que j\u2019ai \u00e0 vrai dire abandonn\u00e9 l\u2019id\u00e9e du camping depuis longtemps. Le VW California fait tellement plaisir. Je vous invite volontiers \u00e0 faire un petit tour avec lui.<\/p>\n","protected":false},"author":27,"featured_media":7571,"comment_status":"open","ping_status":"open","sticky":false,"template":"","format":"standard","meta":{"_acf_changed":false,"inline_featured_image":false,"footnotes":""},"categories":[8120],"tags":[],"class_list":["post-7998","post","type-post","status-publish","format-standard","has-post-thumbnail","hentry","category-voiture-et-technologie"],"acf":[],"_links":{"self":[{"href":"https:\/\/www.amag-group.ch\/blog\/fr\/wp-json\/wp\/v2\/posts\/7998","targetHints":{"allow":["GET"]}}],"collection":[{"href":"https:\/\/www.amag-group.ch\/blog\/fr\/wp-json\/wp\/v2\/posts"}],"about":[{"href":"https:\/\/www.amag-group.ch\/blog\/fr\/wp-json\/wp\/v2\/types\/post"}],"author":[{"embeddable":true,"href":"https:\/\/www.amag-group.ch\/blog\/fr\/wp-json\/wp\/v2\/users\/27"}],"replies":[{"embeddable":true,"href":"https:\/\/www.amag-group.ch\/blog\/fr\/wp-json\/wp\/v2\/comments?post=7998"}],"version-history":[{"count":0,"href":"https:\/\/www.amag-group.ch\/blog\/fr\/wp-json\/wp\/v2\/posts\/7998\/revisions"}],"wp:featuredmedia":[{"embeddable":true,"href":"https:\/\/www.amag-group.ch\/blog\/fr\/wp-json\/wp\/v2\/media\/7571"}],"wp:attachment":[{"href":"https:\/\/www.amag-group.ch\/blog\/fr\/wp-json\/wp\/v2\/media?parent=7998"}],"wp:term":[{"taxonomy":"category","embeddable":true,"href":"https:\/\/www.amag-group.ch\/blog\/fr\/wp-json\/wp\/v2\/categories?post=7998"},{"taxonomy":"post_tag","embeddable":true,"href":"https:\/\/www.amag-group.ch\/blog\/fr\/wp-json\/wp\/v2\/tags?post=7998"}],"curies":[{"name":"wp","href":"https:\/\/api.w.org\/{rel}","templated":true}]}}