{"id":7991,"date":"2015-08-31T17:56:58","date_gmt":"2015-08-31T15:56:58","guid":{"rendered":"http:\/\/www.amag-group.ch\/blog\/fr\/?p=719"},"modified":"2019-07-09T16:34:27","modified_gmt":"2019-07-09T14:34:27","slug":"sharoo-et-amag-proposent-ensemble-des-offres-de-mobilite","status":"publish","type":"post","link":"https:\/\/www.amag-group.ch\/blog\/fr\/sharoo-et-amag-proposent-ensemble-des-offres-de-mobilite\/","title":{"rendered":"sharoo et AMAG proposent ensemble des offres de mobilit\u00e9"},"content":{"rendered":"<h2><strong>\u00a0<\/strong><strong>sharoo<\/strong><\/h2>\n<p>sharoo a d\u00e9j\u00e0 \u00e9t\u00e9 developp\u00e9e en 2011 par la filiale m-way de la Migros. \u00c0 titre de soci\u00e9t\u00e9 anonyme ind\u00e9pendante depuis 2013, sharoo transf\u00e8re le principe du partage d\u00e9j\u00e0 \u00e9tabli dans la location de logement au niveau de la mobilit\u00e9 suisse. La jeune startup innovante accro\u00eet l&rsquo;utilisation des v\u00e9hicules appartenant aux particuliers et aux entreprises en les rendant accessibles \u00e0 chacun \u00e0 peu de frais. La solution est tr\u00e8s simple tant pour le loueur que pour le locataire. Toutes les \u00e9tapes &#8211; rechercher un v\u00e9hicule \u00e0 proximit\u00e9, le choisir, le r\u00e9server, le d\u00e9verrouiller et le verrouiller passent par le smartphone, via Bluetooth. La mise en main de la cl\u00e9 devient ainsi obsol\u00e8te. Tout cela devient possible gr\u00e2ce \u00e0 la sharoo Box que les loueurs potentiels peuvent se faire monter facilement chez un garagiste avant de participer \u00e0 la plate-forme. Le partenariat avec la soci\u00e9t\u00e9 d&rsquo;assurances suisse La Mobili\u00e8re apporte une vaste couverture d&rsquo;assurance et permet le partage sans souci du v\u00e9hicule concern\u00e9. Alors que le loueur optimise l&rsquo;utilisation de sa voiture et baisse ses co\u00fbts fixes, le locataire profite sur demande d&rsquo;une mobilit\u00e9 raisonnable, \u00e9cologique et \u00e0 peu de frais. sharoo compte actuellement 15000\u00a0utilisateurs et poursuit des objectifs de croissance ambitieux dans un march\u00e9 prometteur. Par le biais de sa filiale my-way, la Migros est actionnaire majoritaire et finance l&rsquo;entreprise pleine d&rsquo;avenir sharoo avec ses partenaires La Mobili\u00e8re, Mobility et d\u00e9sormais \u00e9galement AMAG.<\/p>\n<div id=\"attachment_723\" style=\"width: 543px\" class=\"wp-caption alignnone\"><img decoding=\"async\" aria-describedby=\"caption-attachment-723\" class=\"size-full wp-multi-image wp-multi-image-723\" src=\"https:\/\/www.amag-group.ch\/blog\/wp-content\/uploads\/sites\/2\/2015\/08\/sharoo_2.jpg\" alt=\"Image: sharoo SA\" width=\"533\" height=\"800\" \/><p id=\"caption-attachment-723\" class=\"wp-caption-text\">Image: sharoo SA<\/p><\/div>\n<h2><strong>AMAG, un fournisseur de mobilit\u00e9<\/strong><\/h2>\n<p>AMAG est un vaste fournisseur de mobilit\u00e9 tr\u00e8s bien positionn\u00e9 et aussi l&rsquo;entreprise automobile la plus grande de Suisse. AMAG ne se contente pas de vendre les v\u00e9hicules, elle en garantit \u00e9galement le bon fonctionnement en toute circonstance et permet aux gens de r\u00e9aliser leurs r\u00eaves de mobilit\u00e9 gr\u00e2ce \u00e0 sa propre entreprise de leasing et \u00e0 d&rsquo;autres prestations de services. Le client et ses besoins sont au centre de nos pr\u00e9occupations, toujours et partout. Les conducteurs et les clients d&rsquo;entreprise font confiance \u00e0 AMAG parce que notre excellent Service, qui s&rsquo;ajoute \u00e0 notre qualit\u00e9 et \u00e0 notre comp\u00e9tence professionnelle, savent les surprendre positivement. Les exigences des citoyens helv\u00e9tiques au niveau de la mobilit\u00e9 sont actuellement en pleine \u00e9volution. Poss\u00e9der son propre v\u00e9hicule n&rsquo;est plus l&rsquo;essentiel, acc\u00e9der sans difficult\u00e9 \u00e0 des prestations de mobilit\u00e9 diversifi\u00e9es suffit tout \u00e0 fait. AMAG a parfaitement identifi\u00e9 ces signes de la vie moderne. Afin de rester le leader du march\u00e9, il faut explorer de nouvelles voies. Une transformation est actuellement en cours: l&rsquo;entreprise commerciale se mue en fournisseur de mobilit\u00e9 complet.<\/p>\n<div id=\"attachment_722\" style=\"width: 1210px\" class=\"wp-caption alignnone\"><img decoding=\"async\" aria-describedby=\"caption-attachment-722\" class=\"size-full wp-multi-image wp-multi-image-722\" src=\"https:\/\/www.amag-group.ch\/blog\/wp-content\/uploads\/sites\/2\/2015\/08\/sharoo_1.jpg\" alt=\"Image: sharoo SA\" width=\"1200\" height=\"800\" \/><p id=\"caption-attachment-722\" class=\"wp-caption-text\">Image: sharoo SA<\/p><\/div>\n<p>AMAG est d\u00e8s aujourd&rsquo;hui engag\u00e9e dans diff\u00e9rents concepts de mobilit\u00e9. La licence Europcar pour la Suisse depuis 1996, la propri\u00e9t\u00e9 de diff\u00e9rents parkings dans plusieurs villes suisses, le Valetparking aux a\u00e9roports, le partenariat avec Mobility ainsi que la collaboration en exclusivit\u00e9 dans le projet de mobilit\u00e9 \u00abcatch-a-car\u00bb en font partie. Une autre \u00e9tape d&rsquo;AMAG pour devenir un fournisseur de mobilit\u00e9 est la participation de 10% \u00e0 sharoo SA au moyen d&rsquo;une augmentation de capital. Ceci est \u00e9galement dans l&rsquo;esprit de Volkswagen AG et une piste indiqu\u00e9e par son chef Monsieur Martin Winterkorn pour des activit\u00e9s commerciales futures lors d&rsquo;une conf\u00e9rence interne:<\/p>\n<blockquote>\n<p>Bouger au lieu de conserver, permettre la mobilit\u00e9 au lieu de n&rsquo;\u00eatre que constructeur de v\u00e9hicule.<\/p>\n<\/blockquote>\n<h2><strong>Potentiel de croissance<\/strong><\/h2>\n<p>4.25 millions de voitures de tourisme circulent sur les routes suisses. Elles sont immobilis\u00e9es en moyenne entre 23 et 24 heures. D&rsquo;apr\u00e8s une \u00e9tude de l&rsquo;entreprise de conseil Deloitte (\u00abSharing Economy: partage et gagne de l&rsquo;argent! O\u00f9 se situe la Suisse?\u00bb), le march\u00e9 suisse est pr\u00eat et int\u00e9ress\u00e9 par le principe du partage. Le plus grand potentiel de croissance est pronostiqu\u00e9 dans les domaines habitation et mobilit\u00e9. sharoo voit \u00e9galement les opportunit\u00e9s g\u00e9n\u00e9r\u00e9es par l&rsquo;\u00e9volution des exigences en termes de mobilit\u00e9. Carmen Spielmann, CEO de sharoo SA pr\u00e9cise: \u00absharoo a developp\u00e9 une technologie d&rsquo;avant-garde qui a parfaitement fait ses preuves pendant le phase de d\u00e9marrage. D&rsquo;excellents partenaires nous \u00e9paulent en outre. Nous sommes pr\u00eats \u00e0 devenir les \u00abAirbnb\u00bb de la mobilit\u00e9.\u00bb<br \/>\nChez AMAG, nous observons aussi l&rsquo;avenir avec optimisme: Nous nous r\u00e9jouissons beaucoup des opportunit\u00e9s vari\u00e9es et prometteuses de cette alliance extraordinaire de puissantes entreprises suisses.<\/p>\n<p>En Suisse, un potentiel \u00e9norme de v\u00e9hicules non utilis\u00e9s peut \u00eatre optimis\u00e9 en recourrant au partage. Sur cette base, de futures activit\u00e9s commerciales prosp\u00e8res dans le domaine de la mobilit\u00e9 nous attendent.<\/p>\n<h5>\u00a0<\/h5>\n<h5>L\u2019activit\u00e9 de Catch a Car a \u00e9t\u00e9 enti\u00e8rement int\u00e9gr\u00e9e \u00e0 l\u2019offre Mobility d\u00e9but 2019. Dans ce contexte, Mobility a rachet\u00e9 toutes les parts des partenaires du projet AMAG et Allianz Suisse. AMAG continuera \u00e0 \u00eatre fournisseur de v\u00e9hicules pour Mobility.<\/h5>\n<p>&nbsp;<\/p>\n<p><span style=\"text-decoration: underline;\"><strong><a href=\"http:\/\/www.amag.ch\/amagch\/corp\/fr\/newsletter\/anmeldeformular_Blog.html\" target=\"_blank\" rel=\"noopener\">Les actualit\u00e9s et le contexte de l\u2019univers automobile.<\/a><\/strong><a href=\"http:\/\/www.amag.ch\/amagch\/corp\/fr\/newsletter\/anmeldeformular_Blog.html\" target=\"_blank\" rel=\"noopener\"> Abonnez-vous d\u00e8s maintenant.<\/a><\/span><\/p>\n","protected":false},"excerpt":{"rendered":"<p>Les besoins et les exigences des personnes au niveau de la mobilit\u00e9 ne changent pas seulement en Suisse. De nos jours, tout un chacun ne souhaite plus poss\u00e9der un v\u00e9hicule, mais veut pouvoir en utiliser un quand il en a besoin. La tendance va vers des concepts de mobilit\u00e9 dont les plateformes comme Mobility (pionier et leader du march\u00e9) ou justement sharoo font partie. Outre les soci\u00e9t\u00e9s Migros, La Mobil\u00e8re et Mobility, AMAG participe d\u00e9sormais aussi \u00e0 sharoo. Moi, Bernhard Soltermann (Managing Director AMAG Import et membre du directoire du groupe), je deviens de plus membre du conseil d&rsquo;administration de sharoo SA.<\/p>\n","protected":false},"author":36,"featured_media":7070,"comment_status":"open","ping_status":"open","sticky":false,"template":"","format":"standard","meta":{"_acf_changed":false,"inline_featured_image":false,"footnotes":""},"categories":[9962],"tags":[],"class_list":["post-7991","post","type-post","status-publish","format-standard","has-post-thumbnail","hentry","category-solutions-du-futur"],"acf":[],"_links":{"self":[{"href":"https:\/\/www.amag-group.ch\/blog\/fr\/wp-json\/wp\/v2\/posts\/7991","targetHints":{"allow":["GET"]}}],"collection":[{"href":"https:\/\/www.amag-group.ch\/blog\/fr\/wp-json\/wp\/v2\/posts"}],"about":[{"href":"https:\/\/www.amag-group.ch\/blog\/fr\/wp-json\/wp\/v2\/types\/post"}],"author":[{"embeddable":true,"href":"https:\/\/www.amag-group.ch\/blog\/fr\/wp-json\/wp\/v2\/users\/36"}],"replies":[{"embeddable":true,"href":"https:\/\/www.amag-group.ch\/blog\/fr\/wp-json\/wp\/v2\/comments?post=7991"}],"version-history":[{"count":0,"href":"https:\/\/www.amag-group.ch\/blog\/fr\/wp-json\/wp\/v2\/posts\/7991\/revisions"}],"wp:featuredmedia":[{"embeddable":true,"href":"https:\/\/www.amag-group.ch\/blog\/fr\/wp-json\/wp\/v2\/media\/7070"}],"wp:attachment":[{"href":"https:\/\/www.amag-group.ch\/blog\/fr\/wp-json\/wp\/v2\/media?parent=7991"}],"wp:term":[{"taxonomy":"category","embeddable":true,"href":"https:\/\/www.amag-group.ch\/blog\/fr\/wp-json\/wp\/v2\/categories?post=7991"},{"taxonomy":"post_tag","embeddable":true,"href":"https:\/\/www.amag-group.ch\/blog\/fr\/wp-json\/wp\/v2\/tags?post=7991"}],"curies":[{"name":"wp","href":"https:\/\/api.w.org\/{rel}","templated":true}]}}