{"id":799,"date":"2015-11-25T10:00:49","date_gmt":"2015-11-25T08:00:49","guid":{"rendered":"http:\/\/www.amag-group.ch\/blog\/fr\/?p=799"},"modified":"2018-02-23T10:04:39","modified_gmt":"2018-02-23T10:04:39","slug":"merci-hansjorg","status":"publish","type":"post","link":"https:\/\/www.amag-group.ch\/blog\/fr\/merci-hansjorg\/","title":{"rendered":"MERCI Hansj\u00f6rg!"},"content":{"rendered":"<p>Les halles du lavage de finition au Centre logistique de v\u00e9hicules \u00e0 Lupfig n&rsquo;ont par contre pas toujours \u00e9t\u00e9 son lieu de travail. Pour Hansj\u00f6rg Werder tout a commenc\u00e9 \u00e0 Schinznach. Apr\u00e8s une ann\u00e9e d&rsquo;apprentissage de t\u00f4lier et le \u00aby en marre de l&rsquo;\u00e9cole professionnelle\u00bb, l&rsquo;habitant de Schinznach a pr\u00e9f\u00e9r\u00e9\u00a0 d\u00e9marrer enti\u00e8rement dans la vie professionnelle au lieu de continuer d&rsquo;aller \u00e0 l&rsquo;\u00e9cole. Ainsi, pour lui c&rsquo;\u00e9tait donc une \u00e9vidence de rechercher un emploi \u00e0 l&rsquo;ancienne \u00abASAG Automontage Schinznach AG\u00bb.<\/p>\n<p>\u00c0 propos: deux ans apr\u00e8s la fondation de la \u00abnouvelle AMAG\u00bb, Walter Haefner a fait construire les halles de production pour \u00abl&rsquo;Automontage Schinznach\u00bb sur l&rsquo;aire d\u00e9saffect\u00e9e d&rsquo;une ancienne fabrique de ciment. De 1949 \u00e0 1972, l&rsquo;assemblage final des v\u00e9hicules des marques Chrysler, Plymouth, De Soto, Standard, Standard, Studebaker, VW Karmann-Ghia et Dodge y a \u00e9t\u00e9 effectu\u00e9.<\/p>\n<div id=\"attachment_804\" style=\"width: 810px\" class=\"wp-caption alignnone\"><img decoding=\"async\" aria-describedby=\"caption-attachment-804\" class=\"size-full wp-multi-image wp-multi-image-804\" src=\"https:\/\/www.amag-group.ch\/blog\/wp-content\/uploads\/sites\/2\/2015\/11\/49_AMAG-Hauptgeb\u00e4ude_klein.jpg\" alt=\"Anciennes halles de finition \u00abAutomontage\u00bb, aujourd'hui le b\u00e2timent principal d'AMAG \u00e0 Schinznach-Bad\" width=\"800\" height=\"557\" \/><p id=\"caption-attachment-804\" class=\"wp-caption-text\">Anciennes halles de finition \u00abAutomontage\u00bb, aujourd&rsquo;hui le b\u00e2timent principal d&rsquo;AMAG \u00e0 Schinznach-Bad<\/p><\/div>\n<p>Plus tard, Hansj\u00f6rg Werder a rejoint le d\u00e9partement \u00abV\u00e9hicules des administrations\u00bb, une entit\u00e9 qui s&rsquo;occupait des fabrications sp\u00e9ciales ainsi que du nettoyage de finition des v\u00e9hicules de flotte des autorit\u00e9s ou des administrations publiques.<\/p>\n<div id=\"attachment_805\" style=\"width: 810px\" class=\"wp-caption alignnone\"><img decoding=\"async\" aria-describedby=\"caption-attachment-805\" class=\"size-full wp-multi-image wp-multi-image-805\" src=\"https:\/\/www.amag-group.ch\/blog\/wp-content\/uploads\/sites\/2\/2015\/11\/Beh\u00f6rdenfahrzeuge_klein.jpg\" alt=\"De g. \u00e0 d.: Monsieur Reto T\u00f6ndury (ancien attach\u00e9 de presse d'AMAG) et Adolf Ogi (ancien pr\u00e9sident de Swiss-Ski) lors de la mise en main d'un v\u00e9hicule\" width=\"800\" height=\"598\" \/><p id=\"caption-attachment-805\" class=\"wp-caption-text\">De g. \u00e0 d.: Monsieur Reto T\u00f6ndury (ancien attach\u00e9 de presse d&rsquo;AMAG) et Adolf Ogi (ancien pr\u00e9sident de Swiss-Ski) lors de la mise en main d&rsquo;un v\u00e9hicule<\/p><\/div>\n<p>\u00c0 l&rsquo;\u00e9poque d\u00e9j\u00e0, le travail devait \u00eatre pr\u00e9cis et rapide: les donneurs d&rsquo;ordre de la poste suisse p.ex., des forces arm\u00e9es ou des CFF se rendaient au service \u00abV\u00e9hicules des administrations\u00bb pour le contr\u00f4le final des nouveaux v\u00e9hicules de flotte et examinaient \u00e0 la loupe le travail de Hansj\u00f6rg Werder et de ses coll\u00e8gues.<\/p>\n<p>Hansj\u00f6rg Werder conna\u00eet \u00e9galement\u00a0 son poste de travail actuel au d\u00e9p\u00f4t central d\u2019AMAG\u00a0 depuis sa cr\u00e9ation: en 1992 certains collaborateurs du d\u00e9partement V\u00e9hicules des administrations ont emm\u00e9nag\u00e9 dans les nouveaux locaux de Birrfeld.<\/p>\n<p>D\u00e9sormais, ce n&rsquo;\u00e9taient plus seulement les v\u00e9hicules des administrations que Hansj\u00f6rg Werder et ses coll\u00e8gues mettaient en beaut\u00e9 et envoyaient\u00a0 vers les clients. V\u00e9hicules de sponsoring, de flottes ou de fonction: le panachage de v\u00e9hicules et les exigences qui y sont li\u00e9es augmentent la complexit\u00e9 du travail par rapport \u00e0 celui d&rsquo;autrefois. Et la pression a \u00e9galement beaucoup augment\u00e9 en raison de d\u00e9lais tr\u00e8s courts. \u00abIl faut toujours aller encore plus vite\u00bb, confirme H. Werder.<\/p>\n<div id=\"attachment_806\" style=\"width: 610px\" class=\"wp-caption alignnone\"><img decoding=\"async\" aria-describedby=\"caption-attachment-806\" class=\"size-full wp-multi-image wp-multi-image-806\" src=\"https:\/\/www.amag-group.ch\/blog\/wp-content\/uploads\/sites\/2\/2015\/11\/Werder_working.jpg\" alt=\"Hansj\u00f6rg Werder au travail\" width=\"600\" height=\"800\" \/><p id=\"caption-attachment-806\" class=\"wp-caption-text\">Hansj\u00f6rg Werder au travail<\/p><\/div>\n<p>Apr\u00e8s presque un demi-si\u00e8cle, l&rsquo;un des plus anciens collaborateurs d&rsquo;AMAG prendra sa retraite fin novembre et viendra travailler pour la derni\u00e8re fois chez AMAG apr\u00e8s\u00a0 49 ans pass\u00e9s au service de l&rsquo;entreprise. C&rsquo;est vrai qu&rsquo;il ressent un peu de peine \u00e0 quitter AMAG avoue Hansj\u00f6rg Werder, mais en m\u00eame temps il se r\u00e9jouit des journ\u00e9es plus tranquilles qui l&rsquo;attendent.<\/p>\n<p>Toute l&rsquo;\u00e9quipe CLV le remercie de son pr\u00e9cieux travail et sa fid\u00e9lit\u00e9:<\/p>\n<blockquote><p>Nos meilleurs v\u0153ux pour l&rsquo;avenir, cher Hansj\u00f6rg. Chapeau pour ton engagement extraordinaire pour AMAG.<\/p><\/blockquote>\n<p>En fin de compte, ce sont les personnes qui ont transform\u00e9 la vison de Walter Haefner au cours de toutes ces ann\u00e9es en une entreprise extr\u00eamement florissante. Il ne nous reste plus qu&rsquo;\u00e0 nous joindre \u00e0 ses coll\u00e8gues et dire: Merci Hansj\u00f6rg!<\/p>\n<p><span style=\"text-decoration: underline;\"><strong><a href=\"http:\/\/www.amag.ch\/amagch\/corp\/fr\/newsletter\/anmeldeformular_Blog.html\" target=\"_blank\" rel=\"noopener\">Les actualit\u00e9s et le contexte de l\u2019univers automobile.<\/a><\/strong><a href=\"http:\/\/www.amag.ch\/amagch\/corp\/fr\/newsletter\/anmeldeformular_Blog.html\" target=\"_blank\" rel=\"noopener\"> Abonnez-vous d\u00e8s maintenant.<\/a><\/span><\/p>\n","protected":false},"excerpt":{"rendered":"<p>L\u2019histoire d\u2019AMAG n\u2019est pas seulement celle d\u2019un succ\u00e8s \u00e9conomique, mais aussi celle des personnes qui ont accompagn\u00e9 l&rsquo;entreprise pendant de nombreuses ann\u00e9es. Hansj\u00f6rg Werder, collaborateur du CLV,  et l&rsquo;un de ceux qui en font pratiquement partie depuis le d\u00e9but.<\/p>\n","protected":false},"author":27,"featured_media":7130,"comment_status":"open","ping_status":"open","sticky":false,"template":"","format":"standard","meta":{"_acf_changed":false,"inline_featured_image":false,"footnotes":""},"categories":[1786],"tags":[],"class_list":["post-799","post","type-post","status-publish","format-standard","has-post-thumbnail","hentry","category-emplois-et-carriere"],"acf":[],"_links":{"self":[{"href":"https:\/\/www.amag-group.ch\/blog\/fr\/wp-json\/wp\/v2\/posts\/799","targetHints":{"allow":["GET"]}}],"collection":[{"href":"https:\/\/www.amag-group.ch\/blog\/fr\/wp-json\/wp\/v2\/posts"}],"about":[{"href":"https:\/\/www.amag-group.ch\/blog\/fr\/wp-json\/wp\/v2\/types\/post"}],"author":[{"embeddable":true,"href":"https:\/\/www.amag-group.ch\/blog\/fr\/wp-json\/wp\/v2\/users\/27"}],"replies":[{"embeddable":true,"href":"https:\/\/www.amag-group.ch\/blog\/fr\/wp-json\/wp\/v2\/comments?post=799"}],"version-history":[{"count":0,"href":"https:\/\/www.amag-group.ch\/blog\/fr\/wp-json\/wp\/v2\/posts\/799\/revisions"}],"wp:featuredmedia":[{"embeddable":true,"href":"https:\/\/www.amag-group.ch\/blog\/fr\/wp-json\/wp\/v2\/media\/7130"}],"wp:attachment":[{"href":"https:\/\/www.amag-group.ch\/blog\/fr\/wp-json\/wp\/v2\/media?parent=799"}],"wp:term":[{"taxonomy":"category","embeddable":true,"href":"https:\/\/www.amag-group.ch\/blog\/fr\/wp-json\/wp\/v2\/categories?post=799"},{"taxonomy":"post_tag","embeddable":true,"href":"https:\/\/www.amag-group.ch\/blog\/fr\/wp-json\/wp\/v2\/tags?post=799"}],"curies":[{"name":"wp","href":"https:\/\/api.w.org\/{rel}","templated":true}]}}