{"id":7987,"date":"2015-05-04T15:52:18","date_gmt":"2015-05-04T13:52:18","guid":{"rendered":"http:\/\/www.amag-group.ch\/blog\/fr\/?p=484"},"modified":"2018-02-23T10:04:49","modified_gmt":"2018-02-23T10:04:49","slug":"interview-mes-cent-premiers-jours-chez-amag","status":"publish","type":"post","link":"https:\/\/www.amag-group.ch\/blog\/fr\/interview-mes-cent-premiers-jours-chez-amag\/","title":{"rendered":"Interview: Mes cent premiers jours chez AMAG"},"content":{"rendered":"<p><strong>Quand as-tu commenc\u00e9 ta formation et quelle fili\u00e8re suis-tu?<\/strong><\/p>\n<p>Anna Tschudin: J\u2019ai commenc\u00e9 mon apprentissage de m\u00e9catronicien automobile le 1er ao\u00fbt 2014. En parall\u00e8le, j\u2019effectue une maturit\u00e9 commerciale.<\/p>\n<p><strong>Quels ont \u00e9t\u00e9 les facteurs qui t\u2019ont incit\u00e9e \u00e0 suivre la formation chez AMAG?<\/strong><\/p>\n<p>En consultant le site Internet d\u2019AMAG, j\u2019ai eu d\u2019embl\u00e9e une bonne impression. En outre, l\u2019entreprise jouit d\u2019une notori\u00e9t\u00e9 certaine et dispose d\u2019un vaste r\u00e9seau de concessionnaires. Le stage \u00abd\u00e9couverte\u00bb m\u2019a ensuite enti\u00e8rement convaincue. L\u2019entreprise est tr\u00e8s appr\u00e9ci\u00e9e de la population et connue pour l\u2019excellence de sa qualit\u00e9.<\/p>\n<p><img decoding=\"async\" class=\"wp-multi-image wp-multi-image-487 size-full\" src=\"https:\/\/www.amag-group.ch\/blog\/wp-content\/uploads\/sites\/2\/2015\/05\/Anna-Tschudin_11_klein.jpg\" alt=\"Anna Tschudin_11_klein\" width=\"800\" height=\"798\" \/><\/p>\n<p><strong>Les cent premiers jours sont termin\u00e9s. Comment les as-tu v\u00e9cus?<\/strong><\/p>\n<p>Chaque jour \u00e9tait tr\u00e8s diff\u00e9rent. Ce que j\u2019ai particuli\u00e8rement\u00a0 appr\u00e9ci\u00e9 au d\u00e9but est que j\u2019ai \u00e9t\u00e9 tr\u00e8s vite int\u00e9gr\u00e9e \u00e0 l\u2019\u00e9quipe. L\u2019int\u00e9gration, qui a \u00e9t\u00e9 vraiment facile, m\u2019a permis de profi ter de l\u2019exp\u00e9rience des membres de l\u2019\u00e9quipe et d\u2019acqu\u00e9rir de nouvelles connaissances. Si je pouvais r\u00e9sumer cette p\u00e9riode en trois mots, je dirais simplement: \u00e9prouvante, instructive et amusante.<\/p>\n<p><strong>Quels sont les aspects que tu appr\u00e9cies particuli\u00e8rement chez AMAG?<\/strong><\/p>\n<p>En g\u00e9n\u00e9ral, j\u2019appr\u00e9cie la bonne ambiance. Les relations avec les coll\u00e8gues sont d\u00e9tendues, ce qui rend le travail tr\u00e8s agr\u00e9able. Bien \u00e9videmment, nous devons remplir les exigences pos\u00e9es, mais s\u2019il r\u00e8gne une bonne entente et un esprit de collaboration entre les membres de l\u2019\u00e9quipe, on peut y parvenir.<\/p>\n<p><strong>Qu\u2019appr\u00e9cies-tu particuli\u00e8rement dans ta profession?<\/strong><\/p>\n<p>Ce n\u2019est jamais monotone, il se passe toujours quelque chose. Les activit\u00e9s sont tr\u00e8s int\u00e9ressantes et vari\u00e9es. J\u2019appr\u00e9cie aussi le fait que ma formation soit exigeante et n\u00e9cessite un engagement soutenu. Ma capacit\u00e9 \u00e0 relever les d\u00e9fis qui me sont pos\u00e9s me procure une \u00e9norme satisfaction. Par ailleurs, je suis contente d\u2019\u00eatre constamment en mouvement et de ne pas devoir rester toute la journ\u00e9e assise.<\/p>\n<p><strong>Dans tes conversations avec d\u2019autres apprentis parmi tes amis: en quoi AMAG diff\u00e8re-t-elle des autres entreprises?\u00a0<\/strong><strong>Quelles sont ses sp\u00e9cificit\u00e9s?<\/strong><\/p>\n<p>De toute \u00e9vidence, sa taille, on le remarque rapidement. Les garages sont parfaitement am\u00e9nag\u00e9s et \u00e9quip\u00e9s, on y trouve tout ce dont on a besoin. M\u00eame l\u2019organisation est exceptionnelle. En raison de la taille de l\u2019entreprise, le contact avec le client est plut\u00f4t limit\u00e9. AMAG fait preuve de bienveillance envers ses collaborateurs. J\u2019entends souvent mes camarades de classe se plaindre des heures suppl\u00e9mentaires qu\u2019ils ont d\u00e9j\u00e0 d\u00fb effectuer, alors que je dois rarement rester plus longtemps au travail. Bien entendu, il y a parfois des situations non programm\u00e9es qui m\u2019am\u00e8nent \u00e0 travailler une heure de plus. Toutefois, les journ\u00e9es sont en principe organis\u00e9es de telle sorte que les travaux puissent \u00eatre ex\u00e9cut\u00e9s pendant les heures de travail normales. Et les t\u00e2ches \u00e0 effectuer sont int\u00e9ressantes et vari\u00e9es. Nettoyer des voitures pendant une semaine enti\u00e8re ne fait pas partie de mes obligations.<\/p>\n<p><strong>Comment peux-tu t\u2019investir dans l\u2019entreprise?<\/strong><\/p>\n<p>Il existe plusieurs moyens: en maintenant l\u2019ordre dans l\u2019entreprise, en proposant mon aide et en stimulant les autres collaborateurs gr\u00e2ce \u00e0 ma bonne humeur. J\u2019ai aussi le droit de proposer des am\u00e9liorations, qui sont prises en compte.<\/p>\n<p><strong>Qu\u2019est-ce que tu appr\u00e9cies le plus dans ton travail quotidien?<\/strong><\/p>\n<p>J\u2019appr\u00e9cie autant la routine que la diversit\u00e9 des activit\u00e9s qu\u2019offre mon travail. J\u2019ai toujours la possibilit\u00e9 d\u2019enrichir mes connaissances. Ce que j\u2019aime particuli\u00e8rement, c\u2019est r\u00e9soudre des probl\u00e8mes complexes avec le m\u00e9canicien. J\u2019admets que les travaux qui sortent de l\u2019ordinaire me procurent le plus de plaisir. Mais les t\u00e2ches plus faciles que j\u2019ai le droit d\u2019effectuer moi-m\u00eame sont aussi chouettes. Je peux ainsi travailler de mani\u00e8re autonome et j\u2019appr\u00e9cie \u00e9norm\u00e9ment que l\u2019on me fasse confiance.<\/p>\n<p><strong>Qu\u2019est-ce que tu appr\u00e9cies chez tes coll\u00e8gues?<\/strong><\/p>\n<p>Ils sont serviables et formulent des critiques constructives et honn\u00eates. En m\u00eame temps, ils sont gentils, avenants et de bonne humeur. Il est tr\u00e8s facile de bien s\u2019entendre avec eux. Apprendre un m\u00e9tier typiquement masculin pour une jeune femme comme moi n\u2019est donc pas un probl\u00e8me.<\/p>\n<p><strong>Quelle a \u00e9t\u00e9 ta plus belle exp\u00e9rience jusqu\u2019\u00e0 pr\u00e9sent?<\/strong><\/p>\n<p>Quand j\u2019ai r\u00e9ussi la p\u00e9riode d\u2019essai. Autrement, je ne peux pas citer un \u00e9v\u00e9nement particulier, \u00e9tant donn\u00e9 que je vis des exp\u00e9riences formidables presque tous les jours.<\/p>\n<p><strong>En quoi consiste l\u2019orientation clients pour toi?<\/strong><\/p>\n<p>Lorsque je fais un travail pour un client auquel il ne s&rsquo;attendait pas forc\u00e9ment. Par exemple, je r\u00e9glais tous les affichages \u00e0 l&rsquo;heure d&rsquo;hiver dans le v\u00e9hicule et lorsqu&rsquo;on avait des roues \u00e0 monter, je nettoyais syst\u00e9matiquement les jantes.<\/p>\n<p><strong>Quel est ton objectif personnel pour l\u2019avenir?<\/strong><\/p>\n<p>Dans un premier temps, j\u2019ai l\u2019intention de terminer ma formation puis de travailler comme m\u00e9catronicienne et de me perfectionner. Plus tard, j\u2019aimerais prendre le temps de partir \u00e0 la d\u00e9couverte du monde. Mis \u00e0 part tous ces objectifs, ma priorit\u00e9 est de vivre ma vie et d\u2019\u00eatre heureuse.<\/p>\n<p><strong>Merci pour cet entretien!<\/strong><\/p>\n<div id=\"attachment_488\" style=\"width: 810px\" class=\"wp-caption alignnone\"><img decoding=\"async\" aria-describedby=\"caption-attachment-488\" class=\"wp-multi-image wp-multi-image-488 size-full\" src=\"https:\/\/www.amag-group.ch\/blog\/wp-content\/uploads\/sites\/2\/2015\/05\/Anna-Tschudin_22-klein.jpg\" alt=\"Anna Tschudin_22-klein\" width=\"800\" height=\"719\" \/><p id=\"caption-attachment-488\" class=\"wp-caption-text\">Anna Tschudin apprentie m\u00e9catronicienne automobile<\/p><\/div>\n<p>&nbsp;<\/p>\n<p><a href=\"http:\/\/www.amag.ch\/amagch\/corp\/fr\/newsletter\/anmeldeformular.html\">Les actualit\u00e9s et le contexte de l\u2019univers automobile. <span style=\"text-decoration: underline;\"><strong>Abonnez-vous d\u00e8s maintenant.<\/strong><\/span><\/a><\/p>\n<p>&nbsp;<\/p>\n<p>&nbsp;<\/p>\n","protected":false},"excerpt":{"rendered":"<p>Apr\u00e8s avoir entendu les t\u00e9moignages de Silvan Breuer et de Juri Borg \u00e0 propos de leur apprentissage en tant que carrossier-t\u00f4lier\/peintre, Anna Tschudin retrace dans l&rsquo;interview les exp\u00e9riences qu&rsquo;elles a eues comme apprentie m\u00e9catronicienne automobile. Bien que ce m\u00e9tier soit passionnant, la rel\u00e8ve est difficile, notamment parce que l&rsquo;orientation professionnelle et pratique qu&rsquo;avait la formation \u00e0 ce m\u00e9tier diminue de plus en plus et \u00e0 cause du manque d&rsquo;attrait des formations manuelles aupr\u00e8s des jeunes.<\/p>\n","protected":false},"author":27,"featured_media":6761,"comment_status":"open","ping_status":"open","sticky":false,"template":"","format":"standard","meta":{"_acf_changed":false,"inline_featured_image":false,"footnotes":""},"categories":[9827],"tags":[],"class_list":["post-7987","post","type-post","status-publish","format-standard","has-post-thumbnail","hentry","category-next-generation-fr"],"acf":[],"_links":{"self":[{"href":"https:\/\/www.amag-group.ch\/blog\/fr\/wp-json\/wp\/v2\/posts\/7987","targetHints":{"allow":["GET"]}}],"collection":[{"href":"https:\/\/www.amag-group.ch\/blog\/fr\/wp-json\/wp\/v2\/posts"}],"about":[{"href":"https:\/\/www.amag-group.ch\/blog\/fr\/wp-json\/wp\/v2\/types\/post"}],"author":[{"embeddable":true,"href":"https:\/\/www.amag-group.ch\/blog\/fr\/wp-json\/wp\/v2\/users\/27"}],"replies":[{"embeddable":true,"href":"https:\/\/www.amag-group.ch\/blog\/fr\/wp-json\/wp\/v2\/comments?post=7987"}],"version-history":[{"count":0,"href":"https:\/\/www.amag-group.ch\/blog\/fr\/wp-json\/wp\/v2\/posts\/7987\/revisions"}],"wp:featuredmedia":[{"embeddable":true,"href":"https:\/\/www.amag-group.ch\/blog\/fr\/wp-json\/wp\/v2\/media\/6761"}],"wp:attachment":[{"href":"https:\/\/www.amag-group.ch\/blog\/fr\/wp-json\/wp\/v2\/media?parent=7987"}],"wp:term":[{"taxonomy":"category","embeddable":true,"href":"https:\/\/www.amag-group.ch\/blog\/fr\/wp-json\/wp\/v2\/categories?post=7987"},{"taxonomy":"post_tag","embeddable":true,"href":"https:\/\/www.amag-group.ch\/blog\/fr\/wp-json\/wp\/v2\/tags?post=7987"}],"curies":[{"name":"wp","href":"https:\/\/api.w.org\/{rel}","templated":true}]}}