{"id":591,"date":"2015-06-19T14:06:01","date_gmt":"2015-06-19T12:06:01","guid":{"rendered":"http:\/\/www.amag-group.ch\/blog\/fr\/?p=591"},"modified":"2018-02-23T10:04:45","modified_gmt":"2018-02-23T10:04:45","slug":"gros-plan-sur-nos-collaborateurs-marc-gugelmann","status":"publish","type":"post","link":"https:\/\/www.amag-group.ch\/blog\/fr\/gros-plan-sur-nos-collaborateurs-marc-gugelmann\/","title":{"rendered":"Gros-plan sur nos collaborateurs: Marc Gugelmann"},"content":{"rendered":"<p><strong>Quels sont les deux conseils que tu donnerais \u00e0 ton \u00abMoi\u00bb \u00e0 l&rsquo;\u00e2ge de 14 ans?<\/strong><\/p>\n<p>Tout d&rsquo;abord, de ne pas me casser la t\u00eate \u00e0 chaque petite faute. Aujourd&rsquo;hui, je sais que chacun d&rsquo;entre nous fait des fautes et que \u00e7a fait partie de la vie. J&rsquo;ai appris \u00e0 \u00eatre plus d\u00e9tendu et \u00e0 savoir tourner la page. Pendant mon apprentissage, je n&rsquo;\u00e9tais pas encore comme \u00e7a. En outre, je consacrerais plus de temps \u00e0 l&rsquo;apprentissage des langues \u00e9trang\u00e8res pendant la scolarit\u00e9, en particulier \u00e0 l&rsquo;anglais. En voyage, ma\u00eetriser l&rsquo;anglais repr\u00e9sente un gros avantage.<\/p>\n<p><strong>Que fait un diagnosticien d&rsquo;automobile?<\/strong><\/p>\n<p>Je m&rsquo;occupe de tous les probl\u00e8mes des voitures. Le m\u00e9tier de diagnosticien d&rsquo; automobile est tr\u00e8s vaste et tr\u00e8s diversifi\u00e9.\u00a0 Le travail va du changement de roue jusqu&rsquo;\u00e0 l&rsquo;entretien en passant par le diagnostic. Ma t\u00e2che principale est toutefois de rechercher les d\u00e9fauts et de veiller \u00e0 ce que la voiture fonctionne de nouveau parfaitement quand elle quitte notre garage. D\u00e9monter et remonter le moteur et la bo\u00eete de vitesses en font \u00e9galement partie. Je participe de plus \u00e0 la formation des apprentis. Je les pr\u00e9pare le mieux possible \u00e0 l&rsquo;examen de fin d&rsquo;apprentissage \u00e0 l&rsquo;aide de cours li\u00e9s aux sujets importants. Nous faisons \u00e9galement un examen blanc au garage pour plonger les apprenants dans l&rsquo;atmosph\u00e8re de la situation d&rsquo;examen pratique et, si nous d\u00e9couvrons un point faible, nous y allons de tout notre savoir et de nos exp\u00e9riences pour les aider.<\/p>\n<div id=\"attachment_595\" style=\"width: 810px\" class=\"wp-caption alignnone\"><img decoding=\"async\" aria-describedby=\"caption-attachment-595\" class=\"size-full wp-multi-image wp-multi-image-595\" src=\"https:\/\/www.amag-group.ch\/blog\/wp-content\/uploads\/sites\/2\/2015\/06\/IMG_5827.jpg\" alt=\"Marc Gugelmann, diagnosticien d'automobile.\" width=\"800\" height=\"475\" \/><p id=\"caption-attachment-595\" class=\"wp-caption-text\">Marc Gugelmann, diagnosticien d&rsquo;automobile.<\/p><\/div>\n<p><strong>Qu&rsquo;est-ce qui te pla\u00eet le plus dans ton travail?<\/strong><\/p>\n<p>La grande vari\u00e9t\u00e9 que comprend mon activit\u00e9. Je suis sans cesse confront\u00e9 \u00e0 de nouveaux probl\u00e8mes que j&rsquo;essaie de r\u00e9soudre. Si j&rsquo;y parviens en un laps de temps convenable, je me sens bien et je suis fier de moi. L&rsquo;id\u00e9e de rendre un client heureux me fait \u00e9galement plaisir.\u00a0 Et bien entendu, la collaboration avec les coll\u00e8gues de mon \u00e9quipe et les apprentis me pla\u00eet aussi. Nous avons ici une bonne ambiance d\u00e9contract\u00e9e.<\/p>\n<p><strong>Parle-nous de ta carri\u00e8re jusqu&rsquo;ici. <\/strong><\/p>\n<p>Apr\u00e8s l&rsquo;\u00e9cole, j&rsquo;ai commenc\u00e9 un apprentissage de m\u00e9catronicien automobile chez Audi\/\u0160KODA au garage AMAG \u00e0 Schinznach-Bad. Apr\u00e8s mon examen en 2011, mon sup\u00e9rieur hi\u00e9rarchique m&rsquo;a offert l&rsquo;opportunit\u00e9 de suivre la formation de diagnosticien d&rsquo;automobile parall\u00e8lement \u00e0 mon travail. Cette formation est entre-temps termin\u00e9e avec succ\u00e8s.\u00a0 Au d\u00e9but de cette ann\u00e9e, je me suis offert une pause de trois mois en Australie pour perfectionner mes connaissances linguistiques et d\u00e9couvrir ce continent. Me voil\u00e0 revenu au travail quotidien et je pr\u00e9vois la prochaine formation: celle de gestionnaire d&rsquo;entreprise dipl\u00f4m\u00e9 dans le secteur automobile.<\/p>\n<p><strong>Que dirais-tu sur AMAG \u00e0 ton meilleur ami?<\/strong><br \/>\nJ&rsquo;ai b\u00e9n\u00e9fici\u00e9 d&rsquo;une excellente formation chez AMAG. Elle \u00e9tait d&rsquo;un tr\u00e8s haut niveau et on soutient beaucoup les apprentis. J&rsquo;ai toujours \u00e9t\u00e9 tr\u00e8s bien trait\u00e9 et on m&rsquo;a sans cesse donn\u00e9 la possibilit\u00e9 de m&rsquo;am\u00e9liorer. Quand on fait preuve d&rsquo;engagement, on est encourag\u00e9 et on peut aussi prendre des vacances non pay\u00e9es ou r\u00e9duire son temps de travail pour suivre une formation continue. AMAG est un employeur fiable qui investit continuellement dans l&rsquo;infrastructure pour que nous puissions travailler dans les meilleures conditions possibles.<\/p>\n<p><strong>Que fais-tu quand tu ne travailles pas?<\/strong><\/p>\n<p>J&rsquo;aime bien retrouv\u00e9 mes copains pendant mes loisirs. Je conduis aussi une moto depuis peu. Je vais r\u00e9guli\u00e8rement dans un centre de fitness pour me lib\u00e9rer la t\u00eate. En fait, il n&rsquo;y a pratiquement pas de moments o\u00f9 je ne fais rien.<\/p>\n<p><strong>Ce que j&rsquo;aimerais encore dire<\/strong><\/p>\n<p>Pendant mon s\u00e9jour \u00e0 l&rsquo;\u00e9tranger, j&rsquo;ai pris conscience que nous devrions mieux profiter de notre vie. En Suisse, nous vivons souvent pour travailler et pas pour vivre. C&rsquo;est bien dommage, la vie est faite pour vivre, pas seulement pour travailler. J&rsquo;appr\u00e9cie n\u00e9anmoins le niveau de vie \u00e9lev\u00e9 que nous avons en Suisse ainsi que le fait de pouvoir exercer la profession souhait\u00e9e \u00e0 condition de faire preuve de l&rsquo;engagement n\u00e9cessaire.<\/p>\n<div id=\"attachment_594\" style=\"width: 809px\" class=\"wp-caption alignnone\"><img decoding=\"async\" aria-describedby=\"caption-attachment-594\" class=\"size-full wp-multi-image wp-multi-image-594\" src=\"https:\/\/www.amag-group.ch\/blog\/wp-content\/uploads\/sites\/2\/2015\/06\/IMG_5821.jpg\" alt=\"Marc Gugelmann avec un apprenti.\" width=\"799\" height=\"468\" \/><p id=\"caption-attachment-594\" class=\"wp-caption-text\">Marc Gugelmann avec un apprenti.<\/p><\/div>\n<p>&nbsp;<\/p>\n<p><a href=\"http:\/\/www.amag.ch\/amagch\/corp\/fr\/newsletter\/anmeldeformular.html\">Les actualit\u00e9s et le contexte de l\u2019univers automobile. <span style=\"text-decoration: underline;\"><strong>Abonnez-vous d\u00e8s maintenant.<\/strong><\/span><\/a><\/p>\n","protected":false},"excerpt":{"rendered":"<p>Notre interview d&rsquo;aujourd&rsquo;hui: Marc Gugelmann, diagnosticien d&rsquo;automobile. Ce jeune collaborateur plein de joie de vivre identifie chaque jour les d\u00e9rangements qui surviennent sur les v\u00e9hicules de tourisme et s&rsquo;occupe en plus des apprenants. Dans l&rsquo;interview, il raconte les formations et les cours de perfectionnement qu&rsquo;il a d\u00e9j\u00e0 suivi dans sa courte carri\u00e8re ainsi que ce qui lui pla\u00eet le mieux dans sa profession. <\/p>\n","protected":false},"author":27,"featured_media":6959,"comment_status":"closed","ping_status":"open","sticky":false,"template":"","format":"standard","meta":{"_acf_changed":false,"inline_featured_image":false,"footnotes":""},"categories":[1786],"tags":[],"class_list":["post-591","post","type-post","status-publish","format-standard","has-post-thumbnail","hentry","category-emplois-et-carriere"],"acf":[],"_links":{"self":[{"href":"https:\/\/www.amag-group.ch\/blog\/fr\/wp-json\/wp\/v2\/posts\/591","targetHints":{"allow":["GET"]}}],"collection":[{"href":"https:\/\/www.amag-group.ch\/blog\/fr\/wp-json\/wp\/v2\/posts"}],"about":[{"href":"https:\/\/www.amag-group.ch\/blog\/fr\/wp-json\/wp\/v2\/types\/post"}],"author":[{"embeddable":true,"href":"https:\/\/www.amag-group.ch\/blog\/fr\/wp-json\/wp\/v2\/users\/27"}],"replies":[{"embeddable":true,"href":"https:\/\/www.amag-group.ch\/blog\/fr\/wp-json\/wp\/v2\/comments?post=591"}],"version-history":[{"count":0,"href":"https:\/\/www.amag-group.ch\/blog\/fr\/wp-json\/wp\/v2\/posts\/591\/revisions"}],"wp:featuredmedia":[{"embeddable":true,"href":"https:\/\/www.amag-group.ch\/blog\/fr\/wp-json\/wp\/v2\/media\/6959"}],"wp:attachment":[{"href":"https:\/\/www.amag-group.ch\/blog\/fr\/wp-json\/wp\/v2\/media?parent=591"}],"wp:term":[{"taxonomy":"category","embeddable":true,"href":"https:\/\/www.amag-group.ch\/blog\/fr\/wp-json\/wp\/v2\/categories?post=591"},{"taxonomy":"post_tag","embeddable":true,"href":"https:\/\/www.amag-group.ch\/blog\/fr\/wp-json\/wp\/v2\/tags?post=591"}],"curies":[{"name":"wp","href":"https:\/\/api.w.org\/{rel}","templated":true}]}}