{"id":521,"date":"2015-05-29T09:59:07","date_gmt":"2015-05-29T07:59:07","guid":{"rendered":"http:\/\/www.amag-group.ch\/blog\/fr\/?p=521"},"modified":"2018-02-23T10:04:48","modified_gmt":"2018-02-23T10:04:48","slug":"amag-formation-pour-futurs-champions-du-monde","status":"publish","type":"post","link":"https:\/\/www.amag-group.ch\/blog\/fr\/amag-formation-pour-futurs-champions-du-monde\/","title":{"rendered":"AMAG: formation pour futurs champions du monde?"},"content":{"rendered":"<p>Alors que Jean Trotti a d\u00e9j\u00e0 remport\u00e9 les SwissSkills et le championnat international \u00e0 Bozen, Fabian Britt quant \u00e0 lui, avance en terrain inconnu en participant aux WorldSkills. Les deux talentueux jeunes nous expliquent dans l&rsquo;interview ce qui est n\u00e9cessaire si on souhaite devenir champion du monde.<\/p>\n<p><iframe src=\"https:\/\/www.youtube.com\/embed\/LBANCILOWb0\" width=\"560\" height=\"315\" frameborder=\"0\" allowfullscreen=\"allowfullscreen\"><\/iframe><\/p>\n<p><strong>Quelle formation avez-vous suivi et depuis quand l&rsquo;avez-vous termin\u00e9e?<\/strong><\/p>\n<p>Jean Trotti: Je suis une formation de m\u00e9catronicien sur camion et effectue actuellement ma quatri\u00e8me ann\u00e9e. Je n&rsquo;ai donc pas encore termin\u00e9.<\/p>\n<p>Fabian Britt: J&rsquo;ai termin\u00e9 ma formation de m\u00e9catronicien automobile en 2013.<\/p>\n<p><strong>O\u00f9 travaillez-vous actuellement?<\/strong><\/p>\n<p>Jean Trotti: Je travaille au garage Collier au Mouret avec les marques Scania, Iveco et FIAT. Je suis apprenti \u00e0 plein temps.<\/p>\n<p>Fabian Britt: Je travaille comme m\u00e9catronicien automobile \u00e0 plein temps au garage Heidegger \u00e0 Triesen, dans la Principaut\u00e9 de Liechtenstein.<\/p>\n<p><strong>Comment en \u00eates-vous arriv\u00e9 \u00e0 participer au Championnat suisse des m\u00e9tiers SwissSkills et maintenant au Championnat du monde des m\u00e9tiers WorldSkills?<\/strong><\/p>\n<p>Jean Trotti: Mon charg\u00e9 de formation aux cours pratiques m&rsquo;a tout d&rsquo;abord s\u00e9lectionn\u00e9 pour les SwissSkills, car il \u00e9tait \u00e0 la recherche de cinq candidats jeunes et motiv\u00e9s. Nous avons ensuite particip\u00e9 aux qualifications. Pass\u00e9 cette \u00e9tape, il s&rsquo;agissait de concourir aux championnats suisses. J&rsquo;ai d\u00e9croch\u00e9 la premi\u00e8re place, ce qui m&rsquo;a ouvert les portes du championnat international \u00e0 Bolzano, auquel cinq autres pays ont aussi particip\u00e9. J&rsquo;ai d\u00fb y affronter les deuxi\u00e8me et troisi\u00e8me du classement suisse pour me frayer un chemin vers les championnats du monde.<\/p>\n<p><strong>Dans quel domaine avez-vous pu exercer votre art \u00e0 son plus haut degr\u00e9\/tirer au mieux partie de vos capacit\u00e9s et de votre savoir-faire?<\/strong><\/p>\n<p>Jean Trotti: Le fait que les camions soient ma passion m&rsquo;a beaucoup apport\u00e9 pour les championnats suisses. On apprend beaucoup dans ce domaine, car on doit souvent se d\u00e9brouiller dans des situations impr\u00e9vues et se confronter \u00e0 diff\u00e9rents syst\u00e8mes. Cela m&rsquo;a sans doute aid\u00e9 pour les impond\u00e9rables rencontr\u00e9s aux SwissSkills.<\/p>\n<p><strong>Quelle importance des \u00e9v\u00e8nements comme SwissSkills et WorldSkills ont-ils dans votre branche d\u2019activit\u00e9?<\/strong><\/p>\n<p>Jean Trotti:\u00a0Les manifestations comme les SwissSkills, voire les WorldSkills, sont comme une carte de visite pour la formation professionnelle par alternance. Les bons r\u00e9sultats prouvent l&rsquo;excellent niveau de la formation. Les charg\u00e9s de formation donnent le meilleur d&rsquo;eux-m\u00eames, et il s&rsquo;agit \u00e9galement d&rsquo;une confirmation pour eux lorsque nous atteignons de si bons r\u00e9sultats au niveau international.<\/p>\n<p><strong>Quelle importance a pour vous la possibilit\u00e9 de suivre une formation chez AMAG?<\/strong><\/p>\n<p>Fabian Britt: La possibilit\u00e9 de pouvoir s&rsquo;entra\u00eener chez AMAG repr\u00e9sente une v\u00e9ritable opportunit\u00e9 pour nous. Nous avons d\u00e9couvert, sur quatre jours, tous les types de v\u00e9hicules et bo\u00eetes de vitesses auxquels nous serons confront\u00e9s aux WorldSkills. L&rsquo;organisation est impeccable, les collaborateurs sont serviables, et nous sommes heureux d&rsquo;\u00eatre ici.<\/p>\n<p>Jean Trotti: Pour nous, c&rsquo;\u00e9tait super. Nous avons d&rsquo;une part pu nous entra\u00eener sur un v\u00e9hicule sur lequel nous devrons travailler lors des championnats du monde et avons eu, d&rsquo;autre part, la possibilit\u00e9 de nous essayer \u00e0 la bo\u00eete de vitesses d&rsquo;un autre mod\u00e8le. Et le fait d&rsquo;avoir pu nous entra\u00eener pendant une semaine enti\u00e8re \u00e9tait super, cela nous a vraiment fait progresser!<\/p>\n<p><strong>Vous vous pr\u00e9sentez en individuel, mais vous vous pr\u00e9parez en \u00e9quipe malgr\u00e9 la situation qui fait de vous des concurrents. Comment g\u00e9rez-vous cela?<\/strong><\/p>\n<p>Fabian Britt: Je n&rsquo;ai \u00e0 vrai dire aucun probl\u00e8me avec cette situation de concurrence. On arrive \u00e0 de bons r\u00e9sultats lorsque l&rsquo;on s&rsquo;entra\u00eene \u00e0 deux, on b\u00e9n\u00e9ficie de remarques suppl\u00e9mentaires et on peut se donner des conseils. Au moment de la comp\u00e9tition \u00e0 proprement parler, c&rsquo;est chacun pour soi, et que le meilleur gagne.<\/p>\n<p>Jean Trotti: M\u00eame si nous nous retrouvons face \u00e0 nous-m\u00eames durant les championnats du monde, le fait de travailler \u00e0 deux est une chose positive. Il en ressort une concurrence saine qui apporte quelque chose \u00e0 chacun. Par ailleurs, nous, les deux Suisses, nous consid\u00e9rons plus comme des amis que comme des concurrents. Ce n&rsquo;est donc pas un probl\u00e8me, au contraire!<\/p>\n<p><strong>Fabian Britt,\u00a0vous repr\u00e9sentez non pas la Suisse aux WorldSkills, mais la principaut\u00e9 du Liechtenstein. Qu&rsquo;est-ce que cela a de particulier?<\/strong><\/p>\n<p>La particularit\u00e9 de repr\u00e9senter la Principaut\u00e9 de Liechtenstein aux WorldSkills est sans conteste que chaque \u00e9l\u00e9ment, comme la taille de l&rsquo;\u00e9quipe, s&rsquo;av\u00e8re plus petit que pour la Suisse. Tout est proche, le chemin \u00e0 parcourir est court, tout le monde se conna\u00eet, on se rencontre toujours, m\u00eame en sortie.<\/p>\n<p><strong>Jean Trotti, que repr\u00e9sentent pour vous les victoires remport\u00e9es aux SwissSkills 2014 et \u00e0 la Coupe des 5 Nations 2014 \u00e0 Bolzano?<\/strong><\/p>\n<p>Ma premi\u00e8re victoire aux championnats suisses s&rsquo;est r\u00e9v\u00e9l\u00e9e tr\u00e8s importante. J&rsquo;\u00e9tais \u00e0 la fois heureux et fier de repr\u00e9senter le canton de Fribourg. Mon objectif, \u00e0 Bolzano, \u00e9tait de me qualifier pour les championnats du monde, sans pour autant vouloir d\u00e9crocher la premi\u00e8re place. Ensuite, j&rsquo;ai gagn\u00e9, ce qui s&rsquo;est bien entendu av\u00e9r\u00e9 une grande r\u00e9ussite pour moi, et j&rsquo;en \u00e9tais tr\u00e8s heureux. J&rsquo;esp\u00e8re \u00e0 pr\u00e9sent que je saurai en faire autant aux championnats du monde.<\/p>\n<p><strong>\u00c0 en juger au planning, il faut investir beaucoup de son temps pour se pr\u00e9senter aux WorldSkills. D&rsquo;apr\u00e8s vous combien de temps allez-vous devoir y consacrer pour vous y pr\u00e9parer?<\/strong><\/p>\n<p>Fabian Britt: Les pr\u00e9paratifs demandent en effet beaucoup de temps, environ deux jours par semaine en moyenne. Nous nous entra\u00eenons presque tous les samedis, suivons diff\u00e9rents cours suppl\u00e9mentaires qui durent plusieurs jours et nous pr\u00e9parons \u00e9galement certains soirs de la semaine aux WorldSkills. Nous avons commenc\u00e9 l&rsquo;entra\u00eenement en janvier 2015.<\/p>\n<p>Jean Trotti: Participer aux championnats du monde demande beaucoup de temps. Nous nous sommes entra\u00een\u00e9s avec l&rsquo;\u00e9quipe suisse durant de nombreux week-end afin de nous y pr\u00e9parer mentalement. Ensuite, il s&rsquo;agissait bien entendu de se pr\u00e9parer personnellement aux travaux \u00e0 r\u00e9aliser sur des v\u00e9hicules sp\u00e9cifiques. Par ailleurs, nous travaillons le soir \u00e0 notre poste de travail ainsi que les samedis dans d&rsquo;autres garages. Dans l&rsquo;ensemble, il vaut la peine de pratiquer, ce qui s&rsquo;av\u00e8re une superbe exp\u00e9rience, tant sur le plan humain que professionnel. Je ne peux qu&rsquo;inciter mes jeunes coll\u00e8gues qui disposent des qualit\u00e9s n\u00e9cessaires \u00e0 participer. Le jeu en vaut la chandelle!<\/p>\n<p><strong>Comment vous y prenez-vous pour faire face \u00e0 cette charge suppl\u00e9mentaire que repr\u00e9sente le temps que vous devez y consacrer?<\/strong><\/p>\n<p>Jean Trotti: Bien entendu, j&rsquo;ai aussi d\u00fb renoncer \u00e0 mes loisirs. Je fais normalement beaucoup de sport. Je me suis de toute fa\u00e7on bless\u00e9 au genou derni\u00e8rement, mais je dois tout de m\u00eame renoncer \u00e0 beaucoup de choses pour me pr\u00e9parer d&rsquo;arrache-pied aux championnats du monde. De plus, je passe mon examen final en mai. Il s&rsquo;agit d&rsquo;une ann\u00e9e assez difficile, mais j&rsquo;en r\u00e9colterai les fruits sur le long terme!<\/p>\n<p><strong>Que pense votre sup\u00e9rieur hi\u00e9rarchique de votre participation aux WorldSkills, notamment \u00e0 cause de fait que vous n&rsquo;\u00eates pas \u00e0 votre poste de travail dans l&rsquo;entreprise?<\/strong><\/p>\n<p>Fabian Britt: Mon sup\u00e9rieur consid\u00e8re d&rsquo;un bon \u0153il ma participation aux WorldSkills. En effet, il me soutient dans mon projet. Il m&rsquo;encourage et m&rsquo;incite \u00e0 prouver mes comp\u00e9tences ainsi qu&rsquo;\u00e0 atteindre le meilleur r\u00e9sultat possible aux WorldSkills.<\/p>\n<p><strong>La f\u00e9d\u00e9ration voit en vous les candidats qui ont le plus de chances de gagner. D&rsquo;o\u00f9 vient cette confiance?<\/strong><\/p>\n<p>Fabian Britt: La confiance accord\u00e9e par les associations de Suisse et de la Principaut\u00e9 de Liechtenstein est sans doute motiv\u00e9e par la qualit\u00e9 \u00e9lev\u00e9e du syst\u00e8me de formation professionnelle par alternance \u00e9tabli dans les deux pays. Ce syst\u00e8me qui associe th\u00e9orie et pratique a permis, par le pass\u00e9, d&rsquo;atteindre de bonnes places au classement des diff\u00e9rentes comp\u00e9titions.<\/p>\n<p><strong>\u00c0 votre avis, quelles sont vos chances de r\u00e9ussite \u00e0 S\u00e3o Paolo?<\/strong><\/p>\n<p>Jean Trotti: Je ne souhaite pas trop m&rsquo;avancer sur mes chances. Mais ce qui compte, ce sont les comp\u00e9tences. Par cons\u00e9quent, nous donnerons pendant quatre jours le meilleur de nous-m\u00eames. Que nous gagnions ou pas n&rsquo;est pas une question de chance \u2013 seules les comp\u00e9tences entrent en ligne de compte.<\/p>\n<p><strong>Merci pour cet entretien tr\u00e8s int\u00e9ressant! Je vous souhaite \u00e0 pr\u00e9sent beaucoup de plaisir et de succ\u00e8s aux WorldSkills.<\/strong><\/p>\n<div id=\"attachment_524\" style=\"width: 610px\" class=\"wp-caption alignnone\"><img decoding=\"async\" aria-describedby=\"caption-attachment-524\" class=\"size-full wp-multi-image wp-multi-image-524\" src=\"https:\/\/www.amag-group.ch\/blog\/wp-content\/uploads\/sites\/2\/2015\/05\/JT_FB_Worldskills_1.jpg\" alt=\"Fabian Britt et Jean Trotti lors de la pr\u00e9paration chez AMAG Autowelt D\u00fcbendorf\" width=\"600\" height=\"800\" \/><p id=\"caption-attachment-524\" class=\"wp-caption-text\">Fabian Britt et Jean Trotti lors de la pr\u00e9paration chez AMAG Autowelt D\u00fcbendorf<\/p><\/div>\n<p>&nbsp;<\/p>\n<p><a href=\"http:\/\/www.amag.ch\/amagch\/corp\/fr\/newsletter\/anmeldeformular.html\">Les actualit\u00e9s et le contexte de l\u2019univers automobile. <span style=\"text-decoration: underline;\"><strong>Abonnez-vous d\u00e8s maintenant.<\/strong><\/span><\/a><\/p>\n","protected":false},"excerpt":{"rendered":"<p>Le concours mondial des m\u00e9tiers WorldSkills se tient tous les deux ans et s&rsquo;adresse aux apprenants et aux jeunes professionnels de moins de 22 ans. Plus de 1000 candidats issus de plus de 50 pays s&rsquo;affronteront cette ann\u00e9e en ao\u00fbt \u00e0 S\u00e3o Paolo pour conqu\u00e9rir le titre tr\u00e8s convoit\u00e9 de leur branche professionnelle. Deux participants, m\u00e9catroniciens en Suisse et dans la Principaut\u00e9 de Liechtenstein, ont pu utiliser l&rsquo;infrastructure et le savoir-faire du Centre Service R\u00e9gional d&rsquo;AMAG Autowelt \u00e0 D\u00fcbendorf pour se pr\u00e9parer \u00e0 fond. <\/p>\n","protected":false},"author":27,"featured_media":6785,"comment_status":"open","ping_status":"open","sticky":false,"template":"","format":"standard","meta":{"_acf_changed":false,"inline_featured_image":false,"footnotes":""},"categories":[1786],"tags":[],"class_list":["post-521","post","type-post","status-publish","format-standard","has-post-thumbnail","hentry","category-emplois-et-carriere"],"acf":[],"_links":{"self":[{"href":"https:\/\/www.amag-group.ch\/blog\/fr\/wp-json\/wp\/v2\/posts\/521","targetHints":{"allow":["GET"]}}],"collection":[{"href":"https:\/\/www.amag-group.ch\/blog\/fr\/wp-json\/wp\/v2\/posts"}],"about":[{"href":"https:\/\/www.amag-group.ch\/blog\/fr\/wp-json\/wp\/v2\/types\/post"}],"author":[{"embeddable":true,"href":"https:\/\/www.amag-group.ch\/blog\/fr\/wp-json\/wp\/v2\/users\/27"}],"replies":[{"embeddable":true,"href":"https:\/\/www.amag-group.ch\/blog\/fr\/wp-json\/wp\/v2\/comments?post=521"}],"version-history":[{"count":0,"href":"https:\/\/www.amag-group.ch\/blog\/fr\/wp-json\/wp\/v2\/posts\/521\/revisions"}],"wp:featuredmedia":[{"embeddable":true,"href":"https:\/\/www.amag-group.ch\/blog\/fr\/wp-json\/wp\/v2\/media\/6785"}],"wp:attachment":[{"href":"https:\/\/www.amag-group.ch\/blog\/fr\/wp-json\/wp\/v2\/media?parent=521"}],"wp:term":[{"taxonomy":"category","embeddable":true,"href":"https:\/\/www.amag-group.ch\/blog\/fr\/wp-json\/wp\/v2\/categories?post=521"},{"taxonomy":"post_tag","embeddable":true,"href":"https:\/\/www.amag-group.ch\/blog\/fr\/wp-json\/wp\/v2\/tags?post=521"}],"curies":[{"name":"wp","href":"https:\/\/api.w.org\/{rel}","templated":true}]}}