{"id":32087,"date":"2025-06-11T09:44:29","date_gmt":"2025-06-11T07:44:29","guid":{"rendered":"https:\/\/www.amag-group.ch\/blog\/?p=32087"},"modified":"2025-06-12T07:42:46","modified_gmt":"2025-06-12T05:42:46","slug":"75-ans-du-bus-vw-de-pilier-du-redressement-economique-a-symbole-emblematique","status":"publish","type":"post","link":"https:\/\/www.amag-group.ch\/blog\/fr\/75-ans-du-bus-vw-de-pilier-du-redressement-economique-a-symbole-emblematique\/","title":{"rendered":"75 ans du Bus VW: de pilier du redressement \u00e9conomique \u00e0 symbole embl\u00e9matique"},"content":{"rendered":"\r\n<p>En\u00a01950, l\u2019\u00e9conomie reprend son essor apr\u00e8s les ann\u00e9es de guerre en Europe. Le miracle \u00e9conomique bat surtout son plein en R\u00e9publique f\u00e9d\u00e9rale d\u2019Allemagne fond\u00e9e en\u00a01949. De nouvelles entreprises voient le jour, le ch\u00f4mage est quasi inexistant et les \u00e9changes commerciaux connaissent un essor spectaculaire. Mais un d\u00e9fi de taille se pose alors \u00e0 de nombreuses entreprises: comment transporter efficacement les nombreuses marchandises?<\/p>\r\n<p>Il \u00e9tait n\u00e9cessaire de concevoir un v\u00e9hicule utilitaire compact et polyvalent, r\u00e9pondant aux besoins vari\u00e9s des diff\u00e9rents secteurs et permettant de suivre le rythme soutenu d\u2019une \u00e9conomie en pleine expansion.<\/p>\r\n<p>\r\n<\/p>\r\n<h3><strong>La solution: \u00abUn Bus pour tous\u00bb<\/strong><\/h3>\r\n<p>D\u00e8s le printemps\u00a01950, Volkswagen a trouv\u00e9 la solution. Le 8\u00a0mars, le deuxi\u00e8me mod\u00e8le de v\u00e9hicule apr\u00e8s la Coccinelle\u00a0VW est sorti pour la premi\u00e8re fois des cha\u00eenes de production de l\u2019usine de Wolfsbourg: le Transporter\u00a0T1. Aujourd\u2019hui, il est mieux connu sous le nom embl\u00e9matique de minibus \u00abBulli\u00bb. C\u2019est gr\u00e2ce \u00e0 ce mod\u00e8le que le constructeur automobile a apport\u00e9 sa modeste contribution au miracle \u00e9conomique.<\/p>\r\n<p>En 1950, le T1 incarnait toutes les qualit\u00e9s requises \u00e0 l\u2019\u00e9poque: compacit\u00e9 et polyvalence. Bernardus \u00abBen\u00bb Pon, propri\u00e9taire de l\u2019importateur g\u00e9n\u00e9ral Volkswagen aux Pays-Bas, est le fruit de l\u2019id\u00e9e du fourgon de 4,10 m\u00e8tres de long et d\u2019une capacit\u00e9 de 4,5 m\u00e8tres cubes, lorsqu\u2019il se rend \u00e0 l\u2019usine VW de Wolfsbourg en 1947. Il y observa les collaborateurs circuler avec des petits v\u00e9hicules de livraison. Une id\u00e9e lui vint alors, qu\u2019il consigna le 23 avril 1947 dans son carnet de notes \u00e0 reliure noire: un petit utilitaire qui devrait \u00eatre aussi robuste qu\u2019une Coccinelle Volkswagen.<\/p>\r\n<p>Lorsque Ben Pon partagea son id\u00e9e avec Heinrich Nordhoff, le directeur g\u00e9n\u00e9ral de VW de l\u2019\u00e9poque, ce dernier fit d\u00e9velopper en l\u2019espace de deux ans le petit utilitaire qui deviendra rapidement une ic\u00f4ne.<\/p>\r\n<p>\r\n<\/p>\r\n<h3><strong>Bus\u00a0VW: l\u2019ADN d\u2019une ic\u00f4ne<\/strong><\/h3>\r\n<p>Alors que les \u00abBulli\u00bb sortaient des ateliers de production de Wolfsbourg puis, \u00e0 partir de 1956, de la nouvelle usine de Hanovre, le Transporter conquit non seulement les routes, mais aussi le c\u0153ur des gens. Ainsi, 12,5 millions d\u2019autres Bus succ\u00e9d\u00e8rent au tout premier bus de 1950. D\u00e8s des d\u00e9buts, le Transporter a \u00e9galement \u00e9t\u00e9 tr\u00e8s appr\u00e9ci\u00e9 par la population suisse. Ainsi, d\u00e8s l\u2019ann\u00e9e de naissance du Transporter, la Suisse comptait parmi les principaux pays de vente.<\/p>\r\n<p>Au cours des premi\u00e8res ann\u00e9es, de nouvelles variantes de carrosserie et de tout nouveaux mod\u00e8les ont rapidement succ\u00e9d\u00e9 au fourgon sans fen\u00eatre dans le compartiment de chargement, dot\u00e9 d\u2019un pare-brise divis\u00e9 en deux parties. En effet, ce petit artisan du miracle \u00e9conomique n\u2019a cess\u00e9 d\u2019\u00e9largir son champ d\u2019application: que ce soit comme voiture de police, ambulance, v\u00e9hicule de pompiers ou, plus tard, comme ic\u00f4ne du camping, les possibilit\u00e9s d\u2019utilisation du Bus ne connaissaient pas de limites. Le T1 polyvalent est ainsi devenu une ic\u00f4ne dont l\u2019ADN est pr\u00e9sent dans chacun de ses successeurs.<\/p>\r\n<p>\r\n<\/p>\r\n<h3><strong>D\u2019un Bus sont n\u00e9s de nombreux Bus<\/strong><\/h3>\r\n<p>Bien que tous les mod\u00e8les du v\u00e9hicule utilitaire le plus populaire d\u2019Europe portent l\u2019ADN du T1 dans leur design et que tous les minibus VW aient conserv\u00e9 leur caract\u00e8re unique depuis 75 ans, la technologie n\u2019a cess\u00e9 d\u2019\u00e9voluer au fil du temps.<\/p>\r\n<p><img decoding=\"async\" class=\"aligncenter size-full wp-image-32073\" src=\"https:\/\/www.amag-group.ch\/blog\/wp-content\/uploads\/2025\/06\/75-jahre-vw-bulli-vom-helfer-des-wirtschaftswunders-zur-ikone-blog-amag-group-3.jpg\" alt=\"Alle VW Bulli Modelle\" width=\"1920\" height=\"1280\" srcset=\"https:\/\/www.amag-group.ch\/blog\/wp-content\/uploads\/2025\/06\/75-jahre-vw-bulli-vom-helfer-des-wirtschaftswunders-zur-ikone-blog-amag-group-3.jpg 1920w, https:\/\/www.amag-group.ch\/blog\/wp-content\/uploads\/2025\/06\/75-jahre-vw-bulli-vom-helfer-des-wirtschaftswunders-zur-ikone-blog-amag-group-3-620x414.jpg 620w, https:\/\/www.amag-group.ch\/blog\/wp-content\/uploads\/2025\/06\/75-jahre-vw-bulli-vom-helfer-des-wirtschaftswunders-zur-ikone-blog-amag-group-3-1536x1024.jpg 1536w, https:\/\/www.amag-group.ch\/blog\/wp-content\/uploads\/2025\/06\/75-jahre-vw-bulli-vom-helfer-des-wirtschaftswunders-zur-ikone-blog-amag-group-3-720x480.jpg 720w\" sizes=\"(max-width: 1920px) 100vw, 1920px\" \/><\/p>\r\n<p>Du Bus pour tous, le Bus est pass\u00e9 de \u00abun Bus pour tous\u00bb \u00e0 un v\u00e9hicule polyvalent pour tous. Du Transporter au Multivan ou \u00e0 la Caravelle en passant par le van de camping. Avec ses mod\u00e8les polyvalents, le minibus VW r\u00e9pond \u00e0 tous les besoins. Voil\u00e0 comment Volkswagen continue de d\u00e9velopper son bus iconique jusqu\u2019\u00e0 aujourd\u2019hui: En 2022, Volkswagen a lanc\u00e9 le nouveau Multivan, suivi deux ans plus tard par le nouveau California bas\u00e9 sur la version longue du Multivan. Les derni\u00e8res nouveaut\u00e9s sont le Transporter, version break et fourgon, ainsi que le mod\u00e8le s\u0153ur du Transporter Caravelle, con\u00e7u pour le transport professionnel de personnes.<\/p>\r\n<p>\r\n  <div class=\"accordion accordion-flush\" id=\"accordionFlushExample\">\n     \n      <div class=\"accordion-item\" id=\"t1-de-1950-a-1967\">\n        <h3 class=\"accordion-header\" id=\"flush-heading-0\">\n          <button class=\"accordion-button collapsed\" type=\"button\" data-bs-toggle=\"collapse\" data-bs-target=\"#flush-collapse-0\" aria-expanded=\"false\" aria-controls=\"flush-collapse-0\">\n            T1 \u2013 de 1950 \u00e0 1967          <\/button>\n        <\/h3>\n        <div id=\"flush-collapse-0\" class=\"accordion-collapse collapse\" aria-labelledby=\"flush-heading-0\">\n          <div class=\"accordion-body\">\n            <p>La toute premi\u00e8re variante du Transporter, lanc\u00e9e en 1950, est le deuxi\u00e8me mod\u00e8le de v\u00e9hicule produit par Volkswagen, apr\u00e8s la VW\u00a0Coccinelle, aussi connue sous le nom de Type\u00a01. Le nouveau mod\u00e8le du Transporter fut donc d\u00e9sign\u00e9 en interne sous le nom de Type\u00a02. Apr\u00e8s une production de 1,8\u00a0million d\u2019exemplaires, le T1 a cess\u00e9 d\u2019\u00eatre fabriqu\u00e9 en juillet\u00a01967.<\/p>\n<ul>\n<li>La premi\u00e8re version du T1 \u00e9tait un fourgon de 4,10\u00a0m de long sans fen\u00eatre dans le compartiment de chargement, \u00e9quip\u00e9 d\u2019un moteur boxer quatre cylindres de 18\u00a0kW (25\u00a0ch) et capable d\u2019atteindre une vitesse de 80\u00a0km\/h. Par la suite, la puissance est port\u00e9e \u00e0 32\u00a0kW (44\u00a0ch), permettant au Bus d\u2019atteindre une vitesse de pointe de 105\u00a0km\/h.<\/li>\n<li>Apr\u00e8s le lancement du fourgon en mars, un minibus et un mod\u00e8le \u00e0 plateau dot\u00e9 d\u2019une surface de chargement suivirent d\u00e8s avril\u00a01950.<\/li>\n<li>En juin\u00a01951, le minibus \u00abversion sp\u00e9ciale\u00bb, mieux connu sous le nom de \u00abBus Samba\u00bb, vit le jour. Avec neuf places assises, 23\u00a0fen\u00eatres, un toit panoramique pliant et une peinture bicolore, ce minibus est aujourd\u2019hui consid\u00e9r\u00e9 comme une v\u00e9ritable l\u00e9gende parmi les anciens Bus.<\/li>\n<li>En 1969, lors des embl\u00e9matiques \u00ab3\u00a0Days of Peace et Music\u00bb de Woodstock, na\u00eet sans doute l\u2019image la plus c\u00e9l\u00e8bre du Bus: un T1 d\u00e9cor\u00e9 fa\u00e7on Flower Power, ce qui en fait le symbole de la libert\u00e9 automobile.<\/li>\n<\/ul>\n          <\/div>\n        <\/div>\n      <\/div>\n     \n      <div class=\"accordion-item\" id=\"t2-de-1967-a-1979\">\n        <h3 class=\"accordion-header\" id=\"flush-heading-1\">\n          <button class=\"accordion-button collapsed\" type=\"button\" data-bs-toggle=\"collapse\" data-bs-target=\"#flush-collapse-1\" aria-expanded=\"false\" aria-controls=\"flush-collapse-1\">\n            T2 \u2013 de 1967 \u00e0 1979:          <\/button>\n        <\/h3>\n        <div id=\"flush-collapse-1\" class=\"accordion-collapse collapse\" aria-labelledby=\"flush-heading-1\">\n          <div class=\"accordion-body\">\n            <p>En 1967, le T1 est remplac\u00e9 par le nouveau mod\u00e8le T2 apr\u00e8s plusieurs variantes. Le T2 incarne la polyvalence qui caract\u00e9rise le Bus: avec lui, les artisans d\u2019Europe partent sur les chantiers, les enfants d\u00e9couvrent le monde sur les si\u00e8ges arri\u00e8re, la Poste apporte les colis \u00e0 bord du T2 et, en version camping-car, il incarne la libert\u00e9 \u00e0 l\u2019\u00e9tat pur. En 1979, la production du T2 est arr\u00eat\u00e9e en Allemagne, apr\u00e8s 2,2\u00a0millions d\u2019exemplaires produits. Cependant, hors d\u2019Europe, la production se poursuit encore pendant plusieurs d\u00e9cennies.<\/p>\n<ul>\n<li>Avec le T2, le design du minibus Bulli \u00e9volue \u00e9galement. La modulation verticale en forme de V du T1, situ\u00e9e entre les phares avant ronds, est d\u00e9sormais remplac\u00e9e par un avant imposant aux lignes horizontales qui soulignent la largeur du T2. Une porte lat\u00e9rale coulissante compl\u00e8te l\u2019ensemble. Les fen\u00eatres lat\u00e9rales plus grandes et le pare-brise fortement bomb\u00e9, compos\u00e9 d\u2019une seule pi\u00e8ce, encadrent le nouveau design du deuxi\u00e8me mod\u00e8le de Bus.<\/li>\n<li>Le T2 apporta des innovations non seulement sur le plan esth\u00e9tique, mais aussi technique. Les ing\u00e9nieurs en d\u00e9veloppement se concentr\u00e8rent particuli\u00e8rement sur le ch\u00e2ssis et les freins. Avec un empattement inchang\u00e9 de 2,4\u00a0m, c\u2019est-\u00e0-dire la distance entre les essieux avant et arri\u00e8re, et une largeur augment\u00e9e, la carrosserie a gagn\u00e9 20\u00a0centim\u00e8tres, offrant ainsi un volume int\u00e9rieur nettement am\u00e9lior\u00e9.<\/li>\n<li>En 1972, apr\u00e8s cinq ans de production, le T2 subit un important lifting.<\/li>\n<\/ul>\n          <\/div>\n        <\/div>\n      <\/div>\n     \n      <div class=\"accordion-item\" id=\"t3-de-1979-a-1992\">\n        <h3 class=\"accordion-header\" id=\"flush-heading-2\">\n          <button class=\"accordion-button collapsed\" type=\"button\" data-bs-toggle=\"collapse\" data-bs-target=\"#flush-collapse-2\" aria-expanded=\"false\" aria-controls=\"flush-collapse-2\">\n            T3 \u2013 de 1979 \u00e0 1992:          <\/button>\n        <\/h3>\n        <div id=\"flush-collapse-2\" class=\"accordion-collapse collapse\" aria-labelledby=\"flush-heading-2\">\n          <div class=\"accordion-body\">\n            <p>En 1979, Volkswagen pr\u00e9senta le successeur du T2: le Transporter T3. Le troisi\u00e8me mod\u00e8le de l\u2019ic\u00f4ne entre dans l\u2019histoire comme le plus anguleux de tous. Malgr\u00e9 cette singularit\u00e9, il repr\u00e9sentait \u00e9galement une innovation technique pour son \u00e9poque. Tout en s\u2019inscrivant dans la lign\u00e9e de ses pr\u00e9d\u00e9cesseurs, il transpose l\u2019ADN technique du Bus dans la modernit\u00e9. Le tout premier California et le premier Multivan seront construits sur cette base.<\/p>\n<ul>\n<li>En outre, la carrosserie du T3 fut \u00e9galement \u00e9largie, rehauss\u00e9e et allong\u00e9e, offrant ainsi plus d\u2019espace pour les passagers et le chargement.<\/li>\n<li>Les moteurs Boxer refroidis par air du T3 d\u00e9veloppent d\u00e9sormais une puissance de 37\u00a0kW (50\u00a0ch) ou 51\u00a0kW (70\u00a0ch). En 1981, un moteur diesel refroidi \u00e0 l\u2019eau d\u2019une puissance de 37\u00a0kW (50\u00a0ch) est introduit pour la premi\u00e8re fois \u00e0 l\u2019arri\u00e8re. \u00c0 peine un an plus tard, les moteurs Boxer refroidis \u00e0 l\u2019eau, d\u00e9velopp\u00e9s sp\u00e9cialement pour le Bus, font leur apparition avec des puissances respectives de 44\u00a0kW (60\u00a0ch) et 57\u00a0kW (78\u00a0ch). Leur puissance atteindra par la suite jusqu\u2019\u00e0 82\u00a0kW (112\u00a0ch). D\u2019autres optimisations suivront en 1985: les moteurs \u00e0 essence sont \u00e9quip\u00e9s de catalyseurs, et les premiers moteurs diesel d\u2019un turbocompresseur.<\/li>\n<li>En 1985, le Bus devient enfin apte au tout-terrain gr\u00e2ce au \u00abSyncro\u00bb et \u00e0 sa traction int\u00e9grale.<\/li>\n<li>En 1988, Volkswagen pr\u00e9sente le T3\u00a0California, son camping-car d\u00e9velopp\u00e9 en interne. D\u2019autres variantes du T3, comme la Caravelle, le Multivan avec des \u00e9ditions sp\u00e9ciales comme le Multivan White Star, s\u2019\u00e9taient d\u00e9j\u00e0 impos\u00e9es auparavant.<\/li>\n<\/ul>\n          <\/div>\n        <\/div>\n      <\/div>\n     \n      <div class=\"accordion-item\" id=\"t4-de-1990-a-2003\">\n        <h3 class=\"accordion-header\" id=\"flush-heading-3\">\n          <button class=\"accordion-button collapsed\" type=\"button\" data-bs-toggle=\"collapse\" data-bs-target=\"#flush-collapse-3\" aria-expanded=\"false\" aria-controls=\"flush-collapse-3\">\n            T4 \u2013 de 1990 \u00e0 2003:          <\/button>\n        <\/h3>\n        <div id=\"flush-collapse-3\" class=\"accordion-collapse collapse\" aria-labelledby=\"flush-heading-3\">\n          <div class=\"accordion-body\">\n            <p>En ao\u00fbt\u00a01990, Volkswagen pr\u00e9sente le T4, qui sera produit jusqu\u2019au d\u00e9but du nouveau si\u00e8cle. La quatri\u00e8me g\u00e9n\u00e9ration est une r\u00e9volution technique qui transforme en profondeur l\u2019ADN du Bus. Pendant plus de dix ans, ce mod\u00e8le novateur sortira des ateliers de production \u00e0 deux millions d\u2019exemplaires.<\/p>\n<ul>\n<li>Apr\u00e8s 40\u00a0ans de moteur et de traction arri\u00e8re, c\u2019est la fin d\u2019un concept de propulsion \u00e9prouv\u00e9. Les moteurs sont d\u00e9sormais situ\u00e9s \u00e0 l\u2019avant et n\u2019entra\u00eenent plus l\u2019essieu arri\u00e8re, mais l\u2019essieu avant. Sauf dans le cas de de la transmission Syncro, qui n\u00e9cessitait \u00e9galement l\u2019entra\u00eenement de l\u2019essieu arri\u00e8re, disponible en tant que T4\u00a0Syncro \u00e0 partir de 1993.<\/li>\n<li>Le nouveau concept de propulsion s\u2019accompagne d\u2019un nouveau design pour le c\u00e9l\u00e8bre Bus VW. L\u2019espace autrefois occup\u00e9 \u00e0 l\u2019arri\u00e8re par le moteur Boxer est d\u00e9sormais utilis\u00e9 pour accueillir le nouvel essieu arri\u00e8re \u00e0 bras obliques, la transmission Syncro en option et un compartiment de chargement plus g\u00e9n\u00e9reux.<\/li>\n<li>Le T4 s\u2019allonge pour offrir plus de place aux moteurs en ligne \u00e0 quatre et cinq cylindres plac\u00e9s \u00e0 l\u2019avant. \u00c0 l\u2019\u00e9poque, les acheteurs du T4 avaient le choix entre trois moteurs essence refroidis \u00e0 l\u2019eau et deux moteurs diesel de 49\u00a0kW (61\u00a0ch) \u00e0 81\u00a0kW (110\u00a0ch).<\/li>\n<li>En janvier\u00a01996, le T4 a fait l\u2019objet d\u2019une mise \u00e0 jour compl\u00e8te. D\u00e8s lors, il fut \u00e9quip\u00e9, pour la premi\u00e8re fois, d\u2019un moteur turbo diesel \u00e0 injection directe (TDI) cinq cylindres de 2,5\u00a0litres ou d\u2019un moteur essence VR6 de 2,8\u00a0litres de cylindr\u00e9e. \u00c0 partir de 1998, le moteur TDI haut de gamme d\u00e9livre une puissance de 111\u00a0kW (151\u00a0ch), tandis que le moteur six cylindres atteint m\u00eame jusqu\u2019\u00e0 150\u00a0kW (204\u00a0ch).<\/li>\n<\/ul>\n          <\/div>\n        <\/div>\n      <\/div>\n     \n      <div class=\"accordion-item\" id=\"t5-de-2003-a-2015\">\n        <h3 class=\"accordion-header\" id=\"flush-heading-4\">\n          <button class=\"accordion-button collapsed\" type=\"button\" data-bs-toggle=\"collapse\" data-bs-target=\"#flush-collapse-4\" aria-expanded=\"false\" aria-controls=\"flush-collapse-4\">\n            T5 \u2013 de 2003 \u00e0 2015:          <\/button>\n        <\/h3>\n        <div id=\"flush-collapse-4\" class=\"accordion-collapse collapse\" aria-labelledby=\"flush-heading-4\">\n          <div class=\"accordion-body\">\n            <p>Apr\u00e8s plus de dix ans, le T4 sera remplac\u00e9 par le T5. La nouvelle g\u00e9n\u00e9ration de Bus est plus spacieuse et modulable qu\u2019aucune autre g\u00e9n\u00e9ration pr\u00e9c\u00e9dente.<\/p>\n<ul>\n<li>Le design du T5 reste \u00e9troitement fid\u00e8le \u00e0 son pr\u00e9d\u00e9cesseur, le T4.<\/li>\n<li>L\u2019habitacle du Bus mise sur une ergonomie pens\u00e9e dans les moindres d\u00e9tails, particuli\u00e8rement pour les conductrices et conducteurs: un levier de vitesses \u00e0 joystick parfaitement accessible sur la console centrale et un tableau de bord dans lequel tous les instruments, \u00e9crans et \u00e9l\u00e9ments de commande sont plac\u00e9s sur un m\u00eame axe visuel.<\/li>\n<li>Pour la premi\u00e8re fois, trois hauteurs de toit diff\u00e9rentes et un volume de chargement accru gr\u00e2ce aux parois de carrosserie plus raides sont propos\u00e9s.<\/li>\n<\/ul>\n<p>En outre, les versions \u00e0 transmission int\u00e9grale ont \u00e9t\u00e9 rebaptis\u00e9es \u00ab4MOTION\u00bb en raison d\u2019un nouvel embrayage \u00e0 lamelles, rempla\u00e7ant ainsi l\u2019appellation \u00abSyncro\u00bb.<\/p>\n          <\/div>\n        <\/div>\n      <\/div>\n     \n      <div class=\"accordion-item\" id=\"t6-de-2015-a-2024\">\n        <h3 class=\"accordion-header\" id=\"flush-heading-5\">\n          <button class=\"accordion-button collapsed\" type=\"button\" data-bs-toggle=\"collapse\" data-bs-target=\"#flush-collapse-5\" aria-expanded=\"false\" aria-controls=\"flush-collapse-5\">\n            T6 \u2013 de 2015 \u00e0 2024:          <\/button>\n        <\/h3>\n        <div id=\"flush-collapse-5\" class=\"accordion-collapse collapse\" aria-labelledby=\"flush-heading-5\">\n          <div class=\"accordion-body\">\n            <p>En 2015, le T5 sera finalement remplac\u00e9 par le T6. De nouveaux moteurs, des syst\u00e8mes d\u2019assistance plus complets et des syst\u00e8mes d\u2019info-divertissement plus modernes constituent la marque distinctive de cette g\u00e9n\u00e9ration de Bus. Le nouveau Bus est particuli\u00e8rement reconnaissable au design in\u00e9dit de sa face avant: des lignes droites \u00e9l\u00e9gantes et un dynamisme prononc\u00e9. De plus, la peinture bicolore rappelle les origines du Bus et ses premi\u00e8res g\u00e9n\u00e9rations.<\/p>\n<ul>\n<li>Avec le lancement du T6.1 en 2019, Volkswagen a \u00e9galement pr\u00e9par\u00e9 son ic\u00f4ne \u00e0 l\u2019\u00e8re num\u00e9rique.<\/li>\n<\/ul>\n          <\/div>\n        <\/div>\n      <\/div>\n     \n      <div class=\"accordion-item\" id=\"id-buzz-depuis-2022\">\n        <h3 class=\"accordion-header\" id=\"flush-heading-6\">\n          <button class=\"accordion-button collapsed\" type=\"button\" data-bs-toggle=\"collapse\" data-bs-target=\"#flush-collapse-6\" aria-expanded=\"false\" aria-controls=\"flush-collapse-6\">\n            ID. Buzz \u2013 depuis 2022          <\/button>\n        <\/h3>\n        <div id=\"flush-collapse-6\" class=\"accordion-collapse collapse\" aria-labelledby=\"flush-heading-6\">\n          <div class=\"accordion-body\">\n            <p>Le Bus s\u2019inscrit \u00e9galement dans la mobilit\u00e9 du futur.\u00a0 Le 9 mars 2022, Volkswagen a pr\u00e9sent\u00e9 au monde entier son tout premier Bus enti\u00e8rement \u00e9lectrique, l\u2019ID. Buzz. Alors que le VW ID. Buzz est con\u00e7u pour les trajets quotidiens des familles et des particuliers, son jumeau, l\u2019ID. Buzz Cargo, reste d\u00e9di\u00e9 au transport de marchandises.<\/p>\n          <\/div>\n        <\/div>\n      <\/div>\n      <\/div>\n\r\n<\/p>\r\n<h3><strong>Bus\u00a0VW: une l\u00e9gende vivante<\/strong><\/h3>\r\n<p>Qu\u2019il s\u2019agisse du T1 ou du T4, de la variante camping, du Transporter ou de l\u2019ID. Buzz enti\u00e8rement \u00e9lectrique: Le \u00abBulli\u00bb VW sillonne les routes du monde entier depuis 75\u00a0ans. Il incarne toujours une sensation de libert\u00e9 iconique, un design incomparable et un style de vie tout \u00e0 fait singulier. Et tandis que l\u2019ancien artisan du miracle \u00e9conomique ne cesse d\u2019\u00e9voluer avec son temps et se transforme en permanence, nous sommes impatients de d\u00e9couvrir ce que l\u2019univers du Bus nous r\u00e9serve pour la suite. Et vous?<\/p>\r\n<p><img decoding=\"async\" class=\"aligncenter size-full wp-image-32067\" src=\"https:\/\/www.amag-group.ch\/blog\/wp-content\/uploads\/2025\/06\/75-jahre-vw-bulli-vom-helfer-des-wirtschaftswunders-zur-ikone-blog-amag-group.jpg\" alt=\"Der VW Bulli als Campingwagen\" width=\"1500\" height=\"1077\" srcset=\"https:\/\/www.amag-group.ch\/blog\/wp-content\/uploads\/2025\/06\/75-jahre-vw-bulli-vom-helfer-des-wirtschaftswunders-zur-ikone-blog-amag-group.jpg 1500w, https:\/\/www.amag-group.ch\/blog\/wp-content\/uploads\/2025\/06\/75-jahre-vw-bulli-vom-helfer-des-wirtschaftswunders-zur-ikone-blog-amag-group-577x414.jpg 577w\" sizes=\"(max-width: 1500px) 100vw, 1500px\" \/><\/p>\r\n<p>&nbsp;<\/p>\r\n<p>\r\n<div class=\"color-block-section darkgreen\">\r\n  <div class=\"row\">\r\n    <div class=\"col-lg-4\">\r\n      <div class=\"color-block\">\r\n                  <h3 class=\"h3\">Nos conseils de lecture sur les AMAG Classic Cars:<\/h3>\r\n                      <\/div>\r\n    <\/div>\r\n    <div class=\"col-lg-8\">\r\n      <div class=\"text\">\r\n        <ul>\n<li><a href=\"https:\/\/www.amag-group.ch\/blog\/fr\/une-icone-fete-ses-50-ans-retrospective-dun-demi-siecle-de-vw-golf\/\">Une ic\u00f4ne f\u00eate ses 50 ans: r\u00e9trospective d\u2019un demi-si\u00e8cle de VW Golf<\/a><\/li>\n<li><a href=\"https:\/\/www.amag-group.ch\/blog\/fr\/formula-v-il-campionato-motoristico-piu-selvaggio-di-tutti-i-tempi\/\">Formule V: la s\u00e9rie de courses la plus folle de tous les temps<\/a><\/li>\n<li><a href=\"https:\/\/www.amag-group.ch\/blog\/fr\/zwei-young-raiders-unterwegs-in-einem-oldtimer\/\">Deux Young Raiders dans une voiture ancienne<\/a><\/li>\n<\/ul>\n      <\/div>\r\n    <\/div>\r\n  <\/div>\r\n<\/div>\r\n<\/p>","protected":false},"excerpt":{"rendered":"<p>En\u00a01950, l\u2019\u00e9conomie reprend son essor apr\u00e8s les ann\u00e9es de guerre en Europe. Le miracle \u00e9conomique bat surtout son plein en R\u00e9publique f\u00e9d\u00e9rale d\u2019Allemagne fond\u00e9e en\u00a01949. De nouvelles entreprises voient le jour, le ch\u00f4mage est quasi inexistant et les \u00e9changes commerciaux connaissent un essor spectaculaire. Mais un d\u00e9fi de taille se pose alors \u00e0 de nombreuses [&hellip;]<\/p>\n","protected":false},"author":102,"featured_media":32071,"comment_status":"open","ping_status":"open","sticky":false,"template":"","format":"standard","meta":{"_acf_changed":false,"inline_featured_image":false,"footnotes":""},"categories":[1815],"tags":[],"class_list":["post-32087","post","type-post","status-publish","format-standard","has-post-thumbnail","hentry","category-classic-car-fr"],"acf":[],"_links":{"self":[{"href":"https:\/\/www.amag-group.ch\/blog\/fr\/wp-json\/wp\/v2\/posts\/32087","targetHints":{"allow":["GET"]}}],"collection":[{"href":"https:\/\/www.amag-group.ch\/blog\/fr\/wp-json\/wp\/v2\/posts"}],"about":[{"href":"https:\/\/www.amag-group.ch\/blog\/fr\/wp-json\/wp\/v2\/types\/post"}],"author":[{"embeddable":true,"href":"https:\/\/www.amag-group.ch\/blog\/fr\/wp-json\/wp\/v2\/users\/102"}],"replies":[{"embeddable":true,"href":"https:\/\/www.amag-group.ch\/blog\/fr\/wp-json\/wp\/v2\/comments?post=32087"}],"version-history":[{"count":3,"href":"https:\/\/www.amag-group.ch\/blog\/fr\/wp-json\/wp\/v2\/posts\/32087\/revisions"}],"predecessor-version":[{"id":32158,"href":"https:\/\/www.amag-group.ch\/blog\/fr\/wp-json\/wp\/v2\/posts\/32087\/revisions\/32158"}],"wp:featuredmedia":[{"embeddable":true,"href":"https:\/\/www.amag-group.ch\/blog\/fr\/wp-json\/wp\/v2\/media\/32071"}],"wp:attachment":[{"href":"https:\/\/www.amag-group.ch\/blog\/fr\/wp-json\/wp\/v2\/media?parent=32087"}],"wp:term":[{"taxonomy":"category","embeddable":true,"href":"https:\/\/www.amag-group.ch\/blog\/fr\/wp-json\/wp\/v2\/categories?post=32087"},{"taxonomy":"post_tag","embeddable":true,"href":"https:\/\/www.amag-group.ch\/blog\/fr\/wp-json\/wp\/v2\/tags?post=32087"}],"curies":[{"name":"wp","href":"https:\/\/api.w.org\/{rel}","templated":true}]}}