{"id":30944,"date":"2024-11-20T16:15:23","date_gmt":"2024-11-20T15:15:23","guid":{"rendered":"https:\/\/www.amag-group.ch\/blog\/?p=30944"},"modified":"2024-11-20T16:16:12","modified_gmt":"2024-11-20T15:16:12","slug":"mobilite-electrique-comment-se-lancer","status":"publish","type":"post","link":"https:\/\/www.amag-group.ch\/blog\/fr\/mobilite-electrique-comment-se-lancer\/","title":{"rendered":"Mobilit\u00e9 \u00e9lectrique: comment se lancer"},"content":{"rendered":"\r\n<h3><strong>L\u2019avenir de la conduite<\/strong><\/h3>\r\n<p>Malgr\u00e9 de nombreuses r\u00e9serves, la popularit\u00e9 des v\u00e9hicules \u00e9lectriques augmente, car ils ne g\u00e9n\u00e8rent aucune \u00e9mission directe de CO\u2082 et pr\u00e9servent ainsi l\u2019environnement pendant leur fonctionnement. En utilisant des \u00e9nergies renouvelables lors de la recharge, ils contribuent significativement \u00e0 la r\u00e9duction des \u00e9missions globales de CO\u2082.<\/p>\r\n\r\n<div class=\"about-person type2 full-mob\">\r\n  <div class=\"text-holder\">\r\n          <h3 class=\"h3\">Id\u00e9e re\u00e7ue no1:<br \/>\r\nles voitures \u00e9lectriques ne sont pas plus respectueuses de l\u2019environnement que les voitures thermiques<\/h3>\r\n        <p>Ce mythe est souvent bas\u00e9 sur le fait que la production des batteries est \u00e9nergivore. Bien que la fabrication des voitures \u00e9lectriques n\u00e9cessite effectivement plus d\u2019\u00e9nergie que celle des voitures thermiques, cela s\u2019\u00e9quilibre rapidement au cours de leur cycle de vie. En particulier lorsqu\u2019ils fonctionnent avec de l\u2019\u00e9lectricit\u00e9 issue d\u2019\u00e9nergies renouvelables, les v\u00e9hicules \u00e9lectriques permettent une r\u00e9duction consid\u00e9rable des \u00e9missions de CO\u2082.<\/p>\n  <\/div>\r\n<\/div>\r\n\r\n\r\n<p>Si leur impact \u00e9cologique est un argument d\u00e9cisif, de plus en plus de personnes optent pour ces v\u00e9hicules en raison de leurs avantages technologiques. En effet, ceux-ci sont \u00e9quip\u00e9s des derniers syst\u00e8mes d\u2019assistance \u00e0 la conduite et d\u2019info-divertissement; ainsi que de fonctions de conduite autonome. De plus, leur conduite est particuli\u00e8rement agr\u00e9able en raison de leur couple instantan\u00e9.<\/p>\r\n<p><img decoding=\"async\" class=\"aligncenter size-full wp-image-31001\" src=\"https:\/\/www.amag-group.ch\/blog\/wp-content\/uploads\/2024\/11\/dein-einstieg-in-die-elektromobilitaet-so-gelingts-blog-amag-group-6.jpg\" alt=\"E-Auto Innen mit Familie\" width=\"1280\" height=\"854\" srcset=\"https:\/\/www.amag-group.ch\/blog\/wp-content\/uploads\/2024\/11\/dein-einstieg-in-die-elektromobilitaet-so-gelingts-blog-amag-group-6.jpg 1280w, https:\/\/www.amag-group.ch\/blog\/wp-content\/uploads\/2024\/11\/dein-einstieg-in-die-elektromobilitaet-so-gelingts-blog-amag-group-6-620x414.jpg 620w, https:\/\/www.amag-group.ch\/blog\/wp-content\/uploads\/2024\/11\/dein-einstieg-in-die-elektromobilitaet-so-gelingts-blog-amag-group-6-720x480.jpg 720w\" sizes=\"(max-width: 1280px) 100vw, 1280px\" \/><\/p>\r\n<p>Outre leur motorisation respectueuse de l\u2019environnement et le plaisir au volant qu\u2019ils procurent, les v\u00e9hicules \u00e9lectriques offrent \u00e9galement de nets avantages en mati\u00e8re d\u2019entretien et sont \u00e9conomiques: les co\u00fbts d\u2019utilisation d\u2019un v\u00e9hicule \u00e9lectrique sont g\u00e9n\u00e9ralement nettement inf\u00e9rieurs \u00e0 ceux d\u2019une voiture \u00e9quip\u00e9e d\u2019un moteur \u00e0 combustion. Non seulement l\u2019\u00e9lectricit\u00e9 est moins ch\u00e8re que l\u2019essence et le diesel, mais les co\u00fbts d\u2019entretien sont \u00e9galement moindres, car les voitures \u00e9lectriques ont moins de pi\u00e8ces d\u2019usure.<\/p>\r\n<h3><strong>Il reste encore quelques d\u00e9fis \u00e0 relever\u2026<\/strong><\/h3>\r\n<p>Mais quels sont ces d\u00e9fis?<\/p>\r\n<ol>\r\n\t<li><strong>Co\u00fbts d\u2019acquisition<\/strong><\/li>\r\n<\/ol>\r\n<p>Les co\u00fbts d\u2019acquisition constituent un premier obstacle. Les v\u00e9hicules \u00e9lectriques restent parfois un peu plus chers \u00e0 l\u2019achat que les v\u00e9hicules thermiques comparables. Cependant, l\u2019\u00e9cart est en train de se dissiper. En effet, les prix se sont fortement rapproch\u00e9s ces derniers temps. Certaines voitures \u00e9lectriques sont d\u2019ores et d\u00e9j\u00e0 moins ch\u00e8res que leur \u00e9quivalent avec moteur \u00e0 combustion:<\/p>\r\n<p>l\u2019<a href=\"https:\/\/www.amag.ch\/fr\/auto-finden\/nach-marken\/audi\/audi-q4.html\">Audi\u00a0Q4\u00a0SUV\u00a0e-tron<\/a> de 210\u00a0kW est par exemple d\u00e9j\u00e0 disponible \u00e0 un prix comparable \u00e0 celui de l\u2019<a href=\"https:\/\/www.amag.ch\/fr\/auto-finden\/nach-marken\/audi\/audi-q3.html\">Audi\u00a0Q3<\/a> en version essence de 180\u00a0kW, dont les performances sont \u00e9quivalentes. Le <a href=\"https:\/\/fr.skoda.ch\/news\/news-detail\/le-nouveau-elroq\">\u0160koda\u00a0Elroq<\/a> co\u00fbte m\u00eame un peu moins cher que le <a href=\"https:\/\/fr.skoda.ch\/models\/karoq\/karoq?_preservelanguage=1\">\u0160koda\u00a0Karoq<\/a>, un mod\u00e8le comparable.<\/p>\r\n<p>Si tu ne sais pas encore si tu souhaites acheter une voiture \u00e9lectrique, ni laquelle, nous avons un conseil pour toi:<\/p>\r\n\r\n<div class=\"color-block-section green\">\r\n  <div class=\"row\">\r\n    <div class=\"col-lg-4\">\r\n      <div class=\"color-block\">\r\n                  <h3 class=\"h3\">Clyde<\/h3>\r\n                      <\/div>\r\n    <\/div>\r\n    <div class=\"col-lg-8\">\r\n      <div class=\"text\">\r\n        <p>L\u2019<a href=\"https:\/\/clyde.ch\/fr?amp=&amp;utm_source=bing&amp;amp=&amp;utm_medium=cpc&amp;amp=&amp;utm_campaign=%28ma_clyde%29%28t_brand-combo%29%28l_de%29%28p_clyde-combo%29%28g_performance%29%28e_p-search%29%28b_goo%29%28o_conversions%29%28f_text%29%28i_aon%29&amp;amp=&amp;utm_term=clyde+amag&amp;amp=&amp;utm_content=%28ma_clyde%29%28t_brand-combo%29%28l_de%29%28p_clyde-combo%29%28s_brand-amag%29%28g_performance%29%28e_p-search%29%28b_goo%29%28o_conversions%29%28f_text%29%28i_aon%29\">abonnement automobile Clyde<\/a> offre une solution \u00e0 tous ceux et celles qui souhaitent d\u00e9couvrir la mobilit\u00e9 \u00e9lectrique de mani\u00e8re flexible sans se d\u00e9cider imm\u00e9diatement \u00e0 l\u2019achat. En effet, avec Clyde, tu peux t\u2019abonner \u00e0 une voiture \u00e9lectrique \u00e0 un prix mensuel fixe. L\u2019abonnement comprend tous les services n\u00e9cessaires, tels que l\u2019assurance, l\u2019entretien et le changement de pneus. Tu pourras ainsi te lancer facilement dans la mobilit\u00e9 \u00e9lectrique.<\/p>\n      <\/div>\r\n    <\/div>\r\n  <\/div>\r\n<\/div>\r\n\r\n\r\n<p>2.\u00a0\u00a0<strong>Recharge<\/strong><\/p>\r\n<p>L\u2019<a href=\"https:\/\/www.amag-group.ch\/blog\/fr\/infrastructure-de-recharge-pour-les-voitures-electriques-la-base-dune-transition-reussie-en-matiere-de-mobilite\/\">extension de l\u2019infrastructure de recharge<\/a> constitue un autre d\u00e9fi. Il y a certes de plus en plus de stations de recharge, en particulier dans les villes, mais le r\u00e9seau n\u2019est pas encore g\u00e9n\u00e9ralis\u00e9 dans les r\u00e9gions rurales. Le groupe AMAG encourage le d\u00e9veloppement de cette infrastructure en construisant des zones permettant de recharger facilement les v\u00e9hicules \u00e9lectriques.<\/p>\r\n<p><img decoding=\"async\" class=\"size-full wp-image-30992 alignleft\" src=\"https:\/\/www.amag-group.ch\/blog\/wp-content\/uploads\/2024\/11\/dein-einstieg-in-die-elektromobilitaet-so-gelingts-blog-amag-group-5.jpg\" alt=\"\" width=\"1390\" height=\"925\" srcset=\"https:\/\/www.amag-group.ch\/blog\/wp-content\/uploads\/2024\/11\/dein-einstieg-in-die-elektromobilitaet-so-gelingts-blog-amag-group-5.jpg 1390w, https:\/\/www.amag-group.ch\/blog\/wp-content\/uploads\/2024\/11\/dein-einstieg-in-die-elektromobilitaet-so-gelingts-blog-amag-group-5-620x414.jpg 620w, https:\/\/www.amag-group.ch\/blog\/wp-content\/uploads\/2024\/11\/dein-einstieg-in-die-elektromobilitaet-so-gelingts-blog-amag-group-5-720x480.jpg 720w\" sizes=\"(max-width: 1390px) 100vw, 1390px\" \/><\/p>\r\n<p>Les <a href=\"https:\/\/parking.amag.ch\/de\/ueber-uns\/vision-innovation\/ladehaus.html\">quatre zones de recharge Utoquai, Messe, Kongress et Op\u00e9ra de Zurich<\/a> constituent le point de d\u00e9part. Elles proposent des stations de recharge rapide modernes avec une puissance de charge \u00e9lev\u00e9e pour recharger les voitures \u00e9lectriques en un rien de temps. AMAG soutient \u00e9galement la mise en place d\u2019un r\u00e9seau national de recharge rapide en Suisse afin de faciliter l\u2019acc\u00e8s \u00e0 la mobilit\u00e9 \u00e9lectrique pour tous et de r\u00e9duire les craintes li\u00e9es \u00e0 l\u2019autonomie.<\/p>\r\n<p>Un autre sujet est le temps de recharge, car la recharge d\u2019une voiture \u00e9lectrique peut prendre jusqu\u2019\u00e0 plusieurs heures, en particulier si aucune station de recharge rapide n\u2019est disponible.<\/p>\r\n\r\n<div class=\"about-person type2 full-mob\">\r\n  <div class=\"text-holder\">\r\n          <h3 class=\"h3\">Id\u00e9e re\u00e7ue no2: <br \/>\r\n\u00able chargement dure trop longtemps\u00bb<\/h3>\r\n        <p>Il est vrai que la recharge compl\u00e8te d\u2019un v\u00e9hicule \u00e9lectrique sur une prise domestique peut prendre beaucoup de temps. C\u2019est pourquoi de nombreuses personnes rechargent confortablement leur v\u00e9hicule chez elles pendant la nuit ou pendant leur travail sur leur lieu de travail. Si une station de recharge rapide est disponible, la batterie d\u2019une voiture \u00e9lectrique peut \u00eatre recharg\u00e9e jusqu\u2019\u00e0 80% en 30\u00a0minutes.<\/p>\n  <\/div>\r\n<\/div>\r\n\r\n\r\n<p><img decoding=\"async\" class=\"aligncenter size-full wp-image-30989\" src=\"https:\/\/www.amag-group.ch\/blog\/wp-content\/uploads\/2024\/11\/dein-einstieg-in-die-elektromobilitaet-so-gelingts-blog-amag-group-4.jpg\" alt=\"\" width=\"1500\" height=\"1000\" srcset=\"https:\/\/www.amag-group.ch\/blog\/wp-content\/uploads\/2024\/11\/dein-einstieg-in-die-elektromobilitaet-so-gelingts-blog-amag-group-4.jpg 1500w, https:\/\/www.amag-group.ch\/blog\/wp-content\/uploads\/2024\/11\/dein-einstieg-in-die-elektromobilitaet-so-gelingts-blog-amag-group-4-620x414.jpg 620w, https:\/\/www.amag-group.ch\/blog\/wp-content\/uploads\/2024\/11\/dein-einstieg-in-die-elektromobilitaet-so-gelingts-blog-amag-group-4-720x480.jpg 720w\" sizes=\"(max-width: 1500px) 100vw, 1500px\" \/><\/p>\r\n<p>Il est possible de profiter de co\u00fbts relativement faibles. Avec un <a href=\"https:\/\/www.prix-electricite.elcom.admin.ch\/?period=2024\">prix moyen de l\u2019\u00e9lectricit\u00e9 de 32,14\u00a0ct.\/kWh en 2024<\/a>, les co\u00fbts de recharge sur ta propre prise \u00e9lectrique s\u2019\u00e9l\u00e8vent \u00e0 environ CHF\u00a06.\u2013 pour une distance de 100\u00a0km. Pour une autonomie de 600\u00a0km, une recharge co\u00fbte donc environ CHF\u00a036.\u2013.<\/p>\r\n<ol start=\"3\">\r\n\t<li>\r\n<h4><strong>\u00a0Batterie et autonomie<\/strong><\/h4>\r\n<\/li>\r\n<\/ol>\r\n<p>L\u2019autonomie d\u2019un v\u00e9hicule \u00e9lectrique et la dur\u00e9e de vie de la batterie sont des th\u00e8mes centraux dans le d\u00e9bat sur la mobilit\u00e9 \u00e9lectrique.<\/p>\r\n<p><a href=\"https:\/\/www.amag-group.ch\/blog\/batterie-gigafabrik-in-salzgitter-ein-meilenstein-fuer-die-elektromobilitaet\/\">La batterie est la pi\u00e8ce ma\u00eetresse d\u2019une voiture \u00e9lectrique<\/a>. Les batteries lithium-ion modernes ont une longue dur\u00e9e de vie, de nombreux constructeurs proposent des garanties allant jusqu\u2019\u00e0 8\u00a0ans ou 160\u00a0000\u00a0kilom\u00e8tres. M\u00eame apr\u00e8s cette p\u00e9riode, la plupart des batteries conservent encore une grande partie de leur capacit\u00e9. En outre, des concepts de recyclage innovants sont en cours d\u2019\u00e9laboration afin d\u2019accro\u00eetre la durabilit\u00e9 des batteries.<\/p>\r\n<p><a href=\"https:\/\/www.amag-group.ch\/blog\/fr\/mobilite-electrique-et-voitures-electriques-leur-fonctionnement-et-leurs-caracteristiques\/\">Outre les batteries, les performances et l\u2019autonomie sont souvent consid\u00e9r\u00e9es d\u2019un \u0153il critique<\/a>. Le manque d\u2019autonomie est une crainte qui revient souvent. L\u2019id\u00e9e est que la batterie d\u2019une voiture \u00e9lectrique ne serait pas suffisante pour parcourir de longues distances.<\/p>\r\n\r\n<div class=\"about-person type2 full-mob\">\r\n  <div class=\"text-holder\">\r\n          <h3 class=\"h3\">Id\u00e9e re\u00e7ue no3: <br \/>\r\nles voitures \u00e9lectriques n\u2019ont pas assez d\u2019autonomie <\/h3>\r\n        <p>Les voitures \u00e9lectriques modernes disposent d\u2019autonomies allant jusqu\u2019\u00e0 500\u00a0kilom\u00e8tres et plus, ce qui est amplement suffisant pour la plupart des trajets quotidiens. La distance quotidienne moyenne de 40\u00a0kilom\u00e8tres parcourue est bien inf\u00e9rieure \u00e0 l\u2019autonomie des v\u00e9hicules \u00e9lectriques modernes. La crainte du manque d\u2019autonomie est donc souvent infond\u00e9e, en particulier chez les automobilistes qui parcourent principalement des distances courtes ou moyennes. De plus, il existe de plus en plus de stations de recharge rapide qui facilitent la recharge sur la route.<\/p>\n  <\/div>\r\n<\/div>\r\n\r\n\r\n<p>L\u2019essai de conduite d\u2019AMAG sur le th\u00e8me de l\u2019autonomie avec la nouvelle <a href=\"https:\/\/www.amag.ch\/fr\/trouver-une-voiture\/par-marque\/vw\/id-7.html\">voiture \u00e9lectrique ID.7 de Volkswagen<\/a> a montr\u00e9 que les voitures \u00e9lectriques permettaient d\u00e9j\u00e0 de parcourir de longues distances. L\u2019ID.7 a ainsi \u00e9t\u00e9 sp\u00e9cialement d\u00e9velopp\u00e9e pour les longs trajets: la version standard peut atteindre une autonomie maximale d\u2019environ 615\u00a0km et la variante la plus grande, jusqu\u2019\u00e0 700\u00a0km.<\/p>\r\n<h3><strong>Et toi, quand vas-tu franchir le pas?<\/strong><\/h3>\r\n<p>Si la mobilit\u00e9 \u00e9lectrique est synonyme d\u2019immenses opportunit\u00e9s en mati\u00e8re de durabilit\u00e9, elle offre \u00e9galement aux automobilistes un plaisir de conduite et un confort exceptionnel. Pour les d\u00e9butants et d\u00e9butantes, entrer dans le monde des voitures \u00e9lectriques peut sembler difficile au d\u00e9but, mais avec les bonnes connaissances et les solutions adapt\u00e9es, se lancer devient beaucoup plus simple. Avec l\u2019infrastructure de recharge en plein d\u00e9veloppement, les technologies de batterie innovantes et les mod\u00e8les d\u2019abonnement flexibles comme ceux de <a href=\"https:\/\/clyde.ch\/fr?amp=&amp;utm_source=bing&amp;amp=&amp;utm_medium=cpc&amp;amp=&amp;utm_campaign=%28ma_clyde%29%28t_brand-combo%29%28l_de%29%28p_clyde-combo%29%28g_performance%29%28e_p-search%29%28b_goo%29%28o_conversions%29%28f_text%29%28i_aon%29&amp;amp=&amp;utm_term=clyde+amag&amp;amp=&amp;utm_content=%28ma_clyde%29%28t_brand-combo%29%28l_de%29%28p_clyde-combo%29%28s_brand-amag%29%28g_performance%29%28e_p-search%29%28b_goo%29%28o_conversions%29%28f_text%29%28i_aon%29\">Clyde<\/a>, il existe une solution adapt\u00e9e \u00e0 chaque conducteur et conductrice, y compris pour toi.<\/p>\r\n","protected":false},"excerpt":{"rendered":"<p>L\u2019avenir de la conduite Malgr\u00e9 de nombreuses r\u00e9serves, la popularit\u00e9 des v\u00e9hicules \u00e9lectriques augmente, car ils ne g\u00e9n\u00e8rent aucune \u00e9mission directe de CO\u2082 et pr\u00e9servent ainsi l\u2019environnement pendant leur fonctionnement. En utilisant des \u00e9nergies renouvelables lors de la recharge, ils contribuent significativement \u00e0 la r\u00e9duction des \u00e9missions globales de CO\u2082. Si leur impact \u00e9cologique est [&hellip;]<\/p>\n","protected":false},"author":27,"featured_media":30980,"comment_status":"open","ping_status":"open","sticky":false,"template":"","format":"standard","meta":{"_acf_changed":false,"inline_featured_image":false,"footnotes":""},"categories":[9962],"tags":[],"class_list":["post-30944","post","type-post","status-publish","format-standard","has-post-thumbnail","hentry","category-solutions-du-futur"],"acf":[],"_links":{"self":[{"href":"https:\/\/www.amag-group.ch\/blog\/fr\/wp-json\/wp\/v2\/posts\/30944","targetHints":{"allow":["GET"]}}],"collection":[{"href":"https:\/\/www.amag-group.ch\/blog\/fr\/wp-json\/wp\/v2\/posts"}],"about":[{"href":"https:\/\/www.amag-group.ch\/blog\/fr\/wp-json\/wp\/v2\/types\/post"}],"author":[{"embeddable":true,"href":"https:\/\/www.amag-group.ch\/blog\/fr\/wp-json\/wp\/v2\/users\/27"}],"replies":[{"embeddable":true,"href":"https:\/\/www.amag-group.ch\/blog\/fr\/wp-json\/wp\/v2\/comments?post=30944"}],"version-history":[{"count":3,"href":"https:\/\/www.amag-group.ch\/blog\/fr\/wp-json\/wp\/v2\/posts\/30944\/revisions"}],"predecessor-version":[{"id":31008,"href":"https:\/\/www.amag-group.ch\/blog\/fr\/wp-json\/wp\/v2\/posts\/30944\/revisions\/31008"}],"wp:featuredmedia":[{"embeddable":true,"href":"https:\/\/www.amag-group.ch\/blog\/fr\/wp-json\/wp\/v2\/media\/30980"}],"wp:attachment":[{"href":"https:\/\/www.amag-group.ch\/blog\/fr\/wp-json\/wp\/v2\/media?parent=30944"}],"wp:term":[{"taxonomy":"category","embeddable":true,"href":"https:\/\/www.amag-group.ch\/blog\/fr\/wp-json\/wp\/v2\/categories?post=30944"},{"taxonomy":"post_tag","embeddable":true,"href":"https:\/\/www.amag-group.ch\/blog\/fr\/wp-json\/wp\/v2\/tags?post=30944"}],"curies":[{"name":"wp","href":"https:\/\/api.w.org\/{rel}","templated":true}]}}