{"id":30159,"date":"2024-05-03T16:58:29","date_gmt":"2024-05-03T14:58:29","guid":{"rendered":"https:\/\/www.amag-group.ch\/blog\/?p=30159"},"modified":"2024-05-03T17:15:37","modified_gmt":"2024-05-03T15:15:37","slug":"wir-psychologen-sind-auch-datenexperten","status":"publish","type":"post","link":"https:\/\/www.amag-group.ch\/blog\/fr\/wir-psychologen-sind-auch-datenexperten\/","title":{"rendered":"\u00abNous, psychologues, sommes aussi des sp\u00e9cialistes des donn\u00e9es\u00bb"},"content":{"rendered":"\r\n<p>Apr\u00e8s quatre ans d\u2019\u00e9tudes de psychologie, Leah Knecht, v\u00e9ritable athl\u00e8te, a accept\u00e9 un poste de stagiaire chez AMAG. Elle effectue actuellement la deuxi\u00e8me session de son programme de stage en trois parties au sein de l\u2019\u00e9quipe de rep\u00e9rage de l\u2019AMAG LAB. Nous faisons avec elle le parall\u00e8le entre le sport et l\u2019innovation.<\/p>\r\n\r\n\r\n<h4 class=\"wp-block-heading\">Ton parcours professionnel et tes connaissances en psychologie sont passionnants. Mais parle-nous d\u2019abord de tes ambitions sportives hors du commun: qu\u2019est-ce que l\u2019Hyrox exactement?<\/h4>\r\n\r\n\r\n<p>L\u2019Hyrox (prononc\u00e9 \u00abha\u00efrocks\u00bb) est un nouveau sport \u00e0 la mode qui convient \u00e0 tout le monde et qui combine fitness et endurance. La comp\u00e9tition comprend huit tours r\u00e9partis entre des modules de musculation et d\u2019endurance, sachant que les sessions de musculation sont chaque fois diff\u00e9rentes. .<\/p>\r\n\r\n\r\n<h4 class=\"wp-block-heading\">Incroyable, tu dois \u00eatre en tr\u00e8s bonne condition physique, non?<\/h4>\r\n\r\n\r\n<p>Je fais du CrossFit depuis six ans, ce qui aide forc\u00e9ment. Je veux absolument finir dans le top\u00a0100 lors de ma premi\u00e8re comp\u00e9tition d\u2019Hyrox, qui aura lieu en Suisse en 2025. Mais avant cela, je commence par le \u00abRed\u00a0Bull\u00a0400\u00bb \u00e0 Einsiedeln au mois de juin. C\u2019est une course difficile o\u00f9 il faut remonter \u00e0 pied un tremplin de saut \u00e0 ski. J\u2019ai besoin d\u2019une bonne strat\u00e9gie d\u2019entra\u00eenement pour arriver au sommet.<\/p>\r\n\r\n<div class=\"wp-block-image\">\r\n<figure class=\"aligncenter size-full\">\r\n<div id=\"attachment_30151\" style=\"width: 1930px\" class=\"wp-caption aligncenter\"><img decoding=\"async\" aria-describedby=\"caption-attachment-30151\" class=\"wp-image-30151\" src=\"https:\/\/www.amag-group.ch\/blog\/wp-content\/uploads\/2024\/05\/KnechtLeahPortrait_Linkdin-1.jpg\" alt=\"\" width=\"1920\" height=\"1280\" srcset=\"https:\/\/www.amag-group.ch\/blog\/wp-content\/uploads\/2024\/05\/KnechtLeahPortrait_Linkdin-1.jpg 1920w, https:\/\/www.amag-group.ch\/blog\/wp-content\/uploads\/2024\/05\/KnechtLeahPortrait_Linkdin-1-620x414.jpg 620w, https:\/\/www.amag-group.ch\/blog\/wp-content\/uploads\/2024\/05\/KnechtLeahPortrait_Linkdin-1-1536x1024.jpg 1536w, https:\/\/www.amag-group.ch\/blog\/wp-content\/uploads\/2024\/05\/KnechtLeahPortrait_Linkdin-1-720x480.jpg 720w\" sizes=\"(max-width: 1920px) 100vw, 1920px\" \/><p id=\"caption-attachment-30151\" class=\"wp-caption-text\">Leah Knecht, LinkedIn<\/p><\/div>\r\n<\/figure>\r\n<\/div>\r\n\r\n<h4 class=\"wp-block-heading\">Le CrossFit et l\u2019Hyrox exigent donc aussi une r\u00e9flexion strat\u00e9gique et une capacit\u00e9 d\u2019adaptation rapide. Est-ce que tu vois des parall\u00e8les entre ces disciplines sportives et les d\u00e9fis de la mobilit\u00e9 du futur auxquels se consacre le LAB?<\/h4>\r\n\r\n\r\n<p>Pour moi, il y a ind\u00e9niablement des parall\u00e8les. Dans les deux cas, il y a toujours un processus \u00e0 suivre. Dans le sport comme dans le d\u00e9veloppement de nouveaux mod\u00e8les commerciaux, il faut bien se pr\u00e9parer, r\u00e9agir rapidement aux changements et anticiper. Mais il s\u2019agit tout autant de proc\u00e9der \u00e0 une restructuration si n\u00e9cessaire et d\u2019adapter l\u2019entra\u00eenement. Ces comp\u00e9tences sont \u00e9galement essentielles pour le d\u00e9veloppement de solutions de mobilit\u00e9 innovantes.<\/p>\r\n\r\n\r\n<h4 class=\"wp-block-heading\">Sais-tu d\u00e9j\u00e0 pr\u00e9cis\u00e9ment quelles t\u00e2ches vont t\u2019\u00eatre confi\u00e9es et pour quels projets ou initiatives sp\u00e9cifiques tu soutiendras l\u2019\u00e9quipe?\u00a0<\/h4>\r\n\r\n\r\n<p>Je suis au LAB depuis une semaine et j\u2019ai d\u00e9j\u00e0 une bonne vue d\u2019ensemble. Nous allons d\u2019abord nous concentrer sur une \u00e9tude approfondie des besoins clients dans le domaine de la mobilit\u00e9 du futur. Nous nous pencherons de pr\u00e8s sur la question de savoir s\u2019il faut aborder d\u2019autres segments de client\u00e8le concernant les nouvelles formes de mobilit\u00e9. Le sujet est donc tr\u00e8s complexe et il n\u2019y a pas de voie toute trac\u00e9e. C\u2019est dans ce cadre que je pourrai mettre \u00e0 profit et en pratique les connaissances que j\u2019ai acquises lors de mes \u00e9tudes de psychologie.<\/p>\r\n\r\n\r\n<h4 class=\"wp-block-heading\">C\u2019est certain. Entrevois-tu des difficult\u00e9s particuli\u00e8res pour cette mission?<\/h4>\r\n\r\n\r\n<p>Pour moi, le principal d\u00e9fi r\u00e9side dans le fait que la question que nous nous posons est tourn\u00e9e vers l\u2019avenir. Nous pouvons certes collecter des donn\u00e9es en interrogeant des personnes, mais elles ne connaissent pas l\u2019avenir, pas plus que vous et moi. On aimerait bien s\u00fbr pouvoir dire que les donn\u00e9es collect\u00e9es nous donneront enti\u00e8rement raison. N\u00e9anmoins, il y a toujours une incertitude \u00abr\u00e9siduelle\u00bb \u00e0 laquelle nous devons faire face. Nous essayons ensuite de lever cette incertitude gr\u00e2ce \u00e0 des sp\u00e9cialistes qui connaissent bien les \u00e9volutions futures.<\/p>\r\n\r\n\r\n<h4 class=\"wp-block-heading\">Cela signifie-t-il qu\u2019il faut d\u2019abord r\u00e9fl\u00e9chir de mani\u00e8re approfondie aux questions elles-m\u00eames, avant de pouvoir aboutir \u00e0 des r\u00e9sultats probants?<\/h4>\r\n\r\n\r\n<p>Tout \u00e0 fait. Dans un premier temps, il faut d\u00e9finir les segments et, pour cela, il faut disposer d\u2019une quantit\u00e9 suffisante de donn\u00e9es. Les questions formul\u00e9es de mani\u00e8re ferm\u00e9e donnent des r\u00e9ponses plus faciles \u00e0 comparer et cat\u00e9goriser. Mais \u00e0 l\u2019avenir, il serait tr\u00e8s int\u00e9ressant de mener des entretiens avec des groupes de discussion, ou de simplement laisser ces groupes de discussion nous expliquer comment ils envisagent l\u2019avenir de la mobilit\u00e9. Cela nous donnerait un aper\u00e7u pr\u00e9cieux de points de vue que nous n\u2019avons pas encore envisag\u00e9s.<\/p>\r\n\r\n\r\n<h4 class=\"wp-block-heading\">Existe-t-il d\u00e9j\u00e0 des questions actuelles dans le domaine de la mobilit\u00e9 qui pourraient b\u00e9n\u00e9ficier de connaissances en psychologie?<\/h4>\r\n\r\n\r\n<p>La psychologie peut aider \u00e0 comprendre comment les personnes per\u00e7oivent et utilisent les nouveaux services de mobilit\u00e9 comme le covoiturage, quelles barri\u00e8res existent et comment les surmonter. Parall\u00e8lement, nous donnons un aper\u00e7u des pr\u00e9f\u00e9rences, des pr\u00e9occupations et des attitudes des utilisatrices et utilisateurs. En ce qui concerne les v\u00e9hicules autonomes, nous cherchons \u00e0 savoir comment instaurer la confiance et quels facteurs psychologiques influencent le sentiment de s\u00e9curit\u00e9. Cette connaissance peut contribuer \u00e0 am\u00e9liorer l\u2019acceptation et l\u2019utilisation des v\u00e9hicules autonomes. Des concepts psychologiques tels que le principe de r\u00e9compense, les normes sociales et la formation des habitudes peuvent \u00eatre importants.<\/p>\r\n\r\n<div class=\"wp-block-image\">\r\n<figure class=\"aligncenter size-full\">\r\n<div id=\"attachment_30140\" style=\"width: 549px\" class=\"wp-caption aligncenter\"><img decoding=\"async\" aria-describedby=\"caption-attachment-30140\" class=\"wp-image-30140\" src=\"https:\/\/www.amag-group.ch\/blog\/wp-content\/uploads\/2024\/05\/AMAG-LAB.png\" alt=\"\" width=\"539\" height=\"270\" \/><p id=\"caption-attachment-30140\" class=\"wp-caption-text\">Domaines strat\u00e9giques d&rsquo;AMAG Innovation &amp; Venture LAB<\/p><\/div>\r\n<\/figure>\r\n<h4 class=\"wp-block-heading\">Bon \u00e0 savoir. Et comment concilies-tu ta passion pour le sport et tes exp\u00e9riences professionnelles?<\/h4>\r\n<\/div>\r\n\r\n<p>Mes \u00e9checs sportifs m\u2019ont beaucoup appris sur la mani\u00e8re de g\u00e9rer les situations difficiles dans un environnement professionnel. Par exemple, apr\u00e8s une mauvaise s\u00e9ance de sprint, il ne faut pas se laisser abattre, mais plut\u00f4t penser \u00e0 son prochain entra\u00eenement et penser \u00e0 ce que l\u2019on va am\u00e9liorer. \u00c0 vrai dire, il en va de m\u00eame dans le monde professionnel. On se fixe des objectifs ambitieux, auxquels on n\u2019a peut-\u00eatre pas r\u00e9fl\u00e9chi jusqu\u2019au bout, et on se retrouve frustr\u00e9 de ne pas r\u00e9ussir \u00e0 les mettre en \u0153uvre en temps voulu. Dans ce contexte, il vaut mieux se fixer des objectifs modestes relevant du processus, qui finissent par former un tout. La mobilit\u00e9 va \u00e9voluer et nous voulons montrer notre impact dans ce domaine. Cela ne se fait pas du jour au lendemain. Au contraire, cela prend du temps et c\u2019est \u00e9tape par \u00e9tape que nous y parviendrons.<\/p>\r\n\r\n\r\n<h4 class=\"wp-block-heading\">Tu es \u00e0 mi-parcours de ton programme de stage en trois parties. Que retiens-tu des diff\u00e9rents domaines que tu as pu aborder?<\/h4>\r\n\r\n\r\n<p>Pour moi, il a toujours \u00e9t\u00e9 important de travailler avec des donn\u00e9es et des statistiques, sans pour autant perdre le lien avec la psychologie. Je suis aussi tr\u00e8s ouverte \u00e0 l\u2019id\u00e9e d\u2019essayer de nouvelles choses. Et dans l\u2019annonce d\u2019emploi d\u2019AMAG, on pouvait lire: \u00abTu peux le faire ici\u00bb. Cela se confirme d\u00e9sormais aussi dans mon parcours: j\u2019ai commenc\u00e9 chez charge:ON, o\u00f9 j\u2019ai d\u00fb me pencher sur le th\u00e8me de l\u2019\u00e9lectromobilit\u00e9. Aujourd\u2019hui, au LAB, c\u2019est l\u2019humain qui est au centre des pr\u00e9occupations. Je peux donc mettre \u00e0 profit mes \u00e9tudes de mani\u00e8re optimale. Dans six mois, je vais travailler chez Retail au sein des affaires op\u00e9rationnelles dans le domaine de la Customer Centricity. \u00c0 l\u2019issue de mon programme de stage, je conna\u00eetrai donc bien AMAG et je pourrai d\u00e9cider dans quel domaine je souhaite me sp\u00e9cialiser.<\/p>\r\n\r\n\r\n<h4 class=\"wp-block-heading\">Merci beaucoup pour cet entretien d\u00e9taill\u00e9 et passionnant, Leah. Tous nos v\u0153ux de r\u00e9ussite pour la suite!<\/h4>\r\n","protected":false},"excerpt":{"rendered":"<p>Apr\u00e8s quatre ans d\u2019\u00e9tudes de psychologie, Leah Knecht, v\u00e9ritable athl\u00e8te, a accept\u00e9 un poste de stagiaire chez AMAG. Elle effectue actuellement la deuxi\u00e8me session de son programme de stage en trois parties au sein de l\u2019\u00e9quipe de rep\u00e9rage de l\u2019AMAG LAB. Nous faisons avec elle le parall\u00e8le entre le sport et l\u2019innovation. Ton parcours professionnel [&hellip;]<\/p>\n","protected":false},"author":100,"featured_media":30149,"comment_status":"open","ping_status":"open","sticky":false,"template":"","format":"standard","meta":{"_acf_changed":false,"inline_featured_image":false,"footnotes":""},"categories":[9827],"tags":[],"class_list":["post-30159","post","type-post","status-publish","format-standard","has-post-thumbnail","hentry","category-next-generation-fr"],"acf":[],"_links":{"self":[{"href":"https:\/\/www.amag-group.ch\/blog\/fr\/wp-json\/wp\/v2\/posts\/30159","targetHints":{"allow":["GET"]}}],"collection":[{"href":"https:\/\/www.amag-group.ch\/blog\/fr\/wp-json\/wp\/v2\/posts"}],"about":[{"href":"https:\/\/www.amag-group.ch\/blog\/fr\/wp-json\/wp\/v2\/types\/post"}],"author":[{"embeddable":true,"href":"https:\/\/www.amag-group.ch\/blog\/fr\/wp-json\/wp\/v2\/users\/100"}],"replies":[{"embeddable":true,"href":"https:\/\/www.amag-group.ch\/blog\/fr\/wp-json\/wp\/v2\/comments?post=30159"}],"version-history":[{"count":3,"href":"https:\/\/www.amag-group.ch\/blog\/fr\/wp-json\/wp\/v2\/posts\/30159\/revisions"}],"predecessor-version":[{"id":30177,"href":"https:\/\/www.amag-group.ch\/blog\/fr\/wp-json\/wp\/v2\/posts\/30159\/revisions\/30177"}],"wp:featuredmedia":[{"embeddable":true,"href":"https:\/\/www.amag-group.ch\/blog\/fr\/wp-json\/wp\/v2\/media\/30149"}],"wp:attachment":[{"href":"https:\/\/www.amag-group.ch\/blog\/fr\/wp-json\/wp\/v2\/media?parent=30159"}],"wp:term":[{"taxonomy":"category","embeddable":true,"href":"https:\/\/www.amag-group.ch\/blog\/fr\/wp-json\/wp\/v2\/categories?post=30159"},{"taxonomy":"post_tag","embeddable":true,"href":"https:\/\/www.amag-group.ch\/blog\/fr\/wp-json\/wp\/v2\/tags?post=30159"}],"curies":[{"name":"wp","href":"https:\/\/api.w.org\/{rel}","templated":true}]}}