{"id":29898,"date":"2023-12-22T16:40:50","date_gmt":"2023-12-22T15:40:50","guid":{"rendered":"https:\/\/www.amag-group.ch\/blog\/?p=29898"},"modified":"2023-12-22T16:40:50","modified_gmt":"2023-12-22T15:40:50","slug":"les-six-idees-recues-les-plus-courantes-a-propos-des-voitures-electriques","status":"publish","type":"post","link":"https:\/\/www.amag-group.ch\/blog\/fr\/les-six-idees-recues-les-plus-courantes-a-propos-des-voitures-electriques\/","title":{"rendered":"Les six id\u00e9es re\u00e7ues les plus courantes \u00e0 propos des voitures \u00e9lectriques"},"content":{"rendered":"\r\n<p>Les v\u00e9hicules \u00e9lectriques se remarquent de plus en plus dans le paysage routier suisse. Pourtant, le th\u00e8me de la mobilit\u00e9 \u00e9lectrique comporte encore bien des id\u00e9es re\u00e7ues et des pr\u00e9jug\u00e9s reposant souvent sur des informations d\u00e9su\u00e8tes ou erron\u00e9es. Nous d\u00e9non\u00e7ons ces fausses informations et r\u00e9futons les six id\u00e9es re\u00e7ues les plus courantes.<\/p>\r\n\r\n\r\n<h2 class=\"wp-block-heading\">Id\u00e9e re\u00e7ue n<sup>o<\/sup>1: les voitures \u00e9lectriques co\u00fbtent cher<\/h2>\r\n\r\n\r\n<p>Cette id\u00e9e re\u00e7ue n\u2019est que partiellement acceptable. Les voitures \u00e9lectriques sont certes plus ch\u00e8res \u00e0 l\u2019achat que des v\u00e9hicules thermiques comparables, mais plus avantageuses en termes d\u2019entretien et de consommation. De plus, le prix des batteries ne cesse de baisser, ce qui diminue les co\u00fbts d\u2019acquisition.\u00a0<a href=\"https:\/\/www.isi.fraunhofer.de\/de\/presse\/2023\/presseinfo-04-elektroauto-versus-Verbrenner-Kostenanalyse.html\">Selon une \u00e9tude de 2023 r\u00e9alis\u00e9e par l\u2019institut Fraunhofer, les voitures \u00e9lectriques de classe moyenne atteignent d\u00e9j\u00e0 au bout de trois ans le point d\u2019\u00e9galisation des co\u00fbts avec les moteurs thermiques de classe identique.<\/a>\u00a0Les utilisateurs et utilisatrices de v\u00e9hicules \u00e9lectriques, qui rechargent leurs voitures avec du courant photovolta\u00efque qu\u2019ils produisent eux-m\u00eames, \u00e9conomisent par ailleurs de l\u2019argent.<\/p>\r\n\r\n\r\n<h2 class=\"wp-block-heading\">Id\u00e9e re\u00e7ue n<sup>o<\/sup>2: les voitures \u00e9lectriques ont une autonomie trop limit\u00e9e<\/h2>\r\n\r\n\r\n<p>Cette id\u00e9e re\u00e7ue est \u00e9galement d\u00e9pass\u00e9e. Aujourd\u2019hui, la plupart des voitures \u00e9lectriques ont une autonomie de plus de 300\u00a0kilom\u00e8tres, ce qui est plus que suffisant pour des besoins de conduite moyens. De plus, l\u2019autonomie cro\u00eet \u00e0 chaque nouvelle g\u00e9n\u00e9ration de batteries et de v\u00e9hicules.\u00a0<a href=\"https:\/\/www.volkswagen.ch\/fr\/modeles\/id4.html\/__layer\/carfeatures\/features\/models\/id_4\/usp\/leistung---reichweite\/master.layer\">La derni\u00e8re g\u00e9n\u00e9ration de voitures \u00e9lectriques, comme\u00a0l\u2019ID.4 de Volkswagen, affiche m\u00eame une autonomie pouvant atteindre 520\u00a0kilom\u00e8tres.<\/a>\u00a0<\/p>\r\n\r\n\r\n<figure class=\"wp-block-image size-full\"><img decoding=\"async\" width=\"2000\" height=\"1334\" class=\"wp-image-29835\" src=\"https:\/\/www.amag-group.ch\/blog\/wp-content\/uploads\/2023\/11\/elettromobilita-e-auto-elettriche-come-funzionano-e-cosa-le-contraddistingue-blog-amag-group.jpg\" alt=\"Elettromobilit\u00e0 e auto elettriche: come funzionano e cosa le contraddistingue - Blog der AMAG Group AG\" srcset=\"https:\/\/www.amag-group.ch\/blog\/wp-content\/uploads\/2023\/11\/elettromobilita-e-auto-elettriche-come-funzionano-e-cosa-le-contraddistingue-blog-amag-group.jpg 2000w, https:\/\/www.amag-group.ch\/blog\/wp-content\/uploads\/2023\/11\/elettromobilita-e-auto-elettriche-come-funzionano-e-cosa-le-contraddistingue-blog-amag-group-620x414.jpg 620w, https:\/\/www.amag-group.ch\/blog\/wp-content\/uploads\/2023\/11\/elettromobilita-e-auto-elettriche-come-funzionano-e-cosa-le-contraddistingue-blog-amag-group-1536x1025.jpg 1536w, https:\/\/www.amag-group.ch\/blog\/wp-content\/uploads\/2023\/11\/elettromobilita-e-auto-elettriche-come-funzionano-e-cosa-le-contraddistingue-blog-amag-group-720x480.jpg 720w\" sizes=\"(max-width: 2000px) 100vw, 2000px\" \/><\/figure>\r\n\r\n\r\n<h2 class=\"wp-block-heading\">Id\u00e9e re\u00e7ue n<sup>o<\/sup>3: les voitures \u00e9lectriques ne sont pas durables<\/h2>\r\n\r\n\r\n<p>Cette id\u00e9e re\u00e7ue est fausse. Les voitures \u00e9lectriques pr\u00e9sentent un bilan \u00e9cologique nettement meilleur que les voitures thermiques, tant en termes d\u2019\u00e9missions de CO<sub>2<\/sub> que de consommation des ressources.\u00a0<a href=\"https:\/\/www.tcs.ch\/fr\/tests-conseils\/conseils\/mobilite-electrique\/faq-mobilite-electrique.php\">Selon le Touring\u00a0Club\u00a0Suisse, une voiture \u00e9lectrique moyenne produit environ 30\u00a0tonnes de gaz \u00e0 effet de serre pour un kilom\u00e9trage moyen estim\u00e9 \u00e0 200\u2019000\u00a0kilom\u00e8tres.<\/a> De la production \u00e0 l\u2019\u00e9limination, les \u00e9missions d\u2019un moteur essence sont plus de deux fois sup\u00e9rieures. En particulier en Suisse, l\u2019\u00e9lectricit\u00e9 provient d\u2019une production \u00e0 faibles \u00e9missions, comme les centrales hydrauliques et nucl\u00e9aires, ce qui accro\u00eet consid\u00e9rablement le bilan carbone des voitures \u00e9lectriques. La durabilit\u00e9 est encore sup\u00e9rieure lorsqu\u2019on a une installation photovolta\u00efque sur son toit.<\/p>\r\n\r\n\r\n<h2 class=\"wp-block-heading\">Id\u00e9e re\u00e7ue n<sup>o<\/sup>4: les voitures \u00e9lectriques ont des dur\u00e9es de recharge trop longues<\/h2>\r\n\r\n\r\n<p>Voici une id\u00e9e re\u00e7ue ambigu\u00eb. La recharge d\u2019une voiture \u00e9lectrique ne peut pas \u00eatre compar\u00e9e au plein de carburant d\u2019un moteur thermique. En effet, la voiture \u00e9lectrique est recharg\u00e9e la plupart du temps lorsqu\u2019elle est immobilis\u00e9e de toute fa\u00e7on pour une p\u00e9riode prolong\u00e9e, p. ex. \u00e0 la maison ou au travail. Mais quelle est la dur\u00e9e r\u00e9elle de recharge d\u2019une voiture \u00e9lectrique? Une station de recharge rapide permet de recharger la voiture \u00e9lectrique en 10\u00a0minutes environ pour une distance de 100\u00a0kilom\u00e8tres, ce qui suffit pour des trajets plus longs.\u00a0<\/p>\r\n\r\n\r\n<h2 class=\"wp-block-heading\">Id\u00e9e re\u00e7ue n<sup>o<\/sup>5: les voitures \u00e9lectriques ne disposent pas de stations de recharge publiques suffisantes<\/h2>\r\n\r\n\r\n<p>De m\u00eame, cette id\u00e9e re\u00e7ue est infond\u00e9e.\u00a0<a href=\"https:\/\/www.suisseenergie.ch\/tools\/infrastructure-de-charge-suisse\/?pk_vid=d2a136885293f52c1700037714a50f0a\">Le nombre de points de recharge publics et semi-publics en Suisse a fortement augment\u00e9 ces derni\u00e8res ann\u00e9es et on en compte actuellement environ 9100.<\/a>\u00a0En outre, on trouve diff\u00e9rents fournisseurs et initiatives qui promeuvent et simplifient le d\u00e9veloppement du r\u00e9seau de recharge. <a href=\"https:\/\/www.amag.ch\/fr\/trouver-une-voiture\/voitures-des-concessionnaires-amag\/electromobilite\/services\/ladestation.html\">Le groupe AMAG aussi installe des stations de recharge rapide dans un bon nombre de ses sites. Elles sont \u00e9galement \u00e0 la disposition du grand public.<\/a>\u00a0De surcro\u00eet, la plupart des voitures \u00e9lectriques sont recharg\u00e9es de toute mani\u00e8re dans leur propre garage ou sur le parking de l\u2019entreprise.<\/p>\r\n\r\n\r\n<figure class=\"wp-block-image size-full\"><img decoding=\"async\" width=\"2000\" height=\"1334\" class=\"wp-image-29890\" src=\"https:\/\/www.amag-group.ch\/blog\/wp-content\/uploads\/2023\/12\/AMAG-Elektromobilitat-2021_16.jpg\" alt=\"\" srcset=\"https:\/\/www.amag-group.ch\/blog\/wp-content\/uploads\/2023\/12\/AMAG-Elektromobilitat-2021_16.jpg 2000w, https:\/\/www.amag-group.ch\/blog\/wp-content\/uploads\/2023\/12\/AMAG-Elektromobilitat-2021_16-620x414.jpg 620w, https:\/\/www.amag-group.ch\/blog\/wp-content\/uploads\/2023\/12\/AMAG-Elektromobilitat-2021_16-1536x1025.jpg 1536w, https:\/\/www.amag-group.ch\/blog\/wp-content\/uploads\/2023\/12\/AMAG-Elektromobilitat-2021_16-720x480.jpg 720w\" sizes=\"(max-width: 2000px) 100vw, 2000px\" \/><\/figure>\r\n\r\n\r\n<h2 class=\"wp-block-heading\">Id\u00e9e re\u00e7ue n<sup>o<\/sup>6: les voitures \u00e9lectriques ne sont pas au point, elles sont peu fiables et dangereuses<\/h2>\r\n\r\n\r\n<p>Cette id\u00e9e re\u00e7ue n\u2019est pas d\u00e9montr\u00e9e. Les voitures \u00e9lectriques sont techniquement au point et fiables, ce qui se refl\u00e8te dans les longues garanties accord\u00e9es par les constructeurs. La s\u00e9curit\u00e9 des voitures \u00e9lectriques est au moins \u00e9quivalente, voire sup\u00e9rieure, \u00e0 celle des v\u00e9hicules thermiques, car elles sont moins sensibles aux incendies, aux explosions ou \u00e0 d\u2019autres dommages.\u00a0<a href=\"https:\/\/www.allianz.de\/auto\/kfz-versicherung\/elektroauto-versicherung\/elektroauto-betrieb\/sicherheit\/#:~:text=Wie%20sicher%20sind%20Elektroautos%3F%201%20Die%20Sicherheit%20von,mani%C2%ADpulieren%20und%20auf%20Ihre%20Kosten%20Strom%20tanken.%20\">Des crash-tests aussi attestent les normes de s\u00e9curit\u00e9 \u00e9lev\u00e9es des voitures \u00e9lectriques.<\/a><\/p>\r\n","protected":false},"excerpt":{"rendered":"<p>Les v\u00e9hicules \u00e9lectriques se remarquent de plus en plus dans le paysage routier suisse. Pourtant, le th\u00e8me de la mobilit\u00e9 \u00e9lectrique comporte encore bien des id\u00e9es re\u00e7ues et des pr\u00e9jug\u00e9s reposant souvent sur des informations d\u00e9su\u00e8tes ou erron\u00e9es. Nous d\u00e9non\u00e7ons ces fausses informations et r\u00e9futons les six id\u00e9es re\u00e7ues les plus courantes. Id\u00e9e re\u00e7ue no1: [&hellip;]<\/p>\n","protected":false},"author":100,"featured_media":29886,"comment_status":"open","ping_status":"open","sticky":false,"template":"","format":"standard","meta":{"_acf_changed":false,"inline_featured_image":false,"footnotes":""},"categories":[],"tags":[],"class_list":["post-29898","post","type-post","status-publish","format-standard","has-post-thumbnail","hentry"],"acf":[],"_links":{"self":[{"href":"https:\/\/www.amag-group.ch\/blog\/fr\/wp-json\/wp\/v2\/posts\/29898","targetHints":{"allow":["GET"]}}],"collection":[{"href":"https:\/\/www.amag-group.ch\/blog\/fr\/wp-json\/wp\/v2\/posts"}],"about":[{"href":"https:\/\/www.amag-group.ch\/blog\/fr\/wp-json\/wp\/v2\/types\/post"}],"author":[{"embeddable":true,"href":"https:\/\/www.amag-group.ch\/blog\/fr\/wp-json\/wp\/v2\/users\/100"}],"replies":[{"embeddable":true,"href":"https:\/\/www.amag-group.ch\/blog\/fr\/wp-json\/wp\/v2\/comments?post=29898"}],"version-history":[{"count":1,"href":"https:\/\/www.amag-group.ch\/blog\/fr\/wp-json\/wp\/v2\/posts\/29898\/revisions"}],"predecessor-version":[{"id":29900,"href":"https:\/\/www.amag-group.ch\/blog\/fr\/wp-json\/wp\/v2\/posts\/29898\/revisions\/29900"}],"wp:featuredmedia":[{"embeddable":true,"href":"https:\/\/www.amag-group.ch\/blog\/fr\/wp-json\/wp\/v2\/media\/29886"}],"wp:attachment":[{"href":"https:\/\/www.amag-group.ch\/blog\/fr\/wp-json\/wp\/v2\/media?parent=29898"}],"wp:term":[{"taxonomy":"category","embeddable":true,"href":"https:\/\/www.amag-group.ch\/blog\/fr\/wp-json\/wp\/v2\/categories?post=29898"},{"taxonomy":"post_tag","embeddable":true,"href":"https:\/\/www.amag-group.ch\/blog\/fr\/wp-json\/wp\/v2\/tags?post=29898"}],"curies":[{"name":"wp","href":"https:\/\/api.w.org\/{rel}","templated":true}]}}