{"id":28912,"date":"2023-02-01T14:40:21","date_gmt":"2023-02-01T13:40:21","guid":{"rendered":"https:\/\/www.amag-group.ch\/blog\/?p=28912"},"modified":"2023-02-01T14:40:25","modified_gmt":"2023-02-01T13:40:25","slug":"amag-next-generation-svenja-la-transition-energetique-me-tient-a-coeur","status":"publish","type":"post","link":"https:\/\/www.amag-group.ch\/blog\/fr\/amag-next-generation-svenja-la-transition-energetique-me-tient-a-coeur\/","title":{"rendered":"<strong>AMAG Next\u00a0Generation, Svenja: \u00abLa transition \u00e9nerg\u00e9tique me tient \u00e0 c\u0153ur\u00bb<\/strong>"},"content":{"rendered":"  <div class=\"text-block\">\r\n    <p>La vie professionnelle de Svenja a commenc\u00e9, comme pour beaucoup d\u2019autres jeunes adultes, par un apprentissage en milieu professionnel. Apr\u00e8s avoir termin\u00e9 l\u2019\u00e9cole obligatoire, elle a dans un premier temps effectu\u00e9 un stage de deux\u00a0ans dans diff\u00e9rentes cr\u00e8ches, puis suivi une formation de trois\u00a0ans pour devenir assistante socio-\u00e9ducative sp\u00e9cialis\u00e9e dans l\u2019accompagnement des enfants. Une fois son dipl\u00f4me en poche, Svenja a ensuite travaill\u00e9 pendant deux\u00a0ans comme co-\u00e9ducatrice dans une cr\u00e8che et, en parall\u00e8le, comme nounou au sein d\u2019une famille.<\/p>\n<p><strong>Reconversion dans le secteur du solaire<\/strong><\/p>\n<p>En ao\u00fbt dernier, apr\u00e8s avoir exerc\u00e9 tout juste sept\u00a0ans dans l\u2019\u00e9ducation d\u2019enfants, elle a fait le pari d\u2019une r\u00e9orientation professionnelle et s\u2019est lanc\u00e9e dans le secteur de l\u2019\u00e9nergie solaire. Depuis, elle planifie des installations photovolta\u00efques pour Helion, entreprise rachet\u00e9e par le groupe\u00a0AMAG \u00e0 l\u2019automne\u00a02022. \u00abMon fr\u00e8re travaillait d\u00e9j\u00e0 chez Helion et me racontait sans cesse des anecdotes passionnantes sur son travail quotidien et sur l\u2019industrie solaire en g\u00e9n\u00e9ral. Comme j\u2019\u00e9tais de toute fa\u00e7on \u00e0 la recherche d\u2019un nouveau d\u00e9fi et que la transition \u00e9nerg\u00e9tique me tient personnellement \u00e0 c\u0153ur, une chose en a entra\u00een\u00e9 une autre.\u00bb Mais ce n\u2019est pas la seule raison qui a pouss\u00e9 Svenja \u00e0 changer de travail et \u00e0 se lancer dans le secteur de l\u2019\u00e9nergie. \u00abJe trouve passionnant de voir comment les installations photovolta\u00efques permettent de produire facilement de l\u2019\u00e9nergie. De plus, j\u2019aimerais beaucoup \u00e0 l\u2019avenir contribuer aux d\u00e9veloppements positifs des derni\u00e8res ann\u00e9es.\u00bb<\/p>\n<p>Bien que Svenja connaissait d\u00e9j\u00e0 le secteur et l\u2019entreprise Helion gr\u00e2ce aux r\u00e9cits de son fr\u00e8re, le passage \u00e0 un nouveau secteur s\u2019est n\u00e9anmoins accompagn\u00e9 de divers d\u00e9fis. \u00abComme je viens du secteur social, j\u2019ai bien s\u00fbr d\u00fb commencer par acqu\u00e9rir les connaissances techniques de base. Heureusement, gr\u00e2ce \u00e0 l\u2019offre de formation interne d\u2019Helion, \u00e0 ma motivation et \u00e0 mon go\u00fbt pour le sujet, je me suis relativement vite et bien d\u00e9brouill\u00e9e dans cette nouvelle discipline.\u00bb<\/p>\n  <\/div>\r\n\n\n\n<figure class=\"wp-block-image size-full is-resized\"><img decoding=\"async\" src=\"https:\/\/www.amag-group.ch\/blog\/wp-content\/uploads\/2023\/01\/IMG_4206.jpg\" alt=\"\" class=\"wp-image-28896\" width=\"387\" height=\"515\" srcset=\"https:\/\/www.amag-group.ch\/blog\/wp-content\/uploads\/2023\/01\/IMG_4206.jpg 1440w, https:\/\/www.amag-group.ch\/blog\/wp-content\/uploads\/2023\/01\/IMG_4206-311x414.jpg 311w, https:\/\/www.amag-group.ch\/blog\/wp-content\/uploads\/2023\/01\/IMG_4206-1152x1536.jpg 1152w\" sizes=\"(max-width: 387px) 100vw, 387px\" \/><\/figure>\n\n\n\n\n  <div class=\"text-block\">\r\n    <p><strong>Un secteur aux nombreuses possibilit\u00e9s<\/strong><\/p>\n<p>Depuis ao\u00fbt\u00a02022, Svenja ex\u00e9cute donc diverses t\u00e2ches pour un projet solaire dans le cadre de son activit\u00e9 de planificatrice photovolta\u00efque\/collaboratrice technique. Elle est notamment en charge du lancement des principales \u00e9tapes d\u2019un projet, comme la saisie des avis de construction et des demandes. En outre, elle assiste le chef de projet dans les nombreuses autres t\u00e2ches qui se pr\u00e9sentent au cours d\u2019un projet. Svenja n\u2019a jamais regrett\u00e9 de s\u2019\u00eatre lanc\u00e9e dans cette nouvelle branche: le travail lui pla\u00eet beaucoup. \u00abLes possibilit\u00e9s et les potentiels qui caract\u00e9risent le secteur de l\u2019\u00e9nergie solaire sont consid\u00e9rables. J\u2019aime travailler dans l\u2019univers des \u00e9nergies renouvelables et contribuer \u00e0 fa\u00e7onner les innovations \u00e0 venir.\u00bb<\/p>\n<p>Les perspectives professionnelles qui s\u2019offrent \u00e0 elle sont \u00e9galement int\u00e9ressantes. \u00abAvant d\u2019envisager les diff\u00e9rentes possibilit\u00e9s et les diff\u00e9rents postes, je souhaite grandir avec le secteur de l\u2019\u00e9nergie solaire, approfondir sans cesse mes connaissances en la mati\u00e8re et aider l\u2019\u00e9quipe du mieux que je peux.\u00bb<\/p>\n<p>Une r\u00e9ponse qui refl\u00e8te la maturit\u00e9 de cette jeune femme qui a r\u00e9ussi \u00e0 se lancer dans un nouveau secteur et dont le chemin est encore loin d\u2019\u00eatre termin\u00e9.<\/p>\n  <\/div>\r\n\n\n\n<figure class=\"wp-block-image size-full is-resized\"><img decoding=\"async\" src=\"https:\/\/www.amag-group.ch\/blog\/wp-content\/uploads\/2023\/01\/WhatsApp-Image-2023-01-13-at-15.55.22.jpeg\" alt=\"\" class=\"wp-image-28899\" width=\"416\" height=\"555\" srcset=\"https:\/\/www.amag-group.ch\/blog\/wp-content\/uploads\/2023\/01\/WhatsApp-Image-2023-01-13-at-15.55.22.jpeg 1440w, https:\/\/www.amag-group.ch\/blog\/wp-content\/uploads\/2023\/01\/WhatsApp-Image-2023-01-13-at-15.55.22-311x414.jpeg 311w, https:\/\/www.amag-group.ch\/blog\/wp-content\/uploads\/2023\/01\/WhatsApp-Image-2023-01-13-at-15.55.22-1152x1536.jpeg 1152w\" sizes=\"(max-width: 416px) 100vw, 416px\" \/><\/figure>\n\n\n<div class=\"about-person type2 full-mob\">\r\n  <div class=\"text-holder\">\r\n          <h3 class=\"h3\">Le secteur de l\u2019\u00e9nergie solaire<\/h3>\r\n        <p>Le secteur de l\u2019\u00e9nergie solaire se d\u00e9veloppe rapidement. Chaque ann\u00e9e ou presque, de nouveaux records d\u2019installations sont enregistr\u00e9s et l\u2019augmentation de la puissance photovolta\u00efque peut atteindre les\u00a040% par rapport \u00e0 l\u2019ann\u00e9e pr\u00e9c\u00e9dente. Il n\u2019est donc pas surprenant que les entreprises solaires, submerg\u00e9es de demandes, atteignent les limites de leurs capacit\u00e9s et que les d\u00e9lais d\u2019attente pour une nouvelle installation soient de plus en plus longs.<\/p>\n<p>Outre la p\u00e9nurie de mat\u00e9riaux, cette situation d\u00e9coule surtout du manque de personnel. Pour y rem\u00e9dier, les entreprises adoptent une strat\u00e9gie \u00e0 plusieurs volets. D\u2019une part, il s\u2019agit pour elles d\u2019inciter des personnes comme Svenja \u00e0 se reconvertir dans le secteur de l\u2019\u00e9nergie solaire et \u00e0 suivre une formation th\u00e9matique dans leurs propres centres de formation et acad\u00e9mies. D\u2019autre part, le nouvel \u00abapprentissage solaire\u00bb pr\u00e9vu pour\u00a02024 devrait constituer une aide en ce sens et favoriser la reconversion de personnes exer\u00e7ant dans un secteur professionnel en r\u00e9cession, par exemple les ramoneurs.<\/p>\n  <\/div>\r\n<\/div>\r\n\n\n<div class=\"about-person type2 full-mob\">\r\n  <div class=\"text-holder\">\r\n          <h3 class=\"h3\">L\u2019\u00abapprentissage solaire\u00bb<\/h3>\r\n        <p>Le besoin \u00e9lev\u00e9 de main-d\u2019\u0153uvre qualifi\u00e9e a fait na\u00eetre dans le secteur de l\u2019\u00e9nergie solaire le souhait d\u2019un apprentissage professionnel sp\u00e9cifique. Apr\u00e8s une phase d\u2019\u00e9laboration difficile, deux\u00a0nouveaux apprentissages professionnels dans le secteur de l\u2019\u00e9nergie solaire commenceront \u00e0 l\u2019ann\u00e9e scolaire\u00a02024-2025. Les personnes int\u00e9ress\u00e9es pourront suivre pour la premi\u00e8re\u00a0fois une formation professionnelle sp\u00e9cialis\u00e9e dans le secteur solaire pour les m\u00e9tiers d\u2019installateur\/installatrice solaire\u00a0CFC et de monteur\/monteuse solaire\u00a0AFP.<\/p>\n<p>Pour de plus amples informations sur l\u2019offre de formation pr\u00e9vue, veuillez consulter le site Internet de l\u2019association professionnelle Swissolar \u00e0 l\u2019adresse: <strong><a href=\"https:\/\/www.swissolar.ch\/fr\/pour-professionnels\/formation\/formation-professionnelle\/\">Formation professionnelle (swissolar.ch)<\/a><\/strong><\/p>\n  <\/div>\r\n<\/div>\r\n\n\n\n\n  <div class=\"text-block\">\r\n    <p>Un emploi dans le secteur de l\u2019\u00e9nergie solaire t\u2019int\u00e9resse? Tu trouveras les postes vacants chez Helion ici:<\/p>\n<p><strong><a href=\"https:\/\/www.helion.ch\/fr\/carrieres\/postes-a-pourvoir\/\">Postes \u00e0 pourvoir (helion.ch)<\/a><\/strong><\/p>\n  <\/div>\r\n","protected":false},"excerpt":{"rendered":"","protected":false},"author":98,"featured_media":28900,"comment_status":"open","ping_status":"open","sticky":false,"template":"","format":"standard","meta":{"_acf_changed":false,"inline_featured_image":false,"footnotes":""},"categories":[9827],"tags":[],"class_list":["post-28912","post","type-post","status-publish","format-standard","has-post-thumbnail","hentry","category-next-generation-fr"],"acf":[],"_links":{"self":[{"href":"https:\/\/www.amag-group.ch\/blog\/fr\/wp-json\/wp\/v2\/posts\/28912","targetHints":{"allow":["GET"]}}],"collection":[{"href":"https:\/\/www.amag-group.ch\/blog\/fr\/wp-json\/wp\/v2\/posts"}],"about":[{"href":"https:\/\/www.amag-group.ch\/blog\/fr\/wp-json\/wp\/v2\/types\/post"}],"author":[{"embeddable":true,"href":"https:\/\/www.amag-group.ch\/blog\/fr\/wp-json\/wp\/v2\/users\/98"}],"replies":[{"embeddable":true,"href":"https:\/\/www.amag-group.ch\/blog\/fr\/wp-json\/wp\/v2\/comments?post=28912"}],"version-history":[{"count":3,"href":"https:\/\/www.amag-group.ch\/blog\/fr\/wp-json\/wp\/v2\/posts\/28912\/revisions"}],"predecessor-version":[{"id":28918,"href":"https:\/\/www.amag-group.ch\/blog\/fr\/wp-json\/wp\/v2\/posts\/28912\/revisions\/28918"}],"wp:featuredmedia":[{"embeddable":true,"href":"https:\/\/www.amag-group.ch\/blog\/fr\/wp-json\/wp\/v2\/media\/28900"}],"wp:attachment":[{"href":"https:\/\/www.amag-group.ch\/blog\/fr\/wp-json\/wp\/v2\/media?parent=28912"}],"wp:term":[{"taxonomy":"category","embeddable":true,"href":"https:\/\/www.amag-group.ch\/blog\/fr\/wp-json\/wp\/v2\/categories?post=28912"},{"taxonomy":"post_tag","embeddable":true,"href":"https:\/\/www.amag-group.ch\/blog\/fr\/wp-json\/wp\/v2\/tags?post=28912"}],"curies":[{"name":"wp","href":"https:\/\/api.w.org\/{rel}","templated":true}]}}