{"id":26658,"date":"2022-05-05T14:45:01","date_gmt":"2022-05-05T12:45:01","guid":{"rendered":"https:\/\/www.amag-group.ch\/blog\/?p=26658"},"modified":"2022-05-05T16:29:36","modified_gmt":"2022-05-05T14:29:36","slug":"amag-climate-week-eine-stunde-im-zeichen-der-nachhaltigkeit","status":"publish","type":"post","link":"https:\/\/www.amag-group.ch\/blog\/fr\/amag-climate-week-eine-stunde-im-zeichen-der-nachhaltigkeit\/","title":{"rendered":"AMAG Climate Week: une heure sous le signe de la durabilit\u00e9"},"content":{"rendered":"<div class=\"text-with-post\">\r\n  <div class=\"row\">\r\n    <div class=\"col-lg-7\">\r\n              <p>Du 25 au 29 avril 2022, plus de 120 \u00e9quipes de tout le groupe AMAG (plus de 1000 collaboratrices et collaborateurs) se sont pench\u00e9es sur le sujet de la durabilit\u00e9. Dans le cadre d\u2019un atelier, elles ont pr\u00e9sent\u00e9 la <a href=\"https:\/\/www.amag-group.ch\/blog\/fr\/le-groupe-amag-sengage-a-devenir-climatiquement-neutre-dici-2025\/\">strat\u00e9gie climatique d\u2019AMAG<\/a> et les mesures qui s\u2019y rapportent, et ont test\u00e9 leur propre comportement \u00e9cologique \u00e0 l\u2019aide d\u2019un questionnaire. Ensuite, chaque \u00e9quipe a discut\u00e9 de ce que ses membres pouvaient changer, personnellement d\u2019une part et d\u2019autre part en tant qu\u2019\u00e9quipe, afin de se d\u00e9placer de mani\u00e8re plus durable et d\u2019agir ensemble contre le changement climatique.<\/p>\n<p>Les \u00ab5 R\u00bb de la durabilit\u00e9, <strong>Recycle<\/strong> (recycler), <strong>Refuse<\/strong> (rejeter), <strong>Reuse<\/strong> (r\u00e9utiliser), <strong>Reduce<\/strong> (r\u00e9duire) et <strong>Rethink<\/strong> (repenser) ont constitu\u00e9 le cadre de l\u2019AMAG Climate Week et ont aid\u00e9 \u00e0 couvrir les multiples aspects de la durabilit\u00e9 \u00e9cologique:<\/p>\n          <\/div>\r\n    <div class=\"col-lg-5 col-xl-4\">\r\n      <div class=\"wrapper-right\">\r\n                <figure class=\"post\">\n  <a href=\"https:\/\/www.amag-group.ch\/blog\/fr\/ambition-net-zero-2040\/\" class=\"img\">\n                <img decoding=\"async\" class=\"lazyload\" src=\"#\" data-src=\"https:\/\/www.amag-group.ch\/blog\/wp-content\/uploads\/2025\/02\/Strasse_Wald_taneli-lahtinen-bJiisZmEB2M-unsplash-rgb_4000px.jpg\" alt=\"Z\u00e9ro net 2040: telle est l\u2019ambition du groupe AMAG - Blog der AMAG Group AG 2\">\n      <\/a>\n  <figcaption>\n    <div class=\"wrap-text\">\n      <ul class=\"post-info\">\n        <li><a href=\"https:\/\/www.amag-group.ch\/blog\/fr\/author\/blogteam\/\">AMAG Blog-Team<\/a><\/li>\n        <li>mardi, 27. mai 2025<\/li>\n      <\/ul>\n      <h3><a href=\"https:\/\/www.amag-group.ch\/blog\/fr\/ambition-net-zero-2040\/\">Z\u00e9ro net 2040: telle est l\u2019ambition du groupe AMAG<\/a><\/h3>\n            <p><a href=\"https:\/\/www.amag-group.ch\/blog\/fr\/ambition-net-zero-2040\/\">Alors que la conscience environnementale s\u2019est fortement d\u00e9velopp\u00e9e ces derni\u00e8res ann\u00e9es, de profonds processus de transformation ont vu le jour&#8230;<\/a><\/p>\n    <\/div>\n    <div class=\"bottom\">\n                    <ul class=\"cat-links\">\n          <li><a href=\"https:\/\/www.amag-group.ch\/blog\/fr\/category\/responsabilite\/durabilite\/\">Durabilit\u00e9<\/a><\/li>        <\/ul>\n            <ul class=\"info-icons\">\n        <li>\n          <div class=\"icon-holder\">\n            <img decoding=\"async\" data-src=\"https:\/\/www.amag-group.ch\/blog\/wp-content\/themes\/autoblog-v2\/images\/icon-00001.svg\" src=\"#\" alt=\"image description\" loading=\"lazy\" class=\"lazyload\">\n          <\/div>0        <\/li>\n                  <li>\n            <div class=\"icon-holder\">\n              <img decoding=\"async\" data-src=\"https:\/\/www.amag-group.ch\/blog\/wp-content\/themes\/autoblog-v2\/images\/icon-00002.svg\" src=\"#\" alt=\"image description\" loading=\"lazy\" class=\"lazyload\">\n            <\/div>4963          <\/li>\n                <li>\n          <div class=\"share-block\">\r\n  <div class=\"icon-holder\"><img decoding=\"async\" data-src=\"https:\/\/www.amag-group.ch\/blog\/wp-content\/themes\/autoblog-v2\/images\/icon-00003.svg\" src=\"#\" alt=\"image description\" loading=\"lazy\" class=\"svg-html lazyload\"><\/div>\r\n  <div class=\"share-icons-wrapper\">\r\n    <ul class=\"share-icons\">\r\n       \r\n      <li><a href=\"https:\/\/wa.me\/?text=https:\/\/www.amag-group.ch\/blog\/fr\/ambition-net-zero-2040\/\" target=\"_blank\"><i class=\"fab fa-whatsapp\"><\/i><\/a><\/li>\r\n      <li><a href=\"http:\/\/www.facebook.com\/sharer.php?u=https:\/\/www.amag-group.ch\/blog\/fr\/ambition-net-zero-2040\/\" target=\"_blank\"><i class=\"fab fa-facebook-f\"><\/i><\/a><\/li>\r\n      <li><a href=\"http:\/\/www.linkedin.com\/shareArticle?mini=true&amp;url=https:\/\/www.amag-group.ch\/blog\/fr\/ambition-net-zero-2040\/\" target=\"_blank\"><i class=\"fab fa-linkedin-in\"><\/i><\/a><\/li>\r\n      <li><a href=\"http:\/\/twitter.com\/share?url=https:\/\/www.amag-group.ch\/blog\/fr\/ambition-net-zero-2040\/&amp;text=Z%C3%A9ro+net+2040%3A+telle+est+l%E2%80%99ambition+du+groupe+AMAG\" target=\"_blank\"><i class=\"fab fa-twitter\"><\/i><\/a><\/li>\r\n      <!-- <li><a href=\"#\" target=\"_blank\"><i class=\"fab fa-instagram\"><\/i><\/a><\/li> -->\r\n                    <li><a href=\"http:\/\/pinterest.com\/pin\/create\/button\/?url=https%3A%2F%2Fwww.amag-group.ch%2Fblog%2Ffr%2Fambition-net-zero-2040%2F&#038;media=https%3A%2F%2Fwww.amag-group.ch%2Fblog%2Fwp-content%2Fuploads%2F2025%2F02%2FStrasse_Wald_taneli-lahtinen-bJiisZmEB2M-unsplash-rgb_4000px.jpg&#038;description=Z\u00e9ro net 2040: telle est l\u2019ambition du groupe AMAG\" class=\"pin-it-button\" count-layout=\"horizontal\"  target=\"_blank\"><span class=\"fab fa-pinterest-p\"><\/span><\/a><\/li>\r\n            <li><a class=\"link-copy\" href=\"https:\/\/www.amag-group.ch\/blog\/fr\/ambition-net-zero-2040\/\" target=\"_blank\"><i class=\"far fa-clone\"><\/i><\/a><\/li>\r\n    <\/ul>\r\n  <\/div>\r\n<\/div>        <\/li>\n      <\/ul>\n    <\/div>\n  <\/figcaption>\n<\/figure>      <\/div>\r\n    <\/div>\r\n  <\/div>\r\n<\/div>\r\n\n\n<figure class=\"alignnone margins1\">\r\n      <img decoding=\"async\" data-src=\"https:\/\/www.amag-group.ch\/blog\/wp-content\/uploads\/2022\/05\/amag-climate-week-eine-stunde-im-zeichen-der-nachhaltigkeit-blog-amag-group-2.jpg\" src=\"#\" alt=\"AMAG Climate Week: Eine Stunde im Zeichen der Nachhaltigkeit - Blog der AMAG Group AG 6\" loading=\"lazy\" class=\"lazyload\">\r\n    <\/figure>\r\n\n\n  <div class=\"accordion accordion-flush\" id=\"accordionFlushExample\">\n     \n      <div class=\"accordion-item\" id=\"recycle\">\n        <h3 class=\"accordion-header\" id=\"flush-heading-0\">\n          <button class=\"accordion-button collapsed\" type=\"button\" data-bs-toggle=\"collapse\" data-bs-target=\"#flush-collapse-0\" aria-expanded=\"false\" aria-controls=\"flush-collapse-0\">\n            Recycle           <\/button>\n        <\/h3>\n        <div id=\"flush-collapse-0\" class=\"accordion-collapse collapse\" aria-labelledby=\"flush-heading-0\">\n          <div class=\"accordion-body\">\n            <h2><strong>Veille \u00e0 l\u2019\u00e9limination correcte.<\/strong><\/h2>\n<p>En pratiquant une \u00e9limination correcte, tu donnes une seconde vie \u00e0 de nombreux mat\u00e9riaux. Cela permet non seulement de pr\u00e9server certaines ressources, mais \u00e9galement de d\u00e9velopper des approches innovantes telles que des si\u00e8ges de voiture en PET recycl\u00e9.<\/p>\n<p>Lors du recyclage (du grec <em>k\u00fdklos<\/em>, \u00abcercle\u00bb et du pr\u00e9fixe latin <em>re-<\/em> \u00abde nouveau\u00bb), les d\u00e9chets sont r\u00e9utilis\u00e9s. Le \u00abnouveau\u00bb produit n\u2019a pas du tout besoin de ressembler \u00e0 l\u2019original: les bouteilles PET peuvent devenir par exemple un rev\u00eatement de si\u00e8ge de voiture ou ton ancien pot de yaourt, un banc de parc.<\/p>\n<p>Les Suisses consomment beaucoup \u2013 mais ils collectent et r\u00e9utilisent aussi plus que les autres pays. Notre pays est un leader mondial en termes de recyclage. Plus d\u2019informations ici sur le recyclage en Suisse et sur l\u2019\u00e9limination correcte: <a href=\"http:\/\/www.swissrecycling.ch\">www.swissrecycling.ch<\/a><\/p>\n          <\/div>\n        <\/div>\n      <\/div>\n     \n      <div class=\"accordion-item\" id=\"refuse\">\n        <h3 class=\"accordion-header\" id=\"flush-heading-1\">\n          <button class=\"accordion-button collapsed\" type=\"button\" data-bs-toggle=\"collapse\" data-bs-target=\"#flush-collapse-1\" aria-expanded=\"false\" aria-controls=\"flush-collapse-1\">\n            Refuse           <\/button>\n        <\/h3>\n        <div id=\"flush-collapse-1\" class=\"accordion-collapse collapse\" aria-labelledby=\"flush-heading-1\">\n          <div class=\"accordion-body\">\n            <h2><strong>Renonce aux objets dont tu n\u2019as pas besoin.<\/strong><\/h2>\n<p>Pourquoi acceptes-tu syst\u00e9matiquement le cadeau publicitaire gratuit d\u2019une entreprise? Probablement pas parce que tu en as besoin. N\u2019oublie pas que la demande d\u00e9termine l\u2019offre.<\/p>\n<p>Refuse signifie \u00abrefuser\u00bb \u2013 en d\u2019autres termes, on renonce consciemment \u00e0 certains produits parce qu\u2019on n\u2019en a pas absolument besoin ou qu\u2019il existe tout simplement des alternatives durables. Un bon exemple est celui des \u00e9chantillons gratuits, des sacs en plastique ou m\u00eame d\u2019un shampooing d\u2019h\u00f4tel que tu as emport\u00e9 mais que tu n\u2019as jamais utilis\u00e9 chez toi. Pour toi, cela peut sembler peu de chose, mais la demande d\u00e9termine l\u2019offre; chaque produit auquel tu renonces sera moins reproduit.<\/p>\n          <\/div>\n        <\/div>\n      <\/div>\n     \n      <div class=\"accordion-item\" id=\"reuse\">\n        <h3 class=\"accordion-header\" id=\"flush-heading-2\">\n          <button class=\"accordion-button collapsed\" type=\"button\" data-bs-toggle=\"collapse\" data-bs-target=\"#flush-collapse-2\" aria-expanded=\"false\" aria-controls=\"flush-collapse-2\">\n            Reuse           <\/button>\n        <\/h3>\n        <div id=\"flush-collapse-2\" class=\"accordion-collapse collapse\" aria-labelledby=\"flush-heading-2\">\n          <div class=\"accordion-body\">\n            <h2><strong>R\u00e9utiliser au lieu de jeter.<\/strong><\/h2>\n<p>Utilise ce que tu poss\u00e8des d\u00e9j\u00e0: renonce \u00e0 acheter de la vaisselle jetable et utilise ce dont tu disposes.<\/p>\n<p>R\u00e9utiliser et recycler les objets dont nous ne pouvons pas nous passer ni r\u00e9duire l\u2019utilisation permet de prolonger leur dur\u00e9e de vie. Cela peut \u00eatre une tasse \u00e0 caf\u00e9 personnelle au lieu d\u2019un gobelet en carton au bureau, un r\u00e9cipient lavable pour le d\u00e9jeuner que vous apportez pour vos plats \u00e0 emporter ou une boule \u00e0 th\u00e9 \u00e0 la place d\u2019un sachet de th\u00e9. Lorsque nous avons besoin de faire de nouvelles acquisitions, v\u00e9rifions d\u2019abord aupr\u00e8s des magasins d\u2019\u00e9change ou de seconde main s\u2019ils peuvent nous les fournir. Ou essayons de r\u00e9parer ce dont nous disposons d\u00e9j\u00e0.<\/p>\n          <\/div>\n        <\/div>\n      <\/div>\n     \n      <div class=\"accordion-item\" id=\"reduce\">\n        <h3 class=\"accordion-header\" id=\"flush-heading-3\">\n          <button class=\"accordion-button collapsed\" type=\"button\" data-bs-toggle=\"collapse\" data-bs-target=\"#flush-collapse-3\" aria-expanded=\"false\" aria-controls=\"flush-collapse-3\">\n            Reduce           <\/button>\n        <\/h3>\n        <div id=\"flush-collapse-3\" class=\"accordion-collapse collapse\" aria-labelledby=\"flush-heading-3\">\n          <div class=\"accordion-body\">\n            <h2><strong>L\u2019art d\u2019aller \u00e0 l\u2019essentiel.<\/strong><\/h2>\n<p>Qui prend plaisir \u00e0 sortir la poubelle? En r\u00e9alit\u00e9, il ne serait pas si difficile de r\u00e9duire les d\u00e9chets. Cela commence lorsque l\u2019on fait les courses et va jusqu\u2019au stockage des denr\u00e9es alimentaires. Au-del\u00e0 des denr\u00e9es alimentaires, bien d\u2019autres choses peuvent \u00eatre r\u00e9duites.<\/p>\n<p>\u00abReduce\u00bb ne veut en aucun cas dire renoncer \u00e0 tout, mais plut\u00f4t prendre conscience de ce qu\u2019on a d\u00e9j\u00e0 et de ce dont on a vraiment besoin. Ceci s\u2019applique aussi bien aux v\u00eatements et aux denr\u00e9es alimentaires qu\u2019aux objets du quotidien. Est-ce que tu as toujours besoin d\u2019avoir les v\u00eatements et les gadgets les plus tendance, ou est-ce que ceux de l\u2019ann\u00e9e derni\u00e8re pourraient encore parfaitement faire l\u2019affaire? Est-ce que tu fais attention \u00e0 l\u2019emballage de tes denr\u00e9es alimentaires? La r\u00e9duction des emballages est par ailleurs plut\u00f4t pratique: moins tu apportes de d\u00e9chets avec tes denr\u00e9es alimentaires \u00e0 la maison, moins tu auras \u00e0 sortir la poubelle.<\/p>\n<p>R\u00e9duire ne concerne pas seulement l\u2019achat de nouvelles choses, mais aussi l\u2019utilisation qu\u2019on fait de ce qu\u2019on a d\u00e9j\u00e0: par exemple \u00e9teindre les appareils \u00e9lectriques dont on n\u2019a pas besoin et \u00e9teindre la lumi\u00e8re dans les pi\u00e8ces vides, ou se d\u00e9placer pour une fois plus \u00e0 pied ou \u00e0 v\u00e9lo au lieu de prendre la voiture.<\/p>\n          <\/div>\n        <\/div>\n      <\/div>\n     \n      <div class=\"accordion-item\" id=\"rethink\">\n        <h3 class=\"accordion-header\" id=\"flush-heading-4\">\n          <button class=\"accordion-button collapsed\" type=\"button\" data-bs-toggle=\"collapse\" data-bs-target=\"#flush-collapse-4\" aria-expanded=\"false\" aria-controls=\"flush-collapse-4\">\n            Rethink          <\/button>\n        <\/h3>\n        <div id=\"flush-collapse-4\" class=\"accordion-collapse collapse\" aria-labelledby=\"flush-heading-4\">\n          <div class=\"accordion-body\">\n            <h2><strong>Le changement commence dans la t\u00eate.<\/strong><\/h2>\n<p>R\u00e9fl\u00e9chis \u00e0 ton propre comportement. O\u00f9 pourrais-tu te rendre plus souvent \u00e0 pied ou \u00e0 v\u00e9lo plut\u00f4t qu\u2019en automobile? O\u00f9 souhaites-tu aller pour les vacances, et par quel moyen? \u00c0 quel prix?<\/p>\n<p>Les bonnes actions sont vite accomplies, mais leur impact n\u2019est malheureusement souvent que de courte dur\u00e9e. Le changement commence dans la t\u00eate de tout un chacun. Le concept \u00abRethink\u00bb repose sur le fait que chacun doit trouver sa motivation personnelle, son \u00abpourquoi\u00bb qui le pousse \u00e0 vouloir adopter un comportement plus durable. Il est plus facile de changer ses habitudes sur le long terme lorsqu\u2019on le fait par conviction personnelle. Il n\u2019est pas n\u00e9cessaire de tout chambouler dans sa vie du jour au lendemain; une conscience accrue de la durabilit\u00e9, un regard critique et une analyse de son propre comportement ici et l\u00e0 sont un tr\u00e8s bon d\u00e9but.<\/p>\n          <\/div>\n        <\/div>\n      <\/div>\n      <\/div>\n\n\n  <div class=\"text-block\">\r\n    <h2>Les r\u00e9actions des \u00e9quipes \u00e9taient aussi vari\u00e9es que leurs id\u00e9es \u2013 voici quelques-uns des feedbacks:<\/h2>\n  <\/div>\r\n\n\n<figure class=\"alignnone margins1\">\r\n      <img decoding=\"async\" data-src=\"https:\/\/www.amag-group.ch\/blog\/wp-content\/uploads\/2022\/05\/amag-climate-week-eine-stunde-im-zeichen-der-nachhaltigkeit-blog-amag-group-6.jpg\" src=\"#\" alt=\"AMAG Climate Week: Eine Stunde im Zeichen der Nachhaltigkeit - Blog der AMAG Group AG 2\" loading=\"lazy\" class=\"lazyload\">\r\n    <\/figure>\r\n\n\n  <div class=\"text-block\">\r\n    <h2>Et un petit \u00e9chantillon des id\u00e9es:<\/h2>\n  <\/div>\r\n\n\n<div class=\"row\">\r\n            <div class=\"col-lg-6\">\r\n        <div class=\"about-person\">\r\n                                                    <div class=\"text-holder\">\r\n              <p><strong>Au bureau:<\/strong><\/p>\n<ul>\n<li>Imprimer moins ou au moins recto-verso<\/li>\n<li>\u00c9teindre le PC et les appareils le soir \u2013 d\u00e9finir clairement les responsabilit\u00e9s<\/li>\n<li>\u00c9teindre la lumi\u00e8re pendant la journ\u00e9e lorsqu\u2019elle n\u2019est pas n\u00e9cessaire<\/li>\n<li>Des carafes d\u2019eau au lieu de bouteilles en PET dans les r\u00e9unions<\/li>\n<\/ul>\n<p><strong>Dans l\u2019atelier\/la logistique:<\/strong><\/p>\n<ul>\n<li>Utiliser des bouteilles rechargeables plut\u00f4t que des sprays<\/li>\n<li>Prendre soin des appareils et des machines<\/li>\n<li>Utiliser des chiffons au lieu de rouleaux de papier pour le nettoyage<\/li>\n<li>Tester des prot\u00e8ge-si\u00e8ges r\u00e9utilisables plut\u00f4t qu\u2019\u00e0 usage unique dans l\u2019atelier<\/li>\n<\/ul>\n            <\/div>\r\n                  <\/div>\r\n      <\/div>\r\n          <div class=\"col-lg-6\">\r\n        <div class=\"about-person\">\r\n                                                    <div class=\"text-holder\">\r\n              <p><strong>Pendant la pause:<\/strong><\/p>\n<ul>\n<li>Mieux trier les d\u00e9chets<\/li>\n<li>Apporter des tasses au lieu d\u2019utiliser des gobelets en carton<\/li>\n<li>Annuler les abonnements inutiles aux journaux et magazines<\/li>\n<\/ul>\n<p><strong>Autres:<\/strong><\/p>\n<ul>\n<li>Prendre en compte la consommation de viande et le \u00abZeroWaste\u00bb \u00e9galement lors des \u00e9v\u00e9nements d\u2019\u00e9quipe<\/li>\n<li>Examiner la num\u00e9risation de divers processus avec les partenaires et les clientes et les clients<\/li>\n<li>Commander et distribuer des cadeaux aux clients de mani\u00e8re plus r\u00e9fl\u00e9chie<\/li>\n<li>Remettre en question la quantit\u00e9 de donn\u00e9es stock\u00e9es, supprimer les anciens e-mails<\/li>\n<\/ul>\n            <\/div>\r\n                  <\/div>\r\n      <\/div>\r\n      <\/div>\r\n\n\n  <div class=\"text-block\">\r\n    <p>Les id\u00e9es et les apports des collaboratrices et des collaborateurs sont examin\u00e9s en permanence au niveau de l\u2019entreprise et, dans la mesure du possible, ils sont int\u00e9gr\u00e9s dans des projets voire deviennent des projets \u00e0 part enti\u00e8re. Parall\u00e8lement, l\u2019AMAG Climate Week a montr\u00e9 une fois de plus que l\u2019engagement de chacune et de chacun est important pour freiner le changement climatique.<\/p>\n  <\/div>\r\n","protected":false},"excerpt":{"rendered":"","protected":false},"author":43,"featured_media":26648,"comment_status":"open","ping_status":"open","sticky":false,"template":"","format":"standard","meta":{"_acf_changed":false,"inline_featured_image":false,"footnotes":""},"categories":[1795],"tags":[],"class_list":["post-26658","post","type-post","status-publish","format-standard","has-post-thumbnail","hentry","category-durabilite"],"acf":[],"_links":{"self":[{"href":"https:\/\/www.amag-group.ch\/blog\/fr\/wp-json\/wp\/v2\/posts\/26658","targetHints":{"allow":["GET"]}}],"collection":[{"href":"https:\/\/www.amag-group.ch\/blog\/fr\/wp-json\/wp\/v2\/posts"}],"about":[{"href":"https:\/\/www.amag-group.ch\/blog\/fr\/wp-json\/wp\/v2\/types\/post"}],"author":[{"embeddable":true,"href":"https:\/\/www.amag-group.ch\/blog\/fr\/wp-json\/wp\/v2\/users\/43"}],"replies":[{"embeddable":true,"href":"https:\/\/www.amag-group.ch\/blog\/fr\/wp-json\/wp\/v2\/comments?post=26658"}],"version-history":[{"count":2,"href":"https:\/\/www.amag-group.ch\/blog\/fr\/wp-json\/wp\/v2\/posts\/26658\/revisions"}],"predecessor-version":[{"id":26674,"href":"https:\/\/www.amag-group.ch\/blog\/fr\/wp-json\/wp\/v2\/posts\/26658\/revisions\/26674"}],"wp:featuredmedia":[{"embeddable":true,"href":"https:\/\/www.amag-group.ch\/blog\/fr\/wp-json\/wp\/v2\/media\/26648"}],"wp:attachment":[{"href":"https:\/\/www.amag-group.ch\/blog\/fr\/wp-json\/wp\/v2\/media?parent=26658"}],"wp:term":[{"taxonomy":"category","embeddable":true,"href":"https:\/\/www.amag-group.ch\/blog\/fr\/wp-json\/wp\/v2\/categories?post=26658"},{"taxonomy":"post_tag","embeddable":true,"href":"https:\/\/www.amag-group.ch\/blog\/fr\/wp-json\/wp\/v2\/tags?post=26658"}],"curies":[{"name":"wp","href":"https:\/\/api.w.org\/{rel}","templated":true}]}}