{"id":26318,"date":"2022-03-08T10:29:52","date_gmt":"2022-03-08T09:29:52","guid":{"rendered":"https:\/\/www.amag-group.ch\/blog\/?p=26318"},"modified":"2022-03-08T11:15:54","modified_gmt":"2022-03-08T10:15:54","slug":"voici-comment-les-collaborateurs-damag-vivent-de-maniere-durable","status":"publish","type":"post","link":"https:\/\/www.amag-group.ch\/blog\/fr\/voici-comment-les-collaborateurs-damag-vivent-de-maniere-durable\/","title":{"rendered":"Voici comment les collaborateurs d\u2019AMAG vivent de mani\u00e8re durable"},"content":{"rendered":"\n\n\n\n<div class=\"row\">\n\n  <div class=\"col-lg-5\">\n\n    <div class=\"about-person position-2 left-0\">\n\n      \n      <div class=\"text-holder\">\n\n        \n          <h3 class=\"h3\">Qu\u2019est-ce que la durabilit\u00e9?<\/h3>\n\n        \n        <p>On entend par durable un d\u00e9veloppement qui r\u00e9pond aux besoins actuels sans priver les g\u00e9n\u00e9rations futures de moyens de subsistance. Dans le langage courant, on l\u2019associe souvent en premier lieu \u00e0 des th\u00e8mes \u00e9cologiques. Le terme englobe toutefois trois dimensions: la durabilit\u00e9 sociale, \u00e9conomique et \u00e9cologique.<\/p>\n\n      <\/div>\n\n    <\/div>\n\n  <\/div>\n\n  <div class=\"col-lg-7\">\n\n    <p>Le d\u00e9veloppement durable est un th\u00e8me qui tient \u00e0 c\u0153ur non seulement \u00e0 <span style=\"text-decoration: underline;\"><a href=\"https:\/\/www.amag-group.ch\/blog\/fr\/le-groupe-amag-sengage-a-devenir-climatiquement-neutre-dici-2025\/\">AMAG en tant qu\u2019employeur<\/a><\/span>, mais aussi \u00e0 de nombreux collaborateurs dans leur vie priv\u00e9e. Nous souhaitons donner de la visibilit\u00e9 \u00e0 cette passion, c\u2019est pourquoi nous partagerons avec vous au cours des prochains mois les portraits de collaborateurs particuli\u00e8rement engag\u00e9s dans ce domaine.<\/p>\n<h2><strong>La durabilit\u00e9 a de multiples facettes<\/strong><\/h2>\n<p>Sont consid\u00e9r\u00e9s comme durables non seulement les collaborateurs qui plantent des arbres et conduisent une <a href=\"https:\/\/www.amag-group.ch\/blog\/fr\/die-amag-auf-dem-weg-zu-nachhaltiger-individueller-mobilitaet\/\"><span style=\"text-decoration: underline;\">voiture \u00e9lectrique<\/span><\/a> (m\u00eame si c\u2019est bien s\u00fbr g\u00e9nial), mais aussi tous ceux qui font du b\u00e9n\u00e9volat ou investissent leur argent dans des projets durables.\u00a0<\/p>\n\n  <\/div>\n\n<\/div>\n\n\n\n  <div class=\"text-block\">\r\n    <p>Il existe de nombreuses possibilit\u00e9s de s\u2019engager en faveur d\u2019une coexistence durable. Nous vous montrerons lesquelles au cours des prochains mois ici et sur le <span style=\"text-decoration: underline;\"><a href=\"http:\/\/www.instagram.com\/amag.group\">canal Instagram d\u2019AMAG Group<\/a><\/span>.<\/p>\n<h2><strong>Sept questions \u00e0 Ina Walthert, Head of Group Sustainability chez AMAG Group SA<\/strong><\/h2>\n<h3><strong>Ina, tu es Head Group Sustainability chez AMAG Group. Que peut-on s\u2019imaginer l\u00e0 dessous?<\/strong><\/h3>\n<p>C\u2019est une question pertinente, car cette fonction est totalement nouvelle chez AMAG. En tant que Head Group Sustainability, je fais partie de l\u2019\u00e9quipe Corporate Development. Mon domaine d\u2019activit\u00e9 est l\u2019\u00e9laboration d\u2019une compr\u00e9hension de la durabilit\u00e9 adapt\u00e9e \u00e0 AMAG et l\u2019aide \u00e0 sa mise en \u0153uvre, tant sur le plan strat\u00e9gique qu\u2019op\u00e9rationnel.<\/p>\n  <\/div>\r\n\n\n<div class=\"text-and-apblock\">\r\n  <div class=\"row\">\r\n    <div class=\"col-lg-7\">\r\n                    <p>Actuellement, nous travaillons d\u2019arrache-pied \u00e0 la mise en place de processus et de structures nous permettant de mesurer nos progr\u00e8s \u00e0 l\u2019avenir. Pour ce faire, j\u2019\u00e9change avec toutes les Business Units et presque tous les d\u00e9partements Corporate Services. Et bien s\u00fbr, nous communiquerons aussi r\u00e9guli\u00e8rement \u00e0 l\u2019avenir. Le premier rapport sur le d\u00e9veloppement durable d\u2019AMAG para\u00eetra cet \u00e9t\u00e9.\u00a0\u00a0<\/p>\n<h3><strong>Qu\u2019est-ce qui te pla\u00eet le plus?<\/strong><\/h3>\n<p>L\u2019ambiance de travail positive et amicale, la forte volont\u00e9 et le grand soutien dont b\u00e9n\u00e9ficie mon domaine th\u00e9matique et la collaboration avec de nombreuses personnes diff\u00e9rentes sur des questions tr\u00e8s vari\u00e9es. Cela m\u2019inspire beaucoup et concr\u00e9tise le concept en soi abstrait de \u00abdurabilit\u00e9\u00bb pour AMAG. En m\u00eame temps, j\u2019appr\u00e9cie beaucoup le travail de fond et de d\u00e9veloppement. Il est passionnant de constater qu\u2019il reste encore beaucoup de choses \u00e0 concevoir et \u00e0 initier.<\/p>\n<h3><strong>Quel est ton parcours jusqu\u2019\u00e0 pr\u00e9sent?<\/strong><\/h3>\n<p>Au d\u00e9part, je voulais devenir journaliste \u00e9conomique. Au lieu du journalisme, j\u2019ai \u00e9tudi\u00e9 l\u2019\u00e9conomie et j\u2019ai d\u00e9couvert ma passion pour l\u2019\u00e9thique, la philosophie et le d\u00e9veloppement d\u2019entreprise pendant mes \u00e9tudes. Gr\u00e2ce au soutien de mon professeur, j\u2019ai obtenu une bourse pour un doctorat dans le domaine de la recherche \u00e9thique interdisciplinaire \u00e0 l\u2019issue de mes \u00e9tudes.<\/p>\n          <\/div>\r\n    <div class=\"col-lg-5\">\r\n      <div class=\"about-person position-1\">\r\n                  <figure><img decoding=\"async\" data-src=\"https:\/\/www.amag-group.ch\/blog\/wp-content\/uploads\/2022\/03\/so-nachhaltig-leben-die-amag-mitarbeitenden-blog-amag-group.jpg\" src=\"#\" alt=\"Voici comment les collaborateurs d\u2019AMAG vivent de mani\u00e8re durable - Blog der AMAG Group AG 1\" loading=\"lazy\" class=\"lazyload\"><\/figure>\r\n                <div class=\"text-holder\">\r\n                      <h3 class=\"h3\">\u00c0 propos d&rsquo;Ina<\/h3>\r\n                                            <p>\r\n                                                                              <strong>Nom:<\/strong>                 Ina Maria Walthert                                                                               <br>                 <strong>Fonction:<\/strong>                 Head of Group Sustainability                                                                               <br>                 <strong>Chez AMAG depuis:<\/strong>                 1er novembre 2021                                                                               <br>                 <strong>Famille:<\/strong>                 Mari\u00e9e, deux enfants (6 et 7 ans)                                                                                <br>                 <strong>Loisirs:<\/strong>                 Notre jardin, mon ancien v\u00e9lo de course BMC et essayer toujours de nouvelles choses.                                          <\/p>\r\n                  <\/div>\r\n      <\/div>\r\n    <\/div>\r\n  <\/div>\r\n<\/div>\r\n\n\n  <div class=\"text-block\">\r\n    <p>Mais apr\u00e8s, j\u2019ai eu besoin de faire une pause dans mes activit\u00e9s scientifiques et j\u2019ai rejoint une soci\u00e9t\u00e9 de conseil sp\u00e9cialis\u00e9e dans le d\u00e9veloppement durable. Apr\u00e8s une nouvelle parenth\u00e8se dans la science et la gestion de la qualit\u00e9 dans une haute \u00e9cole sp\u00e9cialis\u00e9e, je suis tr\u00e8s heureuse d\u2019\u00eatre maintenant chez AMAG.\u00a0<\/p>\n<h3><strong>Jusqu\u2019\u00e0 pr\u00e9sent, l\u2019industrie automobile est loin d\u2019\u00eatre connue comme la branche la plus durable. Qu\u2019est-ce qui te pousse \u00e0 mettre tes comp\u00e9tences au service de l\u2019industrie automobile en g\u00e9n\u00e9ral et d\u2019AMAG en particulier?<\/strong><\/h3>\n<p>J\u2019ai toujours \u00e9t\u00e9 fascin\u00e9e par la mobilit\u00e9, car elle touche de nombreux aspects de la vie et th\u00e9matiques: les comportements de consommation, l\u2019am\u00e9nagement du territoire, les environnements de travail, le progr\u00e8s technologique, la num\u00e9risation et, d\u00e9sormais, de plus en plus aussi l\u2019\u00e9nergie. Bien s\u00fbr, il existe aussi d\u2019autres secteurs passionnants et c\u2019est g\u00e9nial que certaines entreprises soient d\u00e9j\u00e0 durables, mais d\u2019autres comp\u00e9tences sont requises ici. Je pr\u00e9f\u00e8re travailler dans un secteur o\u00f9 je peux aider \u00e0 faire bouger les choses. C\u2019est l\u00e0 que je vois ma force.<\/p>\n<p>Chez AMAG, je suis fascin\u00e9e par la volont\u00e9 que je rencontre partout, la volont\u00e9 de contribuer \u00e0 fa\u00e7onner la mobilit\u00e9 en Suisse d\u2019une mani\u00e8re nouvelle, durable et en fonction des besoins. Chez AMAG, nous avons une r\u00e9elle influence, c\u2019est un facteur de motivation.<\/p>\n<h3><strong>La durabilit\u00e9 n\u2019inclut pas seulement une composante \u00e9cologique, mais aussi une composante sociale et \u00e9conomique. O\u00f9 AMAG fait-elle le plus d\u2019efforts dans ce domaine?<\/strong><\/h3>\n<p>C\u2019est exact et c\u2019est pourquoi la compr\u00e9hension de la durabilit\u00e9 chez AMAG englobe \u00e9galement les trois domaines de responsabilit\u00e9:<\/p>\n<p>Avec le programme interne \u00abAMAG Fairplay\u00bb, nous abordons le niveau \u00e9conomique qui garantira notre \u00abLicense to operate\u00bb et notre gestion fructueuse \u00e0 l\u2019avenir \u00e9galement. Cela inclut des th\u00e8mes tels que la gouvernance, la conformit\u00e9, mais aussi une bonne gestion des risques et des exigences \u00e9lev\u00e9es impos\u00e9es \u00e0 notre gestion de la s\u00e9curit\u00e9 et de la sant\u00e9.<\/p>\n  <\/div>\r\n\n\n<div class=\"text-with-post\">\r\n  <div class=\"row\">\r\n    <div class=\"col-lg-7\">\r\n              <p>Sous \u00abAMAG Engage\u00bb, nous abordons tous les th\u00e8mes sociaux qui ont toujours \u00e9t\u00e9 et sont importants pour AMAG. Par exemple, notre grand engagement en faveur de la formation initiale et continue, une coexistence bas\u00e9e sur des valeurs et notre engagement social.<\/p>\n<p>Et \u00abAMAG Net Zero\u00bb est enti\u00e8rement plac\u00e9 sous le signe de notre prise de responsabilit\u00e9 \u00e9cologique. Chez AMAG, c\u2019est l\u00e0 que nous avons la plus forte influence sur le d\u00e9veloppement durable. <a href=\"https:\/\/www.amag-group.ch\/blog\/fr\/le-groupe-amag-sengage-a-devenir-climatiquement-neutre-dici-2025\/\"><span style=\"text-decoration: underline;\">Notre objectif est de parvenir \u00e0 une empreinte carbone neutre d\u2019ici 2040<\/span><\/a>. Nous avons encore beaucoup de travail dans ces trois domaines, mais la volont\u00e9 de faire bouger les choses se fait sentir partout, c\u2019est g\u00e9nial.<\/p>\n          <\/div>\r\n    <div class=\"col-lg-5 col-xl-4\">\r\n      <div class=\"wrapper-right\">\r\n                <figure class=\"post\">\n  <a href=\"https:\/\/www.amag-group.ch\/blog\/fr\/die-amag-auf-dem-weg-zu-nachhaltiger-individueller-mobilitaet\/\" class=\"img\">\n                <img decoding=\"async\" class=\"lazyload\" src=\"#\" data-src=\"https:\/\/www.amag-group.ch\/blog\/wp-content\/uploads\/2022\/01\/die-amag-auf-dem-weg-zu-nachhaltiger-individueller-mobilitaet-blog-amag-group.jpg\" alt=\"AMAG sur la voie d\u2019une mobilit\u00e9 individuelle durable - Blog der AMAG Group AG\">\n      <\/a>\n  <figcaption>\n    <div class=\"wrap-text\">\n      <ul class=\"post-info\">\n        <li><a href=\"https:\/\/www.amag-group.ch\/blog\/fr\/author\/dino\/\">Dino Graf<\/a><\/li>\n        <li>vendredi, 28. janvier 2022<\/li>\n      <\/ul>\n      <h3><a href=\"https:\/\/www.amag-group.ch\/blog\/fr\/die-amag-auf-dem-weg-zu-nachhaltiger-individueller-mobilitaet\/\">AMAG sur la voie d\u2019une mobilit\u00e9 individuelle durable<\/a><\/h3>\n            <p><a href=\"https:\/\/www.amag-group.ch\/blog\/fr\/die-amag-auf-dem-weg-zu-nachhaltiger-individueller-mobilitaet\/\">&#8230;<\/a><\/p>\n    <\/div>\n    <div class=\"bottom\">\n                    <ul class=\"cat-links\">\n          <li><a href=\"https:\/\/www.amag-group.ch\/blog\/fr\/category\/mobilite\/solutions-du-futur\/\">Solutions du futur<\/a><\/li>        <\/ul>\n            <ul class=\"info-icons\">\n        <li>\n          <div class=\"icon-holder\">\n            <img decoding=\"async\" data-src=\"https:\/\/www.amag-group.ch\/blog\/wp-content\/themes\/autoblog-v2\/images\/icon-00001.svg\" src=\"#\" alt=\"image description\" loading=\"lazy\" class=\"lazyload\">\n          <\/div>0        <\/li>\n                  <li>\n            <div class=\"icon-holder\">\n              <img decoding=\"async\" data-src=\"https:\/\/www.amag-group.ch\/blog\/wp-content\/themes\/autoblog-v2\/images\/icon-00002.svg\" src=\"#\" alt=\"image description\" loading=\"lazy\" class=\"lazyload\">\n            <\/div>3634          <\/li>\n                <li>\n          <div class=\"share-block\">\r\n  <div class=\"icon-holder\"><img decoding=\"async\" data-src=\"https:\/\/www.amag-group.ch\/blog\/wp-content\/themes\/autoblog-v2\/images\/icon-00003.svg\" src=\"#\" alt=\"image description\" loading=\"lazy\" class=\"svg-html lazyload\"><\/div>\r\n  <div class=\"share-icons-wrapper\">\r\n    <ul class=\"share-icons\">\r\n       \r\n      <li><a href=\"https:\/\/wa.me\/?text=https:\/\/www.amag-group.ch\/blog\/fr\/die-amag-auf-dem-weg-zu-nachhaltiger-individueller-mobilitaet\/\" target=\"_blank\"><i class=\"fab fa-whatsapp\"><\/i><\/a><\/li>\r\n      <li><a href=\"http:\/\/www.facebook.com\/sharer.php?u=https:\/\/www.amag-group.ch\/blog\/fr\/die-amag-auf-dem-weg-zu-nachhaltiger-individueller-mobilitaet\/\" target=\"_blank\"><i class=\"fab fa-facebook-f\"><\/i><\/a><\/li>\r\n      <li><a href=\"http:\/\/www.linkedin.com\/shareArticle?mini=true&amp;url=https:\/\/www.amag-group.ch\/blog\/fr\/die-amag-auf-dem-weg-zu-nachhaltiger-individueller-mobilitaet\/\" target=\"_blank\"><i class=\"fab fa-linkedin-in\"><\/i><\/a><\/li>\r\n      <li><a href=\"http:\/\/twitter.com\/share?url=https:\/\/www.amag-group.ch\/blog\/fr\/die-amag-auf-dem-weg-zu-nachhaltiger-individueller-mobilitaet\/&amp;text=AMAG+sur+la+voie+d%E2%80%99une+mobilit%C3%A9+individuelle+durable\" target=\"_blank\"><i class=\"fab fa-twitter\"><\/i><\/a><\/li>\r\n      <!-- <li><a href=\"#\" target=\"_blank\"><i class=\"fab fa-instagram\"><\/i><\/a><\/li> -->\r\n                    <li><a href=\"http:\/\/pinterest.com\/pin\/create\/button\/?url=https%3A%2F%2Fwww.amag-group.ch%2Fblog%2Ffr%2Fdie-amag-auf-dem-weg-zu-nachhaltiger-individueller-mobilitaet%2F&#038;media=https%3A%2F%2Fwww.amag-group.ch%2Fblog%2Fwp-content%2Fuploads%2F2022%2F01%2Fdie-amag-auf-dem-weg-zu-nachhaltiger-individueller-mobilitaet-blog-amag-group.jpg&#038;description=AMAG sur la voie d\u2019une mobilit\u00e9 individuelle durable\" class=\"pin-it-button\" count-layout=\"horizontal\"  target=\"_blank\"><span class=\"fab fa-pinterest-p\"><\/span><\/a><\/li>\r\n            <li><a class=\"link-copy\" href=\"https:\/\/www.amag-group.ch\/blog\/fr\/die-amag-auf-dem-weg-zu-nachhaltiger-individueller-mobilitaet\/\" target=\"_blank\"><i class=\"far fa-clone\"><\/i><\/a><\/li>\r\n    <\/ul>\r\n  <\/div>\r\n<\/div>        <\/li>\n      <\/ul>\n    <\/div>\n  <\/figcaption>\n<\/figure>      <\/div>\r\n    <\/div>\r\n  <\/div>\r\n<\/div>\r\n\n\n  <div class=\"text-block\">\r\n    <h3><strong>Tu t\u2019engages aussi durablement dans ta vie priv\u00e9e?<\/strong><\/h3>\n<p>Chacun d\u2019entre nous dispose du plus grand levier pour g\u00e9rer sa propre consommation. Je m\u2019efforce de toujours remettre en question mon comportement de consommation, mais aussi celui de notre famille. Ma priorit\u00e9 est de privil\u00e9gier une alimentation avec des produits r\u00e9gionaux et de saison et, dans la mesure du possible, sans viande, et des v\u00eatements pour lesquels j\u2019applique le principe fixe \u00abcomment consommer mieux avec moins\u00bb. Mais nous avons aussi d\u00e9j\u00e0 essay\u00e9 sans plastique et v\u00e9gan \u2013 \u00e0 long terme, cela n\u2019a pas \u00e9t\u00e9 totalement r\u00e9alisable avec deux jeunes enfants, mais nous y travaillons. Et je fais du b\u00e9n\u00e9volat dans notre village, d\u2019une part pour l\u2019\u00e9cole et d\u2019autre part pour une fondation culturelle.<\/p>\n<h3><strong>Quels conseils donnerais-tu aux collaborateurs qui s\u2019int\u00e9ressent \u00e0 la durabilit\u00e9, mais qui ne s\u2019y engagent pas encore activement?<\/strong><\/h3>\n<p>Commencer petit et remettre en question ses propres mod\u00e8les de comportement. Il est facile de s\u2019orienter sur les 5 R: Reuse, Reduce, Refuse, Rethink et Recycle et int\u00e9grer les premiers petits changements de comportement au quotidien. Peut-\u00eatre m\u00eame tenter une exp\u00e9rience, comme un mois sans viande ni fromage ou ne pas acheter d\u00e9lib\u00e9r\u00e9ment de nouveaux v\u00eatements pendant un certain temps. Il existe d\u00e9sormais de tr\u00e8s bons blogs et sites Web qui peuvent servir de source d\u2019inspiration.<\/p>\n  <\/div>\r\n","protected":false},"excerpt":{"rendered":"","protected":false},"author":94,"featured_media":26312,"comment_status":"open","ping_status":"open","sticky":false,"template":"","format":"standard","meta":{"_acf_changed":false,"inline_featured_image":false,"footnotes":""},"categories":[9592],"tags":[],"class_list":["post-26318","post","type-post","status-publish","format-standard","has-post-thumbnail","hentry","category-travailler-chez-amag"],"acf":[],"_links":{"self":[{"href":"https:\/\/www.amag-group.ch\/blog\/fr\/wp-json\/wp\/v2\/posts\/26318","targetHints":{"allow":["GET"]}}],"collection":[{"href":"https:\/\/www.amag-group.ch\/blog\/fr\/wp-json\/wp\/v2\/posts"}],"about":[{"href":"https:\/\/www.amag-group.ch\/blog\/fr\/wp-json\/wp\/v2\/types\/post"}],"author":[{"embeddable":true,"href":"https:\/\/www.amag-group.ch\/blog\/fr\/wp-json\/wp\/v2\/users\/94"}],"replies":[{"embeddable":true,"href":"https:\/\/www.amag-group.ch\/blog\/fr\/wp-json\/wp\/v2\/comments?post=26318"}],"version-history":[{"count":2,"href":"https:\/\/www.amag-group.ch\/blog\/fr\/wp-json\/wp\/v2\/posts\/26318\/revisions"}],"predecessor-version":[{"id":26338,"href":"https:\/\/www.amag-group.ch\/blog\/fr\/wp-json\/wp\/v2\/posts\/26318\/revisions\/26338"}],"wp:featuredmedia":[{"embeddable":true,"href":"https:\/\/www.amag-group.ch\/blog\/fr\/wp-json\/wp\/v2\/media\/26312"}],"wp:attachment":[{"href":"https:\/\/www.amag-group.ch\/blog\/fr\/wp-json\/wp\/v2\/media?parent=26318"}],"wp:term":[{"taxonomy":"category","embeddable":true,"href":"https:\/\/www.amag-group.ch\/blog\/fr\/wp-json\/wp\/v2\/categories?post=26318"},{"taxonomy":"post_tag","embeddable":true,"href":"https:\/\/www.amag-group.ch\/blog\/fr\/wp-json\/wp\/v2\/tags?post=26318"}],"curies":[{"name":"wp","href":"https:\/\/api.w.org\/{rel}","templated":true}]}}