{"id":25783,"date":"2022-02-02T14:23:00","date_gmt":"2022-02-02T13:23:00","guid":{"rendered":"https:\/\/www.amag-group.ch\/blog\/?p=25783"},"modified":"2022-02-02T14:39:39","modified_gmt":"2022-02-02T13:39:39","slug":"spitzenkoch-andreas-caminada-in-der-audi-sport-manufaktur","status":"publish","type":"post","link":"https:\/\/www.amag-group.ch\/blog\/fr\/spitzenkoch-andreas-caminada-in-der-audi-sport-manufaktur\/","title":{"rendered":"Le grand chef Andreas Caminada \u00e0 la manufacture Audi Sport"},"content":{"rendered":"  <div class=\"text-block\">\r\n    <p class=\"Copy\">L&rsquo;Audi e-tron GT ainsi que la RS e-tron GT ont \u00e9t\u00e9 lanc\u00e9es avec succ\u00e8s sur le march\u00e9 suisse mi-2021. \u00c0 fin octobre 2021, environ 300 e-tron GT \u00e9taient d\u00e9j\u00e0 immatricul\u00e9es sur les routes suisses. Audi occupe ainsi la deuxi\u00e8me place dans le segment des berlines C. Si l&rsquo;on ne prend en compte que les propulsions purement \u00e9lectriques, Audi est m\u00eame en t\u00eate de ce segment avec l&rsquo;e-tron GT.<\/p>\n<p>L\u2019avenir d\u2019Audi r\u00e9side dans l\u2019\u00e9lectromobilit\u00e9. Avec la strat\u00e9gie \u00abVorsprung 2030\u00bb, que Markus\u00a0Duesmann, CEO d\u2019Audi, a r\u00e9cemment pr\u00e9sent\u00e9e, la marque riche en traditions devient un monde d\u2019exp\u00e9rience avec son propre \u00e9cosyst\u00e8me pour les clients des voitures \u00e9lectriques. \u00c0 partir de 2026, Audi ne lancera \u00e9galement que des nouveaux mod\u00e8les \u00e0 propulsion \u00e9lectrique sur le march\u00e9 mondial et revitalisant la l\u00e9gendaire revendication \u00abVorsprung durch Technik\u00bb avec un nouveau contenu.<\/p>\n<p>Chez Audi B\u00f6llinger H\u00f6fe \u00e0 Neckarsulm, la transformation est d\u00e9j\u00e0 une r\u00e9alit\u00e9. Le site de production de petites s\u00e9ries et \u00abHome of Audi Sport\u00bb a ouvert en 2014 pour la production de l\u2019Audi R8 et a \u00e9t\u00e9 modernis\u00e9 et transform\u00e9 en 2019: la super voiture de sport Audi R8 et les nouvelles berlines \u00e9lectriques sportives Audi e-tron GT quattro et RS e-tron GT sont construites sur une cha\u00eene de montage unique dans le groupe.<\/p>\n  <\/div>\r\n\n\n<figure class=\"alignnone margins1\">\r\n      <img decoding=\"async\" data-src=\"https:\/\/www.amag-group.ch\/blog\/wp-content\/uploads\/2022\/02\/spitzenkoch-andreas-caminada-in-der-audi-sport-manufaktur-blog-amag-group-2.jpg\" src=\"#\" alt=\"Le grand chef Andreas Caminada \u00e0 la manufacture Audi Sport - Blog der AMAG Group AG 5\" loading=\"lazy\" class=\"lazyload\">\r\n        <figcaption>Audi RS e-tron GT<\/figcaption>\r\n  <\/figure>\r\n\n\n  <div class=\"text-block\">\r\n    <p class=\"Copy\">L\u2019int\u00e9gration de la Gran Turismo enti\u00e8rement \u00e9lectrique a conserv\u00e9 le savoir-faire artisanal de la fabrication pr\u00e9c\u00e9dente, compl\u00e9t\u00e9 par des processus num\u00e9riques et des technologies intelligentes. Alors que la carrosserie de la voiture de sport hautes performances R8 et de ses d\u00e9riv\u00e9s de course est presque enti\u00e8rement fabriqu\u00e9e \u00e0 la main, celle de l\u2019Audi e-tron GT est automatis\u00e9e \u00e0 environ 85%: dans une cha\u00eene de montage ultramoderne \u00e9quip\u00e9e de 34 robots.<\/p>\n  <\/div>\r\n\n\n<div class=\"text-v-imgs\">\r\n  <div class=\"row\">\r\n    <div class=\"col-lg-7\">\r\n      <p class=\"Copy\">Outre les syst\u00e8mes de haute technologie, le coup\u00e9 enti\u00e8rement \u00e9lectrique requiert \u00e9galement un savoir-faire artisanal: les employ\u00e9s hautement qualifi\u00e9s qui soudent \u00e0 la main les pi\u00e8ces de carrosserie de l\u2019Audi Space Frame pour la R8 appliquent \u00e9galement leurs ann\u00e9es de savoir-faire sp\u00e9cifiquement \u00e0 la production de l\u2019e-tron GT. Ainsi, les joints soud\u00e9s sont cr\u00e9\u00e9s \u00e0 la main avec une pr\u00e9cision et une qualit\u00e9 qui exigent la plus grande expertise technique. Pour l\u2019assemblage, les deux mod\u00e8les sont d\u00e9plac\u00e9s sur les m\u00eames v\u00e9hicules de transport sans conducteur (FTF) et sur un convoyeur a\u00e9rien \u00e0 entra\u00eenement \u00e9lectrique. Ici aussi, le travail manuel pr\u00e9cis et habile compte, assist\u00e9 dans certains domaines par des robots. Par exemple, l\u2019assemblage du pare-brise et de la lunette arri\u00e8re est effectu\u00e9 dans le cadre d\u2019une coop\u00e9ration homme-robot (CHR): ici, les humains et les robots travaillent pratiquement main dans la main.<\/p>\n    <\/div>\r\n    <div class=\"col-lg-5\">\r\n              <div class=\"imags-wrapper\">\r\n                  <figure class=\"alignnone\">\r\n                                      <img decoding=\"async\" data-src=\"https:\/\/www.amag-group.ch\/blog\/wp-content\/uploads\/2022\/02\/spitzenkoch-andreas-caminada-in-der-audi-sport-manufaktur-blog-amag-group.jpg\" src=\"#\" alt=\"Le grand chef Andreas Caminada \u00e0 la manufacture Audi Sport - Blog der AMAG Group AG 6\" loading=\"lazy\" class=\"lazyload\">\r\n                                              <\/figure>\r\n                  <\/div>\r\n          <\/div>\r\n  <\/div>\r\n<\/div>\r\n\n\n\n\n<div class=\"grid-images-wrapper\">\n\n  \n  \n    <div class=\"grid-zoom-imgs\">\n\n      \n        \n        \n          <a href=\"#\" data-fancybox=\"gallery\" data-src=\"https:\/\/www.amag-group.ch\/blog\/wp-content\/uploads\/2022\/02\/spitzenkoch-andreas-caminada-in-der-audi-sport-manufaktur-blog-amag-group-7.jpg\">\n\n            <img decoding=\"async\" data-src=\"https:\/\/www.amag-group.ch\/blog\/wp-content\/uploads\/2022\/02\/spitzenkoch-andreas-caminada-in-der-audi-sport-manufaktur-blog-amag-group-7.jpg\" src=\"#\" alt=\"Le grand chef Andreas Caminada \u00e0 la manufacture Audi Sport - Blog der AMAG Group AG\" loading=\"lazy\" class=\"lazyload\">\n\n          <\/a>\n\n        \n      \n        \n        \n          <a href=\"#\" data-fancybox=\"gallery\" data-src=\"https:\/\/www.amag-group.ch\/blog\/wp-content\/uploads\/2022\/02\/spitzenkoch-andreas-caminada-in-der-audi-sport-manufaktur-blog-amag-group-6.jpg\">\n\n            <img decoding=\"async\" data-src=\"https:\/\/www.amag-group.ch\/blog\/wp-content\/uploads\/2022\/02\/spitzenkoch-andreas-caminada-in-der-audi-sport-manufaktur-blog-amag-group-6.jpg\" src=\"#\" alt=\"Le grand chef Andreas Caminada \u00e0 la manufacture Audi Sport - Blog der AMAG Group AG 1\" loading=\"lazy\" class=\"lazyload\">\n\n          <\/a>\n\n        \n      \n        \n        \n          <a href=\"#\" data-fancybox=\"gallery\" data-src=\"https:\/\/www.amag-group.ch\/blog\/wp-content\/uploads\/2022\/02\/spitzenkoch-andreas-caminada-in-der-audi-sport-manufaktur-blog-amag-group-5.jpg\">\n\n            <img decoding=\"async\" data-src=\"https:\/\/www.amag-group.ch\/blog\/wp-content\/uploads\/2022\/02\/spitzenkoch-andreas-caminada-in-der-audi-sport-manufaktur-blog-amag-group-5.jpg\" src=\"#\" alt=\"Le grand chef Andreas Caminada \u00e0 la manufacture Audi Sport - Blog der AMAG Group AG 2\" loading=\"lazy\" class=\"lazyload\">\n\n          <\/a>\n\n        \n      \n        \n        \n          <a href=\"#\" data-fancybox=\"gallery\" data-src=\"https:\/\/www.amag-group.ch\/blog\/wp-content\/uploads\/2022\/02\/spitzenkoch-andreas-caminada-in-der-audi-sport-manufaktur-blog-amag-group-4.jpg\">\n\n            <img decoding=\"async\" data-src=\"https:\/\/www.amag-group.ch\/blog\/wp-content\/uploads\/2022\/02\/spitzenkoch-andreas-caminada-in-der-audi-sport-manufaktur-blog-amag-group-4.jpg\" src=\"#\" alt=\"Le grand chef Andreas Caminada \u00e0 la manufacture Audi Sport - Blog der AMAG Group AG 3\" loading=\"lazy\" class=\"lazyload\">\n\n          <\/a>\n\n        \n      \n        \n        \n          <a href=\"#\" data-fancybox=\"gallery\" data-src=\"https:\/\/www.amag-group.ch\/blog\/wp-content\/uploads\/2022\/02\/spitzenkoch-andreas-caminada-in-der-audi-sport-manufaktur-blog-amag-group-3.jpg\">\n\n            <img decoding=\"async\" data-src=\"https:\/\/www.amag-group.ch\/blog\/wp-content\/uploads\/2022\/02\/spitzenkoch-andreas-caminada-in-der-audi-sport-manufaktur-blog-amag-group-3.jpg\" src=\"#\" alt=\"Le grand chef Andreas Caminada \u00e0 la manufacture Audi Sport - Blog der AMAG Group AG 4\" loading=\"lazy\" class=\"lazyload\">\n\n          <\/a>\n\n        \n      \n    <\/div>\n\n  \n<\/div>\n\n\n\n  <div class=\"text-block\">\r\n    <p><strong>Dieter\u00a0Jermann, Brand Director Audi Suisse<\/strong>, a invit\u00e9 Andreas\u00a0Caminada, ambassadeur de la marque Audi et grand chef cuisinier, \u00e0 venir voir sur place comment est fabriqu\u00e9e, par exemple, l\u2019Audi RS e-tron GT, la nouvelle \u00abvoiture de fonction\u00bb de Caminada. Le grand chef suisse (19\u00a0points au GaultMillau, 3\u00a0\u00e9toiles au Guide\u00a0Michelin) est sur la route avec Audi depuis 2008. <\/p>\n<p>Sur les 41\u00a0000\u00a0m\u00e8tres carr\u00e9s d\u2019espace de production des B\u00f6llinger H\u00f6fe, Dieter\u00a0Jermann et Andreas\u00a0Caminada peuvent voir comment une Audi RS e-tron GT finie est cr\u00e9\u00e9e \u00e9tape par \u00e9tape \u00e0 partir d\u2019une carrosserie chez Audi avec une profondeur d\u2019emboutissage unique. \u00abC\u2019est tr\u00e8s impressionnant quand on voit en direct la pr\u00e9cision et la propret\u00e9 du travail effectu\u00e9 ici. Cela me rappelle certainement notre cuisine au Ch\u00e2teau de Schauenstein\u00bb, d\u00e9clare Andreas\u00a0Caminada.<\/p>\n  <\/div>\r\n\n\n<div class=\"text-with-post\">\r\n  <div class=\"row\">\r\n    <div class=\"col-lg-7\">\r\n              <p>Pour le Brand Director, Dieter\u00a0Jermann, \u00able m\u00e9lange de savoir-faire artisanal et de la Smart Factory\u00bb est impressionnant, comme il le dit lui-m\u00eame. \u00abIci, vous pouvez voir tr\u00e8s clairement comment la transformation peut r\u00e9ussir lorsque les solutions intelligentes et num\u00e9riques sont maill\u00e9es avec les comp\u00e9tences humaines\u00bb, d\u00e9clare Dieter\u00a0Jermann.<\/p>\n<p>Le site de production des B\u00f6llinger H\u00f6fe a \u00e9t\u00e9 rapidement converti et adapt\u00e9 pour fabriquer les mod\u00e8les Audi e-tron GT quattro et RS e-tron GT en 2019. Les deux Gran Turismo dynamiques sont construits ici depuis 2020. Aujourd\u2019hui, la production des B\u00f6llinger H\u00f6fe est d\u00e9j\u00e0 neutre en CO2: Audi obtient de la chaleur et de l\u2019\u00e9lectricit\u00e9 pour l\u2019installation de production \u00e0 partir de sources renouvelables. Audi compense les \u00e9missions qui ne peuvent \u00eatre \u00e9vit\u00e9es \u00e0 l\u2019heure actuelle par des cr\u00e9dits carbone provenant de projets certifi\u00e9s de protection du climat.<\/p>\n          <\/div>\r\n    <div class=\"col-lg-5 col-xl-4\">\r\n      <div class=\"wrapper-right\">\r\n                <figure class=\"post\">\n  <a href=\"https:\/\/www.amag-group.ch\/blog\/fr\/comment-produire-une-voiture-de-maniere-climatiquement-neutre\/\" class=\"img\">\n                <img decoding=\"async\" class=\"lazyload\" src=\"#\" data-src=\"https:\/\/www.amag-group.ch\/blog\/wp-content\/uploads\/2020\/12\/A193043_large-768x512.jpg\" alt=\"Comment produire une voiture de mani\u00e8re climatiquement neutre? - Blog der AMAG Group AG 1\">\n      <\/a>\n  <figcaption>\n    <div class=\"wrap-text\">\n      <ul class=\"post-info\">\n        <li><a href=\"https:\/\/www.amag-group.ch\/blog\/fr\/author\/christine\/\">Christine Hasler<\/a><\/li>\n        <li>mardi, 05. janvier 2021<\/li>\n      <\/ul>\n      <h3><a href=\"https:\/\/www.amag-group.ch\/blog\/fr\/comment-produire-une-voiture-de-maniere-climatiquement-neutre\/\">Comment produire une voiture de mani\u00e8re climatiquement neutre?<\/a><\/h3>\n            <p><a href=\"https:\/\/www.amag-group.ch\/blog\/fr\/comment-produire-une-voiture-de-maniere-climatiquement-neutre\/\">Le caract\u00e8re durable d\u2019une voiture \u00e9lectrique ne se manifeste pas seulement dans son syst\u00e8me de propulsion, mais aussi dans sa&#8230;<\/a><\/p>\n    <\/div>\n    <div class=\"bottom\">\n                    <ul class=\"cat-links\">\n          <li><a href=\"https:\/\/www.amag-group.ch\/blog\/fr\/category\/trucs-et-astuces-du-dr-amag\/\">Trucs et astuces du Dr. AMAG<\/a><\/li>        <\/ul>\n            <ul class=\"info-icons\">\n        <li>\n          <div class=\"icon-holder\">\n            <img decoding=\"async\" data-src=\"https:\/\/www.amag-group.ch\/blog\/wp-content\/themes\/autoblog-v2\/images\/icon-00001.svg\" src=\"#\" alt=\"image description\" loading=\"lazy\" class=\"lazyload\">\n          <\/div>0        <\/li>\n                  <li>\n            <div class=\"icon-holder\">\n              <img decoding=\"async\" data-src=\"https:\/\/www.amag-group.ch\/blog\/wp-content\/themes\/autoblog-v2\/images\/icon-00002.svg\" src=\"#\" alt=\"image description\" loading=\"lazy\" class=\"lazyload\">\n            <\/div>2697          <\/li>\n                <li>\n          <div class=\"share-block\">\r\n  <div class=\"icon-holder\"><img decoding=\"async\" data-src=\"https:\/\/www.amag-group.ch\/blog\/wp-content\/themes\/autoblog-v2\/images\/icon-00003.svg\" src=\"#\" alt=\"image description\" loading=\"lazy\" class=\"svg-html lazyload\"><\/div>\r\n  <div class=\"share-icons-wrapper\">\r\n    <ul class=\"share-icons\">\r\n       \r\n      <li><a href=\"https:\/\/wa.me\/?text=https:\/\/www.amag-group.ch\/blog\/fr\/comment-produire-une-voiture-de-maniere-climatiquement-neutre\/\" target=\"_blank\"><i class=\"fab fa-whatsapp\"><\/i><\/a><\/li>\r\n      <li><a href=\"http:\/\/www.facebook.com\/sharer.php?u=https:\/\/www.amag-group.ch\/blog\/fr\/comment-produire-une-voiture-de-maniere-climatiquement-neutre\/\" target=\"_blank\"><i class=\"fab fa-facebook-f\"><\/i><\/a><\/li>\r\n      <li><a href=\"http:\/\/www.linkedin.com\/shareArticle?mini=true&amp;url=https:\/\/www.amag-group.ch\/blog\/fr\/comment-produire-une-voiture-de-maniere-climatiquement-neutre\/\" target=\"_blank\"><i class=\"fab fa-linkedin-in\"><\/i><\/a><\/li>\r\n      <li><a href=\"http:\/\/twitter.com\/share?url=https:\/\/www.amag-group.ch\/blog\/fr\/comment-produire-une-voiture-de-maniere-climatiquement-neutre\/&amp;text=Comment+produire+une+voiture+de+mani%C3%A8re+climatiquement+neutre%3F\" target=\"_blank\"><i class=\"fab fa-twitter\"><\/i><\/a><\/li>\r\n      <!-- <li><a href=\"#\" target=\"_blank\"><i class=\"fab fa-instagram\"><\/i><\/a><\/li> -->\r\n                    <li><a href=\"http:\/\/pinterest.com\/pin\/create\/button\/?url=https%3A%2F%2Fwww.amag-group.ch%2Fblog%2Ffr%2Fcomment-produire-une-voiture-de-maniere-climatiquement-neutre%2F&#038;media=https%3A%2F%2Fwww.amag-group.ch%2Fblog%2Fwp-content%2Fuploads%2F2020%2F12%2FA193043_large.jpg&#038;description=Comment produire une voiture de mani\u00e8re climatiquement neutre?\" class=\"pin-it-button\" count-layout=\"horizontal\"  target=\"_blank\"><span class=\"fab fa-pinterest-p\"><\/span><\/a><\/li>\r\n            <li><a class=\"link-copy\" href=\"https:\/\/www.amag-group.ch\/blog\/fr\/comment-produire-une-voiture-de-maniere-climatiquement-neutre\/\" target=\"_blank\"><i class=\"far fa-clone\"><\/i><\/a><\/li>\r\n    <\/ul>\r\n  <\/div>\r\n<\/div>        <\/li>\n      <\/ul>\n    <\/div>\n  <\/figcaption>\n<\/figure>      <\/div>\r\n    <\/div>\r\n  <\/div>\r\n<\/div>\r\n\n\n<div class=\"about-person type2 full-mob\">\r\n  <div class=\"text-holder\">\r\n          <h3 class=\"h3\">Deux questions d\u2019Andreas Caminada \u00e0 Linda Kurz, responsable du marketing de produit v\u00e9hicules Audi Sport GmbH<\/h3>\r\n        <h3>Andreas Caminada: Pour moi, chaque petit ingr\u00e9dient des plats est important et je le s\u00e9lectionne moi-m\u00eame avec soin. Comment cela se passe-t-il pour vous, quels ingr\u00e9dients sont utilis\u00e9s pour cr\u00e9er l\u2019Audi e-tron GT?<\/h3>\n<p>Linda Kurz: Question int\u00e9ressante, bien que les parall\u00e8les entre la cuisine et la construction automobile ne soient pas \u00e9vidents, une r\u00e9ponse peut tout de m\u00eame \u00eatre trouv\u00e9e: l\u2019Audi e-tron GT ajoute un nouveau chapitre \u00e0 l\u2019histoire d\u2019Audi en donnant une nouvelle dimension \u00e0 la sportivit\u00e9. Avec l\u2019Audi RS e-tron GT en particulier, nous montrons ce qui est technologiquement faisable. C\u2019est le fer de lance \u00e9lectrique de notre portefeuille de produits, \u00e9quip\u00e9 des meilleurs ingr\u00e9dients possibles pour une voiture, par exemple une option de recharge rapide n\u00e9cessaire pour les v\u00e9hicules \u00e9lectriques ou une suspension pneumatique adaptative qui permet un large \u00e9cart entre confort et sportivit\u00e9. Et n\u2019oublions pas un ingr\u00e9dient tr\u00e8s sp\u00e9cial: l\u2019e-tron Sportsound, d\u00e9velopp\u00e9 par nos propres ing\u00e9nieurs du son.<\/p>\n<h3>La cr\u00e9ation d\u2019un nouveau plat prend souvent de nombreuses semaines jusqu\u2019\u00e0 ce qu\u2019il soit parfait. Combien de temps prend le r\u00e9glage final d\u2019un v\u00e9hicule et quelles sont les \u00e9tapes sp\u00e9ciales indispensables pour atteindre la perfection?<\/h3>\n<p>C\u2019est pareil pour nous. Nous accordons \u00e9galement une tr\u00e8s grande importance \u00e0 la mise au point parfaite du v\u00e9hicule. Pour nos clients, elle doit ressembler \u00e0 une Audi typique \u00e0 tous \u00e9gards. Cela comprend, par exemple, le fonctionnement mais aussi le r\u00e9glage du ch\u00e2ssis et de la direction. Il \u00e9tait extr\u00eamement important pour nous d\u2019obtenir l\u2019exp\u00e9rience de conduite typique d\u2019Audi dans le domaine de la mobilit\u00e9 \u00e9lectrique sportive \u00e9galement, afin de r\u00e9pondre aux exigences d\u2019un groupe de clients tr\u00e8s exigeants, notamment avec l\u2019Audi RS e-tron GT.<\/p>\n  <\/div>\r\n<\/div>\r\n","protected":false},"excerpt":{"rendered":"","protected":false},"author":92,"featured_media":25741,"comment_status":"open","ping_status":"open","sticky":false,"template":"","format":"standard","meta":{"_acf_changed":false,"inline_featured_image":false,"footnotes":""},"categories":[8120],"tags":[],"class_list":["post-25783","post","type-post","status-publish","format-standard","has-post-thumbnail","hentry","category-voiture-et-technologie"],"acf":[],"_links":{"self":[{"href":"https:\/\/www.amag-group.ch\/blog\/fr\/wp-json\/wp\/v2\/posts\/25783","targetHints":{"allow":["GET"]}}],"collection":[{"href":"https:\/\/www.amag-group.ch\/blog\/fr\/wp-json\/wp\/v2\/posts"}],"about":[{"href":"https:\/\/www.amag-group.ch\/blog\/fr\/wp-json\/wp\/v2\/types\/post"}],"author":[{"embeddable":true,"href":"https:\/\/www.amag-group.ch\/blog\/fr\/wp-json\/wp\/v2\/users\/92"}],"replies":[{"embeddable":true,"href":"https:\/\/www.amag-group.ch\/blog\/fr\/wp-json\/wp\/v2\/comments?post=25783"}],"version-history":[{"count":2,"href":"https:\/\/www.amag-group.ch\/blog\/fr\/wp-json\/wp\/v2\/posts\/25783\/revisions"}],"predecessor-version":[{"id":25821,"href":"https:\/\/www.amag-group.ch\/blog\/fr\/wp-json\/wp\/v2\/posts\/25783\/revisions\/25821"}],"wp:featuredmedia":[{"embeddable":true,"href":"https:\/\/www.amag-group.ch\/blog\/fr\/wp-json\/wp\/v2\/media\/25741"}],"wp:attachment":[{"href":"https:\/\/www.amag-group.ch\/blog\/fr\/wp-json\/wp\/v2\/media?parent=25783"}],"wp:term":[{"taxonomy":"category","embeddable":true,"href":"https:\/\/www.amag-group.ch\/blog\/fr\/wp-json\/wp\/v2\/categories?post=25783"},{"taxonomy":"post_tag","embeddable":true,"href":"https:\/\/www.amag-group.ch\/blog\/fr\/wp-json\/wp\/v2\/tags?post=25783"}],"curies":[{"name":"wp","href":"https:\/\/api.w.org\/{rel}","templated":true}]}}