{"id":25371,"date":"2022-01-04T09:56:32","date_gmt":"2022-01-04T08:56:32","guid":{"rendered":"https:\/\/www.amag-group.ch\/blog\/skoda-30-jahre-teil-der-amag-familie-vom-nobody-zu-everybodys-darling-teil-1\/"},"modified":"2022-01-07T07:54:10","modified_gmt":"2022-01-07T06:54:10","slug":"skoda-30-jahre-teil-der-amag-familie-vom-nobody-zu-everybodys-darling-teil-1","status":"publish","type":"post","link":"https:\/\/www.amag-group.ch\/blog\/fr\/skoda-30-jahre-teil-der-amag-familie-vom-nobody-zu-everybodys-darling-teil-1\/","title":{"rendered":"\u0160KODA: 30 ans d\u2019appartenance \u00e0 la famille AMAG \u2013 de l\u2019inconnu \u00e0 l\u2019everybody\u2019s darling (partie 1)"},"content":{"rendered":"  <div class=\"text-block\">\r\n    <p>Mais commen\u00e7ons par le d\u00e9but, en version courte: en 1895, le libraire V\u00e1clav\u00a0Laurin et le serrurier V\u00e1clav\u00a0Klement ont fond\u00e9 la soci\u00e9t\u00e9 Laurin\u00a0&amp;\u00a0Klement \u00e0 Mlad\u00e1\u00a0Boleslav, aujourd\u2019hui en R\u00e9publique tch\u00e8que. La m\u00eame ann\u00e9e, ils ont produit les premiers v\u00e9los L&amp;K sous la marque Slavia. Peu de temps apr\u00e8s, les motos et les tricycles motoris\u00e9s se sont ajout\u00e9s \u00e0 la gamme. Gr\u00e2ce \u00e0 leur grande qualit\u00e9, leurs produits sont rapidement devenus c\u00e9l\u00e8bres et tr\u00e8s appr\u00e9ci\u00e9s sur le plan national et international.<\/p>\n  <\/div>\r\n\n\n<div class=\"text-v-imgs\">\r\n  <div class=\"row\">\r\n    <div class=\"col-lg-7\">\r\n      <p>En 1905, la Voiturette\u00a0A est la premi\u00e8re automobile \u00e0 sortir. Avec deux\u00a0cylindres et sept\u00a0chevaux, elle est facile \u00e0 manier et extr\u00eamement populaire. 30\u00a0ans apr\u00e8s sa fondation, L&amp;K a fusionn\u00e9 avec le plus grand groupe industriel tch\u00e8que de l\u2019\u00e9poque, \u0160KODA. Au d\u00e9but, les v\u00e9hicules produits portaient encore le nom de marque Laurin\u00a0&amp;\u00a0Klement \u2013 \u0160KODA. Plus tard, ils ne portaient plus que le nom de \u0160KODA. Le 15\u00a0mars\u00a01939, les troupes allemandes ont envahi la R\u00e9publique tch\u00e8que (\u00e0 l\u2019\u00e9poque encore appel\u00e9e Tch\u00e9coslovaquie).<\/p>\n    <\/div>\r\n    <div class=\"col-lg-5\">\r\n              <div class=\"imags-wrapper\">\r\n                  <figure class=\"alignnone\">\r\n                                      <img decoding=\"async\" data-src=\"https:\/\/www.amag-group.ch\/blog\/wp-content\/uploads\/2022\/01\/skoda-30-jahre-teil-der-amag-familie-vom-nobody-zu-everybodys-darling-teil-1-blog-amag-group.jpg\" src=\"#\" alt=\"\u0160KODA: 30 ans d\u2019appartenance \u00e0 la famille AMAG \u2013 de l\u2019inconnu \u00e0 l\u2019everybody\u2019s darling (partie 1) - Blog der AMAG Group AG 8\" loading=\"lazy\" class=\"lazyload\">\r\n                                                  <figcaption>De la rencontre fortuite entre V\u00e1clav Laurin (\u00e0 gauche) et V\u00e1clav Klement (\u00e0 droite) na\u00eet l\u2019un des plus anciens constructeurs automobiles du monde. Source d\u2019illustration: \u0160KODA AUTO<\/figcaption>\r\n                      <\/figure>\r\n                  <\/div>\r\n          <\/div>\r\n  <\/div>\r\n<\/div>\r\n\n\n<div class=\"text-with-post\">\r\n  <div class=\"row\">\r\n    <div class=\"col-lg-7\">\r\n              <p>\u00c0 partir de cette date, \u0160KODA ne produisit pratiquement plus de v\u00e9hicules, mais majoritairement des armes et des wagons \u00e0 benne pour l\u2019occupant allemand. Apr\u00e8s la fin de la guerre, \u0160KODA a \u00e9t\u00e9 nationalis\u00e9e. Le design et la technique \u00e9taient d\u00e8s lors d\u00e9termin\u00e9s par le politburo de Prague et ne brillaient donc pas par leur attractivit\u00e9 et leur innovation.<\/p>\n<p>En 1991, \u0160KODA est devenue la quatri\u00e8me marque de Volkswagen AG (depuis 2000, \u0160KODA est d\u00e9tenue \u00e0 100% par Volkswagen AG). Une \u00e9tape de d\u00e9veloppement qui s\u2019est av\u00e9r\u00e9e \u00eatre une v\u00e9ritable aubaine pour les deux parties. Voil\u00e0 en gros l\u2019histoire de l\u2019entreprise \u0160KODA de 1895 \u00e0 1991. Ensuite, c\u2019est au tour de la Suisse et d\u2019AMAG d\u2019entrer en jeu.<\/p>\n          <\/div>\r\n    <div class=\"col-lg-5 col-xl-4\">\r\n      <div class=\"wrapper-right\">\r\n                  <h3 class=\"h3\">C&rsquo;est ainsi que Laurin et Klement se sont rencontr\u00e9s<\/h3>\r\n                <figure class=\"post\">\n  <a href=\"https:\/\/www.amag-group.ch\/blog\/fr\/laurin-klement-hommage-rendu-a-un-libraire-et-un-mecanicien-de-bicyclettes\/\" class=\"img\">\n                <img decoding=\"async\" class=\"lazyload\" src=\"#\" data-src=\"https:\/\/www.amag-group.ch\/blog\/wp-content\/uploads\/2018\/08\/skoda-kodiaq-lak-m62-exterior-03-768x426.jpg\" alt=\"\">\n      <\/a>\n  <figcaption>\n    <div class=\"wrap-text\">\n      <ul class=\"post-info\">\n        <li><a href=\"https:\/\/www.amag-group.ch\/blog\/fr\/author\/christine\/\">Christine Hasler<\/a><\/li>\n        <li>lundi, 27. ao\u00fbt 2018<\/li>\n      <\/ul>\n      <h3><a href=\"https:\/\/www.amag-group.ch\/blog\/fr\/laurin-klement-hommage-rendu-a-un-libraire-et-un-mecanicien-de-bicyclettes\/\">Laurin &#038; Klement: hommage rendu \u00e0 un libraire et un m\u00e9canicien de bicyclettes<\/a><\/h3>\n            <p><a href=\"https:\/\/www.amag-group.ch\/blog\/fr\/laurin-klement-hommage-rendu-a-un-libraire-et-un-mecanicien-de-bicyclettes\/\">Discret et formant une courbe \u00e9l\u00e9gante, le logo \u00abLaurin &#038; Klement\u00bb se retrouve sur certaines voitures \u0160KODA. Mais que signifie&#8230;<\/a><\/p>\n    <\/div>\n    <div class=\"bottom\">\n                    <ul class=\"cat-links\">\n          <li><a href=\"https:\/\/www.amag-group.ch\/blog\/fr\/category\/mobilite\/classic-car-fr\/\">Classic Car<\/a><\/li>        <\/ul>\n            <ul class=\"info-icons\">\n        <li>\n          <div class=\"icon-holder\">\n            <img decoding=\"async\" data-src=\"https:\/\/www.amag-group.ch\/blog\/wp-content\/themes\/autoblog-v2\/images\/icon-00001.svg\" src=\"#\" alt=\"image description\" loading=\"lazy\" class=\"lazyload\">\n          <\/div>0        <\/li>\n                  <li>\n            <div class=\"icon-holder\">\n              <img decoding=\"async\" data-src=\"https:\/\/www.amag-group.ch\/blog\/wp-content\/themes\/autoblog-v2\/images\/icon-00002.svg\" src=\"#\" alt=\"image description\" loading=\"lazy\" class=\"lazyload\">\n            <\/div>4293          <\/li>\n                <li>\n          <div class=\"share-block\">\r\n  <div class=\"icon-holder\"><img decoding=\"async\" data-src=\"https:\/\/www.amag-group.ch\/blog\/wp-content\/themes\/autoblog-v2\/images\/icon-00003.svg\" src=\"#\" alt=\"image description\" loading=\"lazy\" class=\"svg-html lazyload\"><\/div>\r\n  <div class=\"share-icons-wrapper\">\r\n    <ul class=\"share-icons\">\r\n       \r\n      <li><a href=\"https:\/\/wa.me\/?text=https:\/\/www.amag-group.ch\/blog\/fr\/laurin-klement-hommage-rendu-a-un-libraire-et-un-mecanicien-de-bicyclettes\/\" target=\"_blank\"><i class=\"fab fa-whatsapp\"><\/i><\/a><\/li>\r\n      <li><a href=\"http:\/\/www.facebook.com\/sharer.php?u=https:\/\/www.amag-group.ch\/blog\/fr\/laurin-klement-hommage-rendu-a-un-libraire-et-un-mecanicien-de-bicyclettes\/\" target=\"_blank\"><i class=\"fab fa-facebook-f\"><\/i><\/a><\/li>\r\n      <li><a href=\"http:\/\/www.linkedin.com\/shareArticle?mini=true&amp;url=https:\/\/www.amag-group.ch\/blog\/fr\/laurin-klement-hommage-rendu-a-un-libraire-et-un-mecanicien-de-bicyclettes\/\" target=\"_blank\"><i class=\"fab fa-linkedin-in\"><\/i><\/a><\/li>\r\n      <li><a href=\"http:\/\/twitter.com\/share?url=https:\/\/www.amag-group.ch\/blog\/fr\/laurin-klement-hommage-rendu-a-un-libraire-et-un-mecanicien-de-bicyclettes\/&amp;text=Laurin+%26+Klement%3A+hommage+rendu+%C3%A0+un+libraire+et+un+m%C3%A9canicien+de+bicyclettes\" target=\"_blank\"><i class=\"fab fa-twitter\"><\/i><\/a><\/li>\r\n      <!-- <li><a href=\"#\" target=\"_blank\"><i class=\"fab fa-instagram\"><\/i><\/a><\/li> -->\r\n                    <li><a href=\"http:\/\/pinterest.com\/pin\/create\/button\/?url=https%3A%2F%2Fwww.amag-group.ch%2Fblog%2Ffr%2Flaurin-klement-hommage-rendu-a-un-libraire-et-un-mecanicien-de-bicyclettes%2F&#038;media=https%3A%2F%2Fwww.amag-group.ch%2Fblog%2Fwp-content%2Fuploads%2F2018%2F08%2Fskoda-kodiaq-lak-m62-exterior-03.jpg&#038;description=Laurin &#038; Klement: hommage rendu \u00e0 un libraire et un m\u00e9canicien de bicyclettes\" class=\"pin-it-button\" count-layout=\"horizontal\"  target=\"_blank\"><span class=\"fab fa-pinterest-p\"><\/span><\/a><\/li>\r\n            <li><a class=\"link-copy\" href=\"https:\/\/www.amag-group.ch\/blog\/fr\/laurin-klement-hommage-rendu-a-un-libraire-et-un-mecanicien-de-bicyclettes\/\" target=\"_blank\"><i class=\"far fa-clone\"><\/i><\/a><\/li>\r\n    <\/ul>\r\n  <\/div>\r\n<\/div>        <\/li>\n      <\/ul>\n    <\/div>\n  <\/figcaption>\n<\/figure>      <\/div>\r\n    <\/div>\r\n  <\/div>\r\n<\/div>\r\n\n\n  <div class=\"text-block\">\r\n    <h2><strong>Les mod\u00e8les \u0160KODA sont import\u00e9s en Suisse par AMAG depuis 1992<\/strong><\/h2>\n<p>Un\u00a0an plus tard, Walter\u00a0Haefner, fondateur d\u2019AMAG, signait un contrat d\u2019importation \u0160KODA pour la Suisse et la Principaut\u00e9 de Liechtenstein le 3\u00a0janvier\u00a01992. Une \u00e9tape pr\u00e9visible, car jusque-l\u00e0, l\u2019entreprise suisse importait toutes les marques du groupe Volkswagen.<\/p>\n  <\/div>\r\n\n\n\n\n\n\n<div class=\"row\">\n\n  <div class=\"col-lg-5\">\n\n    <div class=\"about-person position-2 left-0\">\n\n      \n        <figure><img decoding=\"async\" data-src=\"https:\/\/www.amag-group.ch\/blog\/wp-content\/uploads\/2022\/01\/skoda-30-jahre-teil-der-amag-familie-vom-nobody-zu-everybodys-darling-teil-1-blog-amag-group-2.jpg\" src=\"#\" alt=\"\u0160KODA: 30 ans d\u2019appartenance \u00e0 la famille AMAG \u2013 de l\u2019inconnu \u00e0 l\u2019everybody\u2019s darling (partie 1) - Blog der AMAG Group AG 7\" loading=\"lazy\" class=\"lazyload\"><\/figure>\n\n      \n      <div class=\"text-holder\">\n\n        \n        <p>Walter\u00a0Haefner, fondateur d\u2019AMAG, a reconnu tr\u00e8s t\u00f4t le potentiel de \u0160KODA. Source d\u2019illustration: AMAG<\/p>\n\n      <\/div>\n\n    <\/div>\n\n  <\/div>\n\n  <div class=\"col-lg-7\">\n\n    <p>Aujourd\u2019hui, \u0160KODA f\u00eate ses 30\u00a0ans d\u2019appartenance \u00e0 la famille AMAG. Mais ce n\u2019est pas tout. AMAG a encore autre chose \u00e0 f\u00eater. \u00c0 savoir 77\u00a0ans d\u2019existence.<\/p>\n<p>Mais revenons \u00e0 l\u2019histoire. \u00c0 partir du 3\u00a0janvier\u00a01992, une petite s\u0153ur d\u2019AMAG, Amoda (AMAG\/\u0160KODA\u00a0=\u00a0Amoda), a donc import\u00e9 divers mod\u00e8les \u0160KODA en Suisse. Mais \u00e0 l\u2019\u00e9poque, le nom de \u0160KODA \u00e9tait encore associ\u00e9 au bloc de l\u2019Est et \u00e0 une technologie d\u00e9pass\u00e9e. Pas de bonnes conditions pour un lancement sur le march\u00e9 r\u00e9ussi. Mais Walter\u00a0Haefner croyait en la marque et il devait avoir raison. M\u00eame si, au d\u00e9but, il a fallu faire preuve d\u2019un peu de patience.<\/p>\n\n  <\/div>\n\n<\/div>\n\n\n\n  <div class=\"text-block\">\r\n    <h2><strong>La FAVORIT et la FORMAN partent pour la Suisse, mais ce n\u2019est que la FELICIA qui convainc<\/strong><\/h2>\n<p>Les premiers mod\u00e8les \u0160KODA import\u00e9s par Amoda \u00e9taient la FAVORIT et la FORMAN. Les deux\u00a0mod\u00e8les \u00e9taient connus pour leur ext\u00e9rieur discret (bien qu\u2019ils soient dessin\u00e9s par Bertone) et leur technologie de carburation obsol\u00e8te et n\u2019\u00e9taient pas particuli\u00e8rement bien accueillis par le public suisse. En 1992, seuls 60\u00a0v\u00e9hicules \u0160KODA ont donc \u00e9t\u00e9 import\u00e9s.<\/p>\n<p>Ce n\u2019est que la FELICIA, disponible \u00e0 partir de 1993, qui a convaincu les Suisses. Le successeur de la FAVORIT \u00e9tait en outre le premier mod\u00e8le de \u0160KODA \u00e0 \u00eatre d\u00e9velopp\u00e9 sous l\u2019\u00e9gide du groupe Volkswagen. En Suisse, la technologie moderne et le design frais de la FELICIA, avec son espace g\u00e9n\u00e9reux et son rapport qualit\u00e9-prix attrayant, ont \u00e9t\u00e9 tr\u00e8s appr\u00e9ci\u00e9s. Ce sont tous des attributs auxquels \u0160KODA accorde encore aujourd\u2019hui une grande importance.<\/p>\n  <\/div>\r\n\n\n<figure class=\"alignnone margins1\">\r\n      <img decoding=\"async\" data-src=\"https:\/\/www.amag-group.ch\/blog\/wp-content\/uploads\/2022\/01\/skoda-30-jahre-teil-der-amag-familie-vom-nobody-zu-everybodys-darling-teil-1-blog-amag-group-3.jpg\" src=\"#\" alt=\"\u0160KODA: 30 ans d\u2019appartenance \u00e0 la famille AMAG \u2013 de l\u2019inconnu \u00e0 l\u2019everybody\u2019s darling (partie 1) - Blog der AMAG Group AG 6\" loading=\"lazy\" class=\"lazyload\">\r\n        <figcaption>La \u0160KODA FELICIA a \u00e9t\u00e9 tr\u00e8s bien accueillie par le public suisse. Source d\u2019illustration: \u0160KODA AUTO<\/figcaption>\r\n  <\/figure>\r\n\n\n  <div class=\"text-block\">\r\n    <p>En 1995, Amoda a \u00e9t\u00e9 dissoute et \u0160KODA\u00a0Import a \u00e9t\u00e9 int\u00e9gr\u00e9e \u00e0 AMAG, ce qui a donn\u00e9 un net coup de pouce \u00e0 la marque et s\u2019est bient\u00f4t refl\u00e9t\u00e9 dans les chiffres de vente.<\/p>\n  <\/div>\r\n\n\n\n\n\n\n<div class=\"row\">\n\n  <div class=\"col-lg-5\">\n\n    <div class=\"about-person position-2 left-0\">\n\n      \n        <figure><img decoding=\"async\" data-src=\"https:\/\/www.amag-group.ch\/blog\/wp-content\/uploads\/2022\/01\/skoda-30-jahre-teil-der-amag-familie-vom-nobody-zu-everybodys-darling-teil-1-blog-amag-group-4.jpg\" src=\"#\" alt=\"\u0160KODA: 30 ans d\u2019appartenance \u00e0 la famille AMAG \u2013 de l\u2019inconnu \u00e0 l\u2019everybody\u2019s darling (partie 1) - Blog der AMAG Group AG 5\" loading=\"lazy\" class=\"lazyload\"><\/figure>\n\n      \n      <div class=\"text-holder\">\n\n        \n          <h3 class=\"h3\">L\u2019OCTAVIA conquiert le c\u0153ur de la client\u00e8le suisse<\/h3>\n\n        \n        <p>La \u0160KODA\u00a0OCTAVIA de la premi\u00e8re\u00a0g\u00e9n\u00e9ration a \u00e9t\u00e9 pr\u00e9sent\u00e9e au public suisse en 1996 et a convaincu sur toute la ligne. Source d\u2019illustration: \u0160KODA\u00a0AUTO<\/p>\n\n      <\/div>\n\n    <\/div>\n\n  <\/div>\n\n  <div class=\"col-lg-7\">\n\n    <p>Un\u00a0an plus tard, le succ\u00e8s \u00e9tait enfin au rendez-vous. Le lancement de la \u0160KODA\u00a0OCTAVIA a convaincu la client\u00e8le suisse. L\u2019OCTAVIA a \u00e9t\u00e9 le huiti\u00e8me\u00a0mod\u00e8le lanc\u00e9 par \u0160KODA apr\u00e8s la Seconde Guerre mondiale.<\/p>\n<p>D\u2019abord disponible comme berline, puis en version break, l\u2019OCTAVIA est devenue la favorite en Suisse. Alors, quand l\u2019OCTAVIA \u00e0 moteur diesel et 4&#215;4 est arriv\u00e9e en Suisse en 1999, les Suisses ont \u00e9t\u00e9 conquis.<\/p>\n<p>&nbsp;<\/p>\n\n  <\/div>\n\n<\/div>\n\n\n\n  <h3 class=\"h3\">Vous \u00eates impatient de d\u00e9couvrir la deuxi\u00e8me\u00a0partie de l\u2019histoire suisse de \u0160KODA?<\/h3>\r\n  <div class=\"links-warrow\">\r\n                <a href=\"https:\/\/www.amag-group.ch\/blog\/fr\/skoda-30-jahre-teil-der-amag-familie-vom-nobody-zu-everybodys-darling-teil-2\/\" class=\"read-more black\" target=\"_self\">\u0160KODA: 30 ans d\u2019appartenance \u00e0 la famille AMAG \u2013 de l\u2019inconnu \u00e0 l\u2019everybody\u2019s darling (partie 2) <i class=\"arrow\"><\/i><\/a>\r\n      <\/div>\r\n\n\n<div class=\"youtube-block style3\">\r\n  <iframe title=\"\u0160KODA OCTAVIA: HOW IT ALL BEGAN\" width=\"640\" height=\"360\" src=\"https:\/\/www.youtube.com\/embed\/wFD7F87iZKs?feature=oembed\" frameborder=\"0\" allow=\"accelerometer; autoplay; clipboard-write; encrypted-media; gyroscope; picture-in-picture; web-share\" referrerpolicy=\"strict-origin-when-cross-origin\" allowfullscreen><\/iframe><\/div>\r\n","protected":false},"excerpt":{"rendered":"","protected":false},"author":40,"featured_media":25308,"comment_status":"open","ping_status":"open","sticky":false,"template":"","format":"standard","meta":{"_acf_changed":false,"inline_featured_image":false,"footnotes":""},"categories":[9590],"tags":[],"class_list":["post-25371","post","type-post","status-publish","format-standard","has-post-thumbnail","hentry","category-histoire-et-tradition"],"acf":[],"_links":{"self":[{"href":"https:\/\/www.amag-group.ch\/blog\/fr\/wp-json\/wp\/v2\/posts\/25371","targetHints":{"allow":["GET"]}}],"collection":[{"href":"https:\/\/www.amag-group.ch\/blog\/fr\/wp-json\/wp\/v2\/posts"}],"about":[{"href":"https:\/\/www.amag-group.ch\/blog\/fr\/wp-json\/wp\/v2\/types\/post"}],"author":[{"embeddable":true,"href":"https:\/\/www.amag-group.ch\/blog\/fr\/wp-json\/wp\/v2\/users\/40"}],"replies":[{"embeddable":true,"href":"https:\/\/www.amag-group.ch\/blog\/fr\/wp-json\/wp\/v2\/comments?post=25371"}],"version-history":[{"count":3,"href":"https:\/\/www.amag-group.ch\/blog\/fr\/wp-json\/wp\/v2\/posts\/25371\/revisions"}],"predecessor-version":[{"id":25400,"href":"https:\/\/www.amag-group.ch\/blog\/fr\/wp-json\/wp\/v2\/posts\/25371\/revisions\/25400"}],"wp:featuredmedia":[{"embeddable":true,"href":"https:\/\/www.amag-group.ch\/blog\/fr\/wp-json\/wp\/v2\/media\/25308"}],"wp:attachment":[{"href":"https:\/\/www.amag-group.ch\/blog\/fr\/wp-json\/wp\/v2\/media?parent=25371"}],"wp:term":[{"taxonomy":"category","embeddable":true,"href":"https:\/\/www.amag-group.ch\/blog\/fr\/wp-json\/wp\/v2\/categories?post=25371"},{"taxonomy":"post_tag","embeddable":true,"href":"https:\/\/www.amag-group.ch\/blog\/fr\/wp-json\/wp\/v2\/tags?post=25371"}],"curies":[{"name":"wp","href":"https:\/\/api.w.org\/{rel}","templated":true}]}}