{"id":24079,"date":"2021-10-06T08:55:00","date_gmt":"2021-10-06T06:55:00","guid":{"rendered":"https:\/\/www.amag-group.ch\/blog\/?p=24079"},"modified":"2021-12-15T08:26:00","modified_gmt":"2021-12-15T07:26:00","slug":"des-vacances-en-voiture-electrique-sur-5300-km-chaleur-volcans-et-emotion-2","status":"publish","type":"post","link":"https:\/\/www.amag-group.ch\/blog\/fr\/des-vacances-en-voiture-electrique-sur-5300-km-chaleur-volcans-et-emotion-2\/","title":{"rendered":"Des vacances en voiture \u00e9lectrique sur 5300 km: chaleur, volcans et \u00e9motion"},"content":{"rendered":"<p>Beaucoup n\u2019auraient jamais os\u00e9 se lancer. Mais <a href=\"https:\/\/autoblog.amag.ch\/author\/pascalspiegel\/\">Pascal\u00a0Spiegel<\/a>, Head of Key Account Management Fleet chez AMAG, a franchi le pas: il s\u2019est mis au volant de la Volkswagen\u00a0ID.4 enti\u00e8rement \u00e9lectrique pour parcourir les quelque 5300\u00a0km qui s\u00e9parent Zurich de la Sicile, avant de refaire le trajet en sens inverse. Une fable en trois actes: chaleur, \u00e9ruptions volcaniques et solidarit\u00e9 entre conducteurs de v\u00e9hicules \u00e9lectriques.<\/p>\n<h3><strong>Pascal, tu as roul\u00e9 sur 5300\u00a0km au volant de la VW\u00a0ID.4 enti\u00e8rement \u00e9lectrique lors de tes vacances d\u2019\u00e9t\u00e9 en famille. \u00c7a t\u2019a plu?<\/strong><\/h3>\n<p><em>Pascal Spiegel:<\/em> C\u2019\u00e9tait une exp\u00e9rience exceptionnelle! Tout le monde devrait essayer. Nous avons d\u00fb nous arr\u00eater plus souvent pour manger, boire ou faire une pause aux toilettes que pour recharger la voiture. L\u2019ID.4 est tellement silencieuse que ma femme s\u2019est install\u00e9e \u00e0 l\u2019arri\u00e8re pour piquer un somme d\u00e8s que nous sommes partis. Mon fils en a profit\u00e9 pour s\u2019asseoir sur le si\u00e8ge passager. Avant le grand d\u00e9part, je dois admettre que j\u2019ai eu quelques doutes, tout de m\u00eame.<\/p>\n<h3><strong>Quels doutes en particulier?<\/strong><\/h3>\n<p>J\u2019\u00e9tais assez sceptique en ce qui concerne l\u2019autonomie de la batterie et la pr\u00e9sence \u00e0 intervalles r\u00e9guliers de bornes de recharge disponibles. Vu qu\u2019il allait faire tr\u00e8s chaud, je me suis aussi demand\u00e9 quel effet la climatisation allum\u00e9e en permanence allait avoir sur le niveau de la batterie.<\/p>\n","protected":false},"excerpt":{"rendered":"<p>Beaucoup n\u2019auraient jamais os\u00e9 se lancer. Mais Pascal\u00a0Spiegel, Head of Key Account Management Fleet chez AMAG, a franchi le pas: il s\u2019est mis au volant de la Volkswagen\u00a0ID.4 enti\u00e8rement \u00e9lectrique pour parcourir les quelque 5300\u00a0km qui s\u00e9parent Zurich de la Sicile, avant de refaire le trajet en sens inverse. Une fable en trois actes: chaleur, [&hellip;]<\/p>\n","protected":false},"author":43,"featured_media":24084,"comment_status":"open","ping_status":"open","sticky":false,"template":"","format":"standard","meta":{"_acf_changed":false,"inline_featured_image":false,"footnotes":""},"categories":[8120],"tags":[],"class_list":["post-24079","post","type-post","status-publish","format-standard","has-post-thumbnail","hentry","category-voiture-et-technologie"],"acf":[],"_links":{"self":[{"href":"https:\/\/www.amag-group.ch\/blog\/fr\/wp-json\/wp\/v2\/posts\/24079","targetHints":{"allow":["GET"]}}],"collection":[{"href":"https:\/\/www.amag-group.ch\/blog\/fr\/wp-json\/wp\/v2\/posts"}],"about":[{"href":"https:\/\/www.amag-group.ch\/blog\/fr\/wp-json\/wp\/v2\/types\/post"}],"author":[{"embeddable":true,"href":"https:\/\/www.amag-group.ch\/blog\/fr\/wp-json\/wp\/v2\/users\/43"}],"replies":[{"embeddable":true,"href":"https:\/\/www.amag-group.ch\/blog\/fr\/wp-json\/wp\/v2\/comments?post=24079"}],"version-history":[{"count":0,"href":"https:\/\/www.amag-group.ch\/blog\/fr\/wp-json\/wp\/v2\/posts\/24079\/revisions"}],"wp:featuredmedia":[{"embeddable":true,"href":"https:\/\/www.amag-group.ch\/blog\/fr\/wp-json\/wp\/v2\/media\/24084"}],"wp:attachment":[{"href":"https:\/\/www.amag-group.ch\/blog\/fr\/wp-json\/wp\/v2\/media?parent=24079"}],"wp:term":[{"taxonomy":"category","embeddable":true,"href":"https:\/\/www.amag-group.ch\/blog\/fr\/wp-json\/wp\/v2\/categories?post=24079"},{"taxonomy":"post_tag","embeddable":true,"href":"https:\/\/www.amag-group.ch\/blog\/fr\/wp-json\/wp\/v2\/tags?post=24079"}],"curies":[{"name":"wp","href":"https:\/\/api.w.org\/{rel}","templated":true}]}}