{"id":23951,"date":"2021-12-01T13:35:11","date_gmt":"2021-12-01T12:35:11","guid":{"rendered":"https:\/\/autoblog.amag.ch\/?p=23951"},"modified":"2021-12-15T17:40:01","modified_gmt":"2021-12-15T16:40:01","slug":"tu-veux-tout-savoir-sur-lelectromobilite-alors-the-square-est-fait-pour-toi","status":"publish","type":"post","link":"https:\/\/www.amag-group.ch\/blog\/fr\/tu-veux-tout-savoir-sur-lelectromobilite-alors-the-square-est-fait-pour-toi\/","title":{"rendered":"Tu veux tout savoir sur l&rsquo;\u00e9lectromobilit\u00e9 ? Alors the square est fait pour toi!"},"content":{"rendered":"\n<p>Les visiteurs de <a href=\"https:\/\/www.the-square.ch\/fr.html\" target=\"_blank\" rel=\"noopener noreferrer\"><span style=\"text-decoration: underline;\"><strong>the square<\/strong><\/span><\/a> b\u00e9n\u00e9ficient d&rsquo;une offre d&rsquo;information compl\u00e8te et peuvent d\u00e9couvrir de pr\u00e8s l&rsquo;\u00e9lectromobilit\u00e9 et les nouvelles solutions de mobilit\u00e9 &#8211; que ce soit lors d&rsquo;un essai VIP, d&rsquo;une s\u00e9ance d&rsquo;information ou d&rsquo;un entretien individuel.<\/p>\n\n\n\n<h2 class=\"wp-block-heading\">Rencontre l&rsquo;\u00e9quipe :<\/h2>\n\n\n\n<h3 class=\"wp-block-heading\">Peter Schmid | Head of new mobility hub<\/h3>\n\n\n\n<figure class=\"wp-block-image alignnone wp-image-23911 size-medium\"><img decoding=\"async\" src=\"https:\/\/www.amag-group.ch\/blog\/wp-content\/uploads\/2021\/12\/IMG_7987-620x414.jpg\" alt=\"\" class=\"wp-image-23911\"\/><figcaption>Peter Schmid | Head of new mobility hub<\/figcaption><\/figure>\n\n\n\n<p><strong>Ce que j\u2019appr\u00e9cie particuli\u00e8rement dans mon travail \u00e0 \u00abthe square\u00bb:<\/strong><br>J\u2019aime le contact client direct. Des discussions tout \u00e0 fait captivantes s\u2019engagent fr\u00e9quemment sur des aspects \u00e9cologiques, techniques, mais aussi politiques. Je suis toujours fascin\u00e9 par les r\u00e9actions de la client\u00e8le lors de leur premier essai routier avec un v\u00e9hicule \u00e9lectrique. Je n\u2019ai encore jamais trouv\u00e9 quelqu\u2019un qui n\u2019ait pas aim\u00e9 la sensation de conduite dans un v\u00e9hicule \u00e9lectrique.<br><strong>Ce que la mobilit\u00e9 \u00e9lectrique signifie pour moi:<\/strong><br>D\u2019abord le plaisir au volant \u00e0 l\u2019\u00e9tat pur. J\u2019adore le d\u00e9ploiement de puissance d\u2019un v\u00e9hicule \u00e9lectrique. Le fait aussi que la force motrice agisse absolument sans bruit me fascine. Apr\u00e8s un long trajet dans un tel v\u00e9hicule, on arrive \u00e0 destination nettement plus d\u00e9tendu, ce qui veut dire aucune perte sur le plan \u00e9motionnel. La technique m\u2019a toujours \u00e9merveill\u00e9 et je pense que le temps est venu de changer pour la propulsion \u00e9lectrique extr\u00eamement efficiente. <br><strong>Ma devise:<\/strong><br>Puisque tu ne peux changer la direction du vent, il faut apprendre \u00e0 orienter les voiles.<\/p>\n\n\n\n<h3 class=\"wp-block-heading\">Luca Melchionna | Directeur adjoint the square<\/h3>\n\n\n\n<figure class=\"wp-block-image alignnone wp-image-23920 size-medium\"><img decoding=\"async\" src=\"https:\/\/www.amag-group.ch\/blog\/wp-content\/uploads\/2021\/12\/IMG_8042-620x414.jpg\" alt=\"\" class=\"wp-image-23920\"\/><figcaption>Luca Melchionna &#8211; Directeur adjoint the square<\/figcaption><\/figure>\n\n\n\n<p><strong>Ce que j\u2019appr\u00e9cie particuli\u00e8rement dans mon travail \u00e0 \u00abthe square\u00bb:<\/strong><br>La possibilit\u00e9 de pr\u00e9senter nos produits au grand public sur un site au top de la modernit\u00e9, et en m\u00eame temps de pouvoir r\u00e9aliser un travail de clarification sur le th\u00e8me de la mobilit\u00e9 \u00e9lectrique. <br><strong>Ce que la mobilit\u00e9 \u00e9lectrique signifie pour moi:<\/strong><br>Une conduite automobile plus d\u00e9tendue et plus consciente, qui me fait du bien et qui fait du bien \u00e0 l\u2019environnement.<br><strong>Ma devise:<\/strong><br>Celui qui fait toujours ce dont il est capable reste toujours celui qu\u2019il est d\u00e9j\u00e0.<\/p>\n\n\n\n<h3 class=\"wp-block-heading\">Thomas Keller | Mobility-e-Xpert<\/h3>\n\n\n\n<figure class=\"wp-block-image alignnone wp-image-23914 size-medium\"><img decoding=\"async\" src=\"https:\/\/www.amag-group.ch\/blog\/wp-content\/uploads\/2021\/12\/IMG_8005-620x414.jpg\" alt=\"\" class=\"wp-image-23914\"\/><figcaption>Thomas Keller | Mobility-e-Xpert<\/figcaption><\/figure>\n\n\n\n<p><strong>Ce que j\u2019appr\u00e9cie particuli\u00e8rement dans mon travail \u00e0 \u00abthe square\u00bb:<\/strong><br>Je prends un plaisir in\u00e9gal\u00e9 \u00e0 enthousiasmer les visiteurs et visiteuses ainsi que les personnes int\u00e9ress\u00e9es par la mobilit\u00e9 \u00e9lectrique et l\u2019\u00e9cosyst\u00e8me associ\u00e9. En outre, j\u2019appr\u00e9cie de pouvoir travailler sur un lieu de travail ultra-moderne et de faire partie d\u2019une \u00e9quipe formidable et motiv\u00e9e.<br><strong>Ce que la mobilit\u00e9 \u00e9lectrique signifie pour moi:<\/strong><br>Des \u00e9motions et le plaisir au volant \u00e0 l\u2019\u00e9tat pur, sans oublier la r\u00e9alit\u00e9 actuelle. Je suis fier d\u2019\u00eatre un rouage de cette phase de la New Mobility, dont l\u2019\u00e9volution est fulgurante.<br><strong>Ma devise:<\/strong><br>WIIFY (What\u2019s in it for You).<br>Ou dit autrement: \u00aborientation client\u00bb et \u00abutilit\u00e9 maximale pour le client\u00bb. J\u2019ai \u00e0 c\u0153ur de r\u00e9server un accueil sympathique aux visiteuses et visiteurs, d\u2019aller au-devant d\u2019eux, d\u2019identifier leurs besoins et leurs d\u00e9sirs, ainsi que de les conseiller en cons\u00e9quence.<\/p>\n\n\n\n<h3 class=\"wp-block-heading\">Yassin Siegrist | Mobility e-Xpert<\/h3>\n\n\n\n<figure class=\"wp-block-image alignnone wp-image-23917 size-medium\"><img decoding=\"async\" src=\"https:\/\/www.amag-group.ch\/blog\/wp-content\/uploads\/2021\/12\/IMG_8028-620x414.jpg\" alt=\"\" class=\"wp-image-23917\"\/><figcaption>Yassin Siegrist | Mobility e-Xpert<\/figcaption><\/figure>\n\n\n\n<p><strong>Ce que j\u2019appr\u00e9cie particuli\u00e8rement dans mon travail \u00e0 \u00abthe square\u00bb:<\/strong><br>L\u2019ambiance moderne et le climat de travail agr\u00e9able sur notre super site contribuent de mani\u00e8re d\u00e9cisive \u00e0 la pleine exploitation de mon potentiel et \u00e0 ce que je parvienne \u00e0 conseiller nos clientes et clients avec professionnalisme et une infinie motivation.<br><strong>Ce que la mobilit\u00e9 \u00e9lectrique signifie pour moi:<\/strong><br>La mobilit\u00e9 de l\u2019avenir: se d\u00e9placer en \u00e9tant connect\u00e9 et climatiquement neutre, avec un plaisir au volant toujours intact!<br><strong>Ma devise:<\/strong><br>Une journ\u00e9e sans sourire est une journ\u00e9e perdue.<\/p>\n\n\n\n<div class=\"wp-block-image\"><figure class=\"aligncenter\"><img decoding=\"async\" src=\"https:\/\/www.amag-group.ch\/blog\/wp-content\/uploads\/2021\/12\/IMG_8098-scaled-1.jpg\" alt=\"\" class=\"wp-image-23924\"\/><\/figure><\/div>\n\n\n<div class=\"about-person type2 full-mob\">\r\n  <div class=\"text-holder\">\r\n          <h3 class=\"h3\">Giro di prova VIP <\/h3>\r\n        <p>Panoramica dei vostri vantaggi:<\/p>\n<p>\n<strong>Individuale e personale:<\/strong> Siete voi a determinare la direzione, nel vero senso della parola. Provate il divertimento della guida elettrica su una strada di campagna o sull\u2019autostrada, magari con una sosta in una stazione di ricarica. Progettiamo il percorso interamente secondo i vostri desideri.<br \/>\n<strong>Consulenza competente<\/strong>: I nostri esperti vi accompagneranno per un\u2019ora e non vedono l\u2019ora di presentarvi l\u2019elettromobilit\u00e0.<br \/>\n<strong>Ultimi modelli dei marchi del gruppo:<\/strong> Avrete l\u2019opportunit\u00e0 di guidare e confrontare gli ultimi modelli dei marchi del nostro gruppo. <br \/>\n<strong>Reperimento di informazioni semplice e diretto:<\/strong> Non potete comprare l\u2019auto da noi, ma otterrete tutte le informazioni necessarie per la vostra ricerca personale da una fonte esperta. Su richiesta, saremo lieti di mettervi in contatto con il vostro partner del marchio preferito.<\/p>\n<p>\nSiete pronti per il vostro giro di prova personale? Allora <a href=\"https:\/\/www.the-square.ch\/it\/probefahrt.html\" target=\"_blank\" rel=\"noopener\"><span style=\"text-decoration: underline;\"><strong>prenotate<\/strong> <\/span><\/a>online o in loco presso in qualsiasi momento.<\/p>\n  <\/div>\r\n<\/div>\r\n\n\n\n<p><\/p>\n","protected":false},"excerpt":{"rendered":"<p>Depuis juillet 2021, le centre d&rsquo;exp\u00e9rience et de comp\u00e9tence the square est ouvert dans le Circle \u00e0 l&rsquo;a\u00e9roport de Zurich. Notre \u00e9quipe a l&rsquo;\u00e9lectricit\u00e9 dans le sang et te fait d\u00e9couvrir le monde de la nouvelle mobilit\u00e9 individuelle durable.<\/p>\n","protected":false},"author":63,"featured_media":24059,"comment_status":"open","ping_status":"open","sticky":true,"template":"","format":"standard","meta":{"_acf_changed":false,"inline_featured_image":false,"footnotes":""},"categories":[],"tags":[],"class_list":["post-23951","post","type-post","status-publish","format-standard","has-post-thumbnail","hentry"],"acf":[],"_links":{"self":[{"href":"https:\/\/www.amag-group.ch\/blog\/fr\/wp-json\/wp\/v2\/posts\/23951","targetHints":{"allow":["GET"]}}],"collection":[{"href":"https:\/\/www.amag-group.ch\/blog\/fr\/wp-json\/wp\/v2\/posts"}],"about":[{"href":"https:\/\/www.amag-group.ch\/blog\/fr\/wp-json\/wp\/v2\/types\/post"}],"author":[{"embeddable":true,"href":"https:\/\/www.amag-group.ch\/blog\/fr\/wp-json\/wp\/v2\/users\/63"}],"replies":[{"embeddable":true,"href":"https:\/\/www.amag-group.ch\/blog\/fr\/wp-json\/wp\/v2\/comments?post=23951"}],"version-history":[{"count":3,"href":"https:\/\/www.amag-group.ch\/blog\/fr\/wp-json\/wp\/v2\/posts\/23951\/revisions"}],"predecessor-version":[{"id":24903,"href":"https:\/\/www.amag-group.ch\/blog\/fr\/wp-json\/wp\/v2\/posts\/23951\/revisions\/24903"}],"wp:featuredmedia":[{"embeddable":true,"href":"https:\/\/www.amag-group.ch\/blog\/fr\/wp-json\/wp\/v2\/media\/24059"}],"wp:attachment":[{"href":"https:\/\/www.amag-group.ch\/blog\/fr\/wp-json\/wp\/v2\/media?parent=23951"}],"wp:term":[{"taxonomy":"category","embeddable":true,"href":"https:\/\/www.amag-group.ch\/blog\/fr\/wp-json\/wp\/v2\/categories?post=23951"},{"taxonomy":"post_tag","embeddable":true,"href":"https:\/\/www.amag-group.ch\/blog\/fr\/wp-json\/wp\/v2\/tags?post=23951"}],"curies":[{"name":"wp","href":"https:\/\/api.w.org\/{rel}","templated":true}]}}