{"id":23860,"date":"2021-11-18T07:56:47","date_gmt":"2021-11-18T06:56:47","guid":{"rendered":"https:\/\/autoblog.amag.ch\/?p=23812"},"modified":"2021-12-27T15:16:54","modified_gmt":"2021-12-27T14:16:54","slug":"francesca-nadig-napoli-product-manager-volkswagen-chez-amag-import-et-talent-linguistique","status":"publish","type":"post","link":"https:\/\/www.amag-group.ch\/blog\/fr\/francesca-nadig-napoli-product-manager-volkswagen-chez-amag-import-et-talent-linguistique\/","title":{"rendered":"Francesca, Product Manager Volkswagen chez AMAG Import et talent linguistique"},"content":{"rendered":"\n<h3 class=\"wp-block-heading\"><strong>Franca, raconte-nous ton parcours professionnel.<\/strong><\/h3>\n\n\n\n<p>Je suis venu de Calabre en Suisse quand j\u2019avais 10 ans. En termes de temp\u00e9rament, je suis certainement 100% italienne et fi\u00e8rement calabraise et suisse de c\u0153ur. Mon parcours professionnel m\u2019a d\u2019abord conduit vers un apprentissage de coiffeur, mais j\u2019ai abandonn\u00e9 au bout de 9 mois car ce n\u2019\u00e9tait pas mon univers.<\/p>\n\n\n\n<p>Apr\u00e8s un apprentissage de bureau, j\u2019ai acquis ma premi\u00e8re exp\u00e9rience professionnelle en tant que t\u00e9l\u00e9phoniste et r\u00e9ceptionniste dans une entreprise am\u00e9ricaine. En 1990, j\u2019ai \u00e9t\u00e9 attir\u00e9 par l\u2019industrie automobile, o\u00f9 j\u2019ai travaill\u00e9 pour Ford pendant plusieurs ann\u00e9es dans diverses fonctions. D\u2019abord \u00e0 nouveau comme t\u00e9l\u00e9phoniste, puis comme assistant du directeur financier, comme acheteur, comme polyvalent et enfin comme consultant en leasing chez Ford Credit Europe.<\/p>\n\n\n\n<p><\/p>\n\n\n<div class=\"text-and-apblock\">\r\n  <div class=\"row\">\r\n    <div class=\"col-lg-7\">\r\n                    <p>Apr\u00e8s une \u00abexcursion\u00bb de 5 ans dans le secteur des assurances, o\u00f9 j\u2019ai travaill\u00e9 en tant que coordinateur de marketing direct et directeur de campagne, j\u2019ai \u00e9t\u00e9 attir\u00e9 de nouveau par le secteur automobile en 2002. J\u2019ai rejoint Daimler Chrysler Suisse en tant qu\u2019assistant marketing relationnel Mercedes-Benz jusqu\u2019\u00e0 ce qu\u2019un dimanche apr\u00e8s-midi, je re\u00e7oive un appel d\u2019un ancien coll\u00e8gue de travail qui m\u2019a ramen\u00e9 chez Ford. Pendant les 12 ann\u00e9es suivantes, j\u2019ai travaill\u00e9 dans la disposition et j\u2019ai \u00e9t\u00e9 Product Manager pour les voitures particuli\u00e8res et les v\u00e9hicules utilitaires.<\/p>\n<p>En 2019, mon r\u00f4le a \u00e9t\u00e9 d\u00e9localis\u00e9 en Allemagne et j\u2019ai d\u00e9cid\u00e9 de saisir l\u2019occasion et de r\u00e9aliser mon d\u00e9sir de longue date de prendre un peu de temps libre. En janvier, j\u2019ai finalement pris l\u2019avion pour le Costa Rica, pleine de joie et d\u2019attentes, o\u00f9 j\u2019ai appris l\u2019espagnol et pass\u00e9 trois mois mouvement\u00e9s et inoubliables. Malheureusement, le COVID-19 m\u2019a contraint \u00e0 \u00e9courter pr\u00e9matur\u00e9ment mon aventure et \u00e0 rentrer en Suisse au printemps 2020.<\/p>\n          <\/div>\r\n    <div class=\"col-lg-5\">\r\n      <div class=\"about-person position-1\">\r\n                  <figure><img decoding=\"async\" data-src=\"https:\/\/www.amag-group.ch\/blog\/wp-content\/uploads\/2021\/12\/Screenshot_20211113-171840_Gmail.jpg\" src=\"#\" alt=\"\" loading=\"lazy\" class=\"lazyload\"><\/figure>\r\n                <div class=\"text-holder\">\r\n                      <h3 class=\"h3\">Francesca<\/h3>\r\n                                            <p>\r\n                                                                              <strong>Personne:<\/strong>                 Francesca, plus de 50 ans                                                                               <br>                 <strong>Fonction:<\/strong>                 Product Manager Volkswagen, AMAG Import AG                                                                               <br>                 <strong>Int\u00e9r\u00eats et loisirs:<\/strong>                 Sa grande famille, Cuisiner, vin, Badminton                                          <\/p>\r\n                  <\/div>\r\n      <\/div>\r\n    <\/div>\r\n  <\/div>\r\n<\/div>\r\n\n\n  <div class=\"text-block\">\r\n    <p>Lorsque j\u2019ai vu l\u2019offre d\u2019emploi d\u2019AMAG, j\u2019ai imm\u00e9diatement su que c\u2019\u00e9tait la bonne solution pour moi. Il semble que les responsables d\u2019AMAG \u00e9taient du m\u00eame avis et j\u2019ai re\u00e7u le feu vert apr\u00e8s les entretiens et une journ\u00e9e d\u2019essai.<\/p>\n<h3>Comment s\u2019est pass\u00e9e ta p\u00e9riode d\u2019int\u00e9gration chez AMAG?<\/h3>\n<p>Je me suis imm\u00e9diatement sentie chez moi et j\u2019ai \u00e9t\u00e9 tr\u00e8s bien accueillie par tout le monde. J\u2019ai \u00e9galement rencontr\u00e9 de nombreux visages familiers de mes emplois pr\u00e9c\u00e9dents, car l\u2019industrie automobile est comme une famille o\u00f9 les gens se connaissent. J\u2019ai \u00e9galement pu profiter d\u2019une tr\u00e8s bonne introduction. Tout le monde a pris le temps de r\u00e9pondre \u00e0 mes questions et a \u00e9t\u00e9 tr\u00e8s utile. Aujourd\u2019hui, je suis fi\u00e8re que les nouveaux employ\u00e9s viennent me poser leurs questions et que je puisse les aider gr\u00e2ce \u00e0 mes connaissances.<\/p>\n<h3>Tu t\u2019es \u00e0 nouveau r\u00e9orient\u00e9 \u00e0 plus de 50 ans. Quelles exp\u00e9riences as-tu eues sur le march\u00e9 du travail?<\/h3>\n<p>J\u2019ai commenc\u00e9 ma recherche d\u2019emploi avec une attitude fondamentalement positive et j\u2019\u00e9tais convaincu que je trouverais le bon emploi au bon moment. Pour augmenter mes chances, j\u2019ai \u00e9galement d\u00e9cid\u00e9 de faire pr\u00e9parer mes documents de candidature par des professionnels. Ils sont comme une carte de visite et donnent \u00e0 l\u2019entreprise une premi\u00e8re impression importante. En fin de compte, il a certainement \u00e9t\u00e9 utile que je cherche un nouvel emploi dans mon domaine d\u2019exp\u00e9rience. Je pouvais imaginer qu\u2019il serait plus difficile de prendre un nouveau d\u00e9part complet \u00e0 mon \u00e2ge. En tout cas, mes efforts en valaient la peine au bout du compte. J\u2019ai pu me pr\u00e9senter \u00e0 plusieurs endroits, une fois m\u00eame par un appel WhatsApp directement du Costa Rica, et j\u2019ai finalement trouv\u00e9 l\u2019emploi de mes r\u00eaves chez AMAG.<\/p>\n<h3>Quels sont les r\u00eaves et les souhaits que tu as encore pour l\u2019avenir?<\/h3>\n<p>Si je pouvais tout recommencer, j\u2019\u00e9tudierais l\u2019\u0153nologie ou la m\u00e9t\u00e9orologie. Les vins sont quelque chose de fascinant et j\u2019ai suivi plusieurs cours sur le vin comme passe-temps. Pendant un certain temps, j\u2019ai tenu un bar \u00e0 c\u00f4t\u00e9 de mon \u00abtravail normal\u00bb, o\u00f9 j\u2019ai pu vivre ma passion d\u2019h\u00f4tesse et de vin. C\u2019\u00e9tait une p\u00e9riode tr\u00e8s intensive et \u00e9puisante, mais je ne voudrais pas en manquer une seule seconde. Je pourrais tr\u00e8s bien m\u2019imaginer aller de nouveau dans cette direction. Qui sait ce que l\u2019avenir nous r\u00e9serve.<\/p>\n<p>Un autre souhait est aussi de mettre en pratique mes projets de voyage annul\u00e9s, apr\u00e8s tout. En fait, je voulais visiter la cit\u00e9 inca de Machu Picchu, un r\u00eave que je caresse depuis longtemps. La premi\u00e8re tentative n\u2019ayant pas abouti, j\u2019esp\u00e8re pouvoir la r\u00e9aliser \u00e0 un moment donn\u00e9 dans le futur.<\/p>\n  <\/div>\r\n\n\n","protected":false},"excerpt":{"rendered":"<p>AMAG s\u2019appuie sur l\u2019exp\u00e9rience: Francesca Nadig-Napoli a d\u00e9but\u00e9 en tant que Product Manager Volkswagen chez AMAG Import en ao\u00fbt 2020. Elle a d\u00fb annuler pr\u00e9matur\u00e9ment le voyage de 6 mois et le cong\u00e9 pr\u00e9vu en raison du COVID-19 et \u00e9tait donc \u00e0 la recherche d\u2019un nouveau d\u00e9fi.<\/p>\n","protected":false},"author":72,"featured_media":24040,"comment_status":"open","ping_status":"open","sticky":true,"template":"","format":"standard","meta":{"_acf_changed":false,"inline_featured_image":false,"footnotes":""},"categories":[1786],"tags":[],"class_list":["post-23860","post","type-post","status-publish","format-standard","has-post-thumbnail","hentry","category-emplois-et-carriere"],"acf":[],"_links":{"self":[{"href":"https:\/\/www.amag-group.ch\/blog\/fr\/wp-json\/wp\/v2\/posts\/23860","targetHints":{"allow":["GET"]}}],"collection":[{"href":"https:\/\/www.amag-group.ch\/blog\/fr\/wp-json\/wp\/v2\/posts"}],"about":[{"href":"https:\/\/www.amag-group.ch\/blog\/fr\/wp-json\/wp\/v2\/types\/post"}],"author":[{"embeddable":true,"href":"https:\/\/www.amag-group.ch\/blog\/fr\/wp-json\/wp\/v2\/users\/72"}],"replies":[{"embeddable":true,"href":"https:\/\/www.amag-group.ch\/blog\/fr\/wp-json\/wp\/v2\/comments?post=23860"}],"version-history":[{"count":3,"href":"https:\/\/www.amag-group.ch\/blog\/fr\/wp-json\/wp\/v2\/posts\/23860\/revisions"}],"predecessor-version":[{"id":25060,"href":"https:\/\/www.amag-group.ch\/blog\/fr\/wp-json\/wp\/v2\/posts\/23860\/revisions\/25060"}],"wp:featuredmedia":[{"embeddable":true,"href":"https:\/\/www.amag-group.ch\/blog\/fr\/wp-json\/wp\/v2\/media\/24040"}],"wp:attachment":[{"href":"https:\/\/www.amag-group.ch\/blog\/fr\/wp-json\/wp\/v2\/media?parent=23860"}],"wp:term":[{"taxonomy":"category","embeddable":true,"href":"https:\/\/www.amag-group.ch\/blog\/fr\/wp-json\/wp\/v2\/categories?post=23860"},{"taxonomy":"post_tag","embeddable":true,"href":"https:\/\/www.amag-group.ch\/blog\/fr\/wp-json\/wp\/v2\/tags?post=23860"}],"curies":[{"name":"wp","href":"https:\/\/api.w.org\/{rel}","templated":true}]}}