{"id":23752,"date":"2021-11-16T06:54:35","date_gmt":"2021-11-16T05:54:35","guid":{"rendered":"https:\/\/autoblog.amag.ch\/?p=23752"},"modified":"2021-12-07T12:36:04","modified_gmt":"2021-12-07T11:36:04","slug":"decouverte-de-la-vie-active-la-journee-nationale-futur-en-tous-genres-chez-amag","status":"publish","type":"post","link":"https:\/\/www.amag-group.ch\/blog\/fr\/decouverte-de-la-vie-active-la-journee-nationale-futur-en-tous-genres-chez-amag\/","title":{"rendered":"D\u00e9couverte de la vie active \u2013 la journ\u00e9e nationale Futur en tous genres chez AMAG"},"content":{"rendered":"<p>Le 11\u00a0novembre\u00a02021 s\u2019est d\u00e9roul\u00e9e pour la premi\u00e8re fois la journ\u00e9e nationale Futur en tous genres au sein du nouveau si\u00e8ge principal d\u2019AMAG \u00e0 Cham. Le groupe compos\u00e9 de 40\u00a0enfants entre 10 et 13\u00a0ans a commenc\u00e9 la matin\u00e9e en d\u00e9couvrant directement l\u2019atelier. En plus de d\u00e9couvrir un \u00abclassique\u00bb des garages\u00a0\u2013 un v\u00e9hicule sur une plate-forme \u00e9l\u00e9vatrice\u00a0\u2013, les enfants ont pu avoir un aper\u00e7u des coulisses. Que se passe-t-il r\u00e9ellement dans un garage? Comment r\u00e9alise-t-on un changement de roues? Que se cache-t-il derri\u00e8re les portes d\u2019un atelier? Nos sp\u00e9cialistes ont pu r\u00e9pondre sur place \u00e0 toutes ces interrogations et \u00e0 bien d\u2019autres questions que se posaient les enfants et jeunes ados curieux. Grand moment de la journ\u00e9e, le d\u00e9clenchement de l\u2019airbag a surpris notre petit groupe par son bruit assourdissant.<\/p>\n","protected":false},"excerpt":{"rendered":"<p>40\u00a0enfants d\u2019employ\u00e9s AMAG ont pu respirer l\u2019air des ateliers et des bureaux du groupe \u00e0 l\u2019occasion de la journ\u00e9e nationale Futur en tous genres. Un \u00e9v\u00e9nement riche en amusement et en divertissement.<\/p>\n","protected":false},"author":84,"featured_media":24036,"comment_status":"open","ping_status":"open","sticky":true,"template":"","format":"standard","meta":{"_acf_changed":false,"inline_featured_image":false,"footnotes":""},"categories":[9827],"tags":[],"class_list":["post-23752","post","type-post","status-publish","format-standard","has-post-thumbnail","hentry","category-next-generation-fr"],"acf":[],"_links":{"self":[{"href":"https:\/\/www.amag-group.ch\/blog\/fr\/wp-json\/wp\/v2\/posts\/23752","targetHints":{"allow":["GET"]}}],"collection":[{"href":"https:\/\/www.amag-group.ch\/blog\/fr\/wp-json\/wp\/v2\/posts"}],"about":[{"href":"https:\/\/www.amag-group.ch\/blog\/fr\/wp-json\/wp\/v2\/types\/post"}],"author":[{"embeddable":true,"href":"https:\/\/www.amag-group.ch\/blog\/fr\/wp-json\/wp\/v2\/users\/84"}],"replies":[{"embeddable":true,"href":"https:\/\/www.amag-group.ch\/blog\/fr\/wp-json\/wp\/v2\/comments?post=23752"}],"version-history":[{"count":0,"href":"https:\/\/www.amag-group.ch\/blog\/fr\/wp-json\/wp\/v2\/posts\/23752\/revisions"}],"wp:featuredmedia":[{"embeddable":true,"href":"https:\/\/www.amag-group.ch\/blog\/fr\/wp-json\/wp\/v2\/media\/24036"}],"wp:attachment":[{"href":"https:\/\/www.amag-group.ch\/blog\/fr\/wp-json\/wp\/v2\/media?parent=23752"}],"wp:term":[{"taxonomy":"category","embeddable":true,"href":"https:\/\/www.amag-group.ch\/blog\/fr\/wp-json\/wp\/v2\/categories?post=23752"},{"taxonomy":"post_tag","embeddable":true,"href":"https:\/\/www.amag-group.ch\/blog\/fr\/wp-json\/wp\/v2\/tags?post=23752"}],"curies":[{"name":"wp","href":"https:\/\/api.w.org\/{rel}","templated":true}]}}