{"id":23253,"date":"2021-09-03T13:21:57","date_gmt":"2021-09-03T11:21:57","guid":{"rendered":"https:\/\/www.amag-group.ch\/blog\/die-zukunft-steht-unter-strom-alles-rund-um-elektromobilitaet-auf-drive-electric\/"},"modified":"2021-12-06T17:47:55","modified_gmt":"2021-12-06T16:47:55","slug":"die-zukunft-steht-unter-strom-alles-rund-um-elektromobilitaet-auf-drive-electric","status":"publish","type":"post","link":"https:\/\/www.amag-group.ch\/blog\/fr\/die-zukunft-steht-unter-strom-alles-rund-um-elektromobilitaet-auf-drive-electric\/","title":{"rendered":"Tout sur la mobilit\u00e9 \u00e9lectrique sur www.drive-electric.ch"},"content":{"rendered":"<p>Vous trouvez des informations, des actualit\u00e9s, des aper\u00e7us et des connaissances sur les th\u00e8mes principaux suivants:<\/p>\n<ul>\n<li><strong>Situation actuelle: <\/strong>les chiffres de vente parlent d\u2019eux-m\u00eames: un nombre croissant de voitures purement \u00e9lectriques ou de v\u00e9hicules \u00e0 propulsion hybride circulent sur les routes de Suisse. L\u2019enthousiasme pour l\u2019\u00e9coresponsabilit\u00e9 de la mobilit\u00e9 individuelle cro\u00eet en permanence. Forgez-vous votre propre opinion et r\u00e9servez une course d\u2019essai chez votre concessionnaire.<\/li>\n<li><strong>Mobilit\u00e9 \u00e9lectrique: <\/strong>certes, la mobilit\u00e9 \u00e9lectrique devient de plus en plus commune, mais beaucoup de faux pr\u00e9jug\u00e9s et quelques impr\u00e9cisions courent encore. Vous trouverez sur \u00abdrive-electric.ch\u00bb des r\u00e9ponses aux questions fr\u00e9quemment pos\u00e9es ainsi que des informations autour de la mobilit\u00e9 \u00e9lectrique et au-del\u00e0.<\/li>\n<li><strong>Recharge et environnement: <\/strong>concernant la mobilit\u00e9 \u00e9lectrique, la situation de recharge, la puissance de recharge et le temps de recharge sont les pr\u00e9occupations majeures. Plus ces crit\u00e8res seront performants, plus les voitures \u00e9lectriques gagneront en attractivit\u00e9 et contribueront \u00e0 rendre la Suisse climatiquement neutre \u00e0 l\u2019horizon 2050. Sur la dur\u00e9e de vie totale, les voitures \u00e9lectriques pr\u00e9sentent le meilleur bilan climatique de tous les types de propulsion.<\/li>\n<li><strong>E-volution: <\/strong>pour \u00eatre \u00e0 la pointe du progr\u00e8s dans l\u2019industrie automobile, il faut anticiper l\u2019avenir, identifier ou fixer soi-m\u00eame les tendances et investir dans la recherche. Aucune autre branche n\u2019est aussi progressiste et investit autant d\u2019argent dans le d\u00e9veloppement de nouvelles technologies. Actuellement, cela se refl\u00e8te fortement dans la mobilit\u00e9 \u00e9lectrique qui fait l\u2019objet de recherches depuis presque 200 ans d\u00e9j\u00e0.<\/li>\n<li><strong>Exp\u00e9riences et \u00e9motions: <\/strong>rouler en voiture \u00e9lectrique est souvent la source de beaucoup de plaisir et d\u2019\u00e9motions. Des clientes et clients, des collaboratrices et collaborateurs ou des concessionnaires font part de leurs exp\u00e9riences.<\/li>\n<li><strong>Marques et mod\u00e8les: <\/strong>chaque marque distribu\u00e9e par AMAG a aujourd\u2019hui des voitures purement \u00e9lectriques et\/ou des v\u00e9hicules hybrides rechargeables dans leur gamme. Et ce chiffre ne cesse d\u2019augmenter. D\u2019ici \u00e0 2030, le groupe Volkswagen mettra jusqu\u2019\u00e0 70\u00a0mod\u00e8les purement \u00e9lectriques sur le march\u00e9: c\u2019est la plus grande offensive \u00e9lectrique de l\u2019industrie automobile.<\/li>\n<\/ul>\n<p>Envie d\u2019en savoir plus? Laissez-vous inspirer: <span style=\"text-decoration: underline;\"><a href=\"https:\/\/www.drive-electric.ch\/fr.html\">Cliquez ici pour aller sur drive-electric.ch<\/a><\/span>. Vous avez une question ou vous souhaitez obtenir plus d&rsquo;informations ? Contactez <span style=\"text-decoration: underline;\"><a href=\"mailto:drive-electric@amag.ch\">drive-electric@amag.ch<\/a><\/span><\/p>\n<p><iframe title=\"YouTube video player\" src=\"https:\/\/www.youtube.com\/embed\/zcYuSTyIykQ\" width=\"560\" height=\"315\" frameborder=\"0\" allowfullscreen=\"allowfullscreen\"><\/iframe><\/p>\n","protected":false},"excerpt":{"rendered":"<p>La mobilit\u00e9 \u00e9lectrique est le sujet du moment dans la branche automobile. Avec la plateforme communautaire \u00abdrive-electric.ch\u00bb nouvellement lanc\u00e9e, AMAG r\u00e9pond aux questions li\u00e9es \u00e0 la mobilit\u00e9 \u00e9lectrique individuelle, met fin aux id\u00e9es re\u00e7ues et appr\u00e9hende m\u00eame des sujets \u00e9pineux concernant cette nouvelle technologie. Le nouveau site web pr\u00e9sente les diff\u00e9rentes facettes de la mobilit\u00e9 \u00e9lectrique, revient sur le pass\u00e9 et montre jusqu\u2019o\u00f9 cela peut conduire.<\/p>\n","protected":false},"author":82,"featured_media":23246,"comment_status":"open","ping_status":"open","sticky":true,"template":"","format":"standard","meta":{"_acf_changed":false,"inline_featured_image":false,"footnotes":""},"categories":[],"tags":[],"class_list":["post-23253","post","type-post","status-publish","format-standard","has-post-thumbnail","hentry"],"acf":[],"_links":{"self":[{"href":"https:\/\/www.amag-group.ch\/blog\/fr\/wp-json\/wp\/v2\/posts\/23253","targetHints":{"allow":["GET"]}}],"collection":[{"href":"https:\/\/www.amag-group.ch\/blog\/fr\/wp-json\/wp\/v2\/posts"}],"about":[{"href":"https:\/\/www.amag-group.ch\/blog\/fr\/wp-json\/wp\/v2\/types\/post"}],"author":[{"embeddable":true,"href":"https:\/\/www.amag-group.ch\/blog\/fr\/wp-json\/wp\/v2\/users\/82"}],"replies":[{"embeddable":true,"href":"https:\/\/www.amag-group.ch\/blog\/fr\/wp-json\/wp\/v2\/comments?post=23253"}],"version-history":[{"count":0,"href":"https:\/\/www.amag-group.ch\/blog\/fr\/wp-json\/wp\/v2\/posts\/23253\/revisions"}],"wp:featuredmedia":[{"embeddable":true,"href":"https:\/\/www.amag-group.ch\/blog\/fr\/wp-json\/wp\/v2\/media\/23246"}],"wp:attachment":[{"href":"https:\/\/www.amag-group.ch\/blog\/fr\/wp-json\/wp\/v2\/media?parent=23253"}],"wp:term":[{"taxonomy":"category","embeddable":true,"href":"https:\/\/www.amag-group.ch\/blog\/fr\/wp-json\/wp\/v2\/categories?post=23253"},{"taxonomy":"post_tag","embeddable":true,"href":"https:\/\/www.amag-group.ch\/blog\/fr\/wp-json\/wp\/v2\/tags?post=23253"}],"curies":[{"name":"wp","href":"https:\/\/api.w.org\/{rel}","templated":true}]}}