{"id":23184,"date":"2025-05-27T14:00:08","date_gmt":"2025-05-27T12:00:08","guid":{"rendered":"https:\/\/www.amag-group.ch\/blog\/?p=23184"},"modified":"2025-06-04T14:52:05","modified_gmt":"2025-06-04T12:52:05","slug":"ambition-net-zero-2040","status":"publish","type":"post","link":"https:\/\/www.amag-group.ch\/blog\/fr\/ambition-net-zero-2040\/","title":{"rendered":"Z\u00e9ro net 2040: telle est l\u2019ambition du groupe AMAG"},"content":{"rendered":"<p>Alors que la conscience environnementale s\u2019est fortement d\u00e9velopp\u00e9e ces derni\u00e8res ann\u00e9es, de profonds processus de transformation ont vu le jour dans la branche automobile, allant des nouveaux moteurs tels que les moteurs \u00e9lectriques \u00e0 une \u00e9conomie plus respectueuse de l\u2019environnement, en passant par des technologies innovantes.<\/p>\r\n<p>Avec l\u2019engagement de la Conf\u00e9d\u00e9ration en ao\u00fbt\u00a02019 en faveur du \u00abz\u00e9ro net 2050\u00bb, le groupe AMAG a pr\u00e9sent\u00e9 en 2021 sa propre strat\u00e9gie climatique et son ambition \u00abz\u00e9ro net 2040\u00bb. L\u2019entreprise souhaite ainsi apporter sa contribution \u00e0 l\u2019objectif de la Conf\u00e9d\u00e9ration de ne pas \u00e9mettre dans l\u2019atmosph\u00e8re, d\u2019ici 2050, plus d\u2019\u00e9missions de CO<sub>2<\/sub> que ne peuvent en absorber les r\u00e9servoirs naturels et techniques:<\/p>\r\n<h4 style=\"text-align: center;\">\u00abUne strat\u00e9gie commerciale durable d\u00e9coule de l\u2019image que le groupe AMAG se forge en tant qu\u2019entreprise familiale suisse bas\u00e9e sur des valeurs.\u00bb<br \/>\r\nHelmut\u00a0Ruhl, CEO d\u2019AMAG\u00a0Group\u00a0SA<\/h4>\r\n<p>En effet, les besoins de mobilit\u00e9 de la population suisse ne cessent de cro\u00eetre et la responsabilit\u00e9 envers les \u00e9missions de CO<sub>2<\/sub> qui en r\u00e9sultent augmente. En tant que l\u2019une des plus importantes entreprises automobiles de Suisse, le groupe AMAG est conscient de sa responsabilit\u00e9 envers l\u2019environnement et le climat et travaille d\u2019arrache-pied afin de proposer des solutions de mobilit\u00e9 durables pour la population suisse.<\/p>\r\n<p>En outre, la d\u00e9carbonation de l\u2019entreprise est \u00e9galement abord\u00e9e de mani\u00e8re intensive avec l\u2019\u00e9lectrification de la propre flotte professionnelle ou le d\u00e9veloppement d\u2019installations photovolta\u00efques sur les biens immobiliers d\u2019AMAG.<\/p>\r\n<h3><strong>Ambition \u00abz\u00e9ro net 2040\u00bb: en avant pour un avenir durable<\/strong><\/h3>\r\n<p>Avec sa strat\u00e9gie climatique pr\u00e9sent\u00e9e en 2021 et son ambition \u00abz\u00e9ro net 2040\u00bb, ou \u00abNet Zero 2040\u00bb, le groupe AMAG est d\u00e9termin\u00e9 \u00e0 atteindre, d\u2019ici 2040, en tant qu\u2019entreprise, une empreinte climatique neutre tout au long de sa cha\u00eene de cr\u00e9ation de valeur, de la production \u00e0 l\u2019utilisation et au recyclage.<\/p>\r\n<p>En 2024, la Science Based Targets initiative (SBTi) a confirm\u00e9 les objectifs climatiques du groupe AMAG. L\u2019entreprise familiale s\u2019est volontairement engag\u00e9e \u00e0 respecter les m\u00e9thodes de la SBTi.<\/p>\r\n<p>Ainsi, avec l\u2019objectif \u00e0 court terme de la SBTi, le groupe AMAG souhaite atteindre d\u2019ici 2030 une r\u00e9duction de CO<sub>2<\/sub> de 50% dans le scope\u00a01, soit les \u00e9missions directes de CO<sub>2<\/sub> dues \u00e0 la consommation de diesel, de p\u00e9trole ou d\u2019essence, ainsi que dans le scope\u00a02, soit les \u00e9missions indirectes de CO<sub>2<\/sub> dues \u00e0 l\u2019utilisation du chauffage urbain ou de l\u2019\u00e9lectricit\u00e9 achet\u00e9e. Les \u00e9missions du scope\u00a03 g\u00e9n\u00e9r\u00e9es par la vente et l\u2019utilisation de v\u00e9hicules doivent \u00e9galement \u00eatre r\u00e9duites de 50% d\u2019ici 2030.\u00a0<\/p>\r\n<h3><strong>Gr\u00e2ce \u00e0 ces mesures, le groupe AMAG poursuit son ambition z\u00e9ro net 2040: <\/strong><\/h3>\r\n<p><\/p>\r\n<p>  <div class=\"accordion accordion-flush\" id=\"accordionFlushExample\">\n     \n      <div class=\"accordion-item\" id=\"mobilite-renouvelable\">\n        <h3 class=\"accordion-header\" id=\"flush-heading-0\">\n          <button class=\"accordion-button collapsed\" type=\"button\" data-bs-toggle=\"collapse\" data-bs-target=\"#flush-collapse-0\" aria-expanded=\"false\" aria-controls=\"flush-collapse-0\">\n            Mobilit\u00e9 renouvelable          <\/button>\n        <\/h3>\n        <div id=\"flush-collapse-0\" class=\"accordion-collapse collapse\" aria-labelledby=\"flush-heading-0\">\n          <div class=\"accordion-body\">\n            <p>&nbsp;<\/p>\n<p>L\u2019avenir de la mobilit\u00e9 sera \u00e9lectrique et apportera une contribution importante \u00e0 la r\u00e9alisation de l\u2019objectif \u00abz\u00e9ro net 2050\u00bb de la Suisse. Pour cet avenir \u00e9lectrique, le groupe AMAG propose non seulement \u00e0 sa client\u00e8le une large gamme de voitures \u00e9lectriques et de v\u00e9hicules hybrides des marques Volkswagen, SEAT, \u0160koda, CUPRA et VW\u00a0V\u00e9hicules\u00a0Utilitaires, mais associe \u00e9galement l\u2019\u00e9lectromobilit\u00e9 aux \u00e9nergies renouvelables via des installations photovolta\u00efques et des solutions de recharge, et associe les deux secteurs de la mobilit\u00e9 et de l\u2019\u00e9nergie \u00e0 la mobilit\u00e9 renouvelable. Il se d\u00e9veloppe ainsi continuellement pour devenir un fournisseur de solutions de mobilit\u00e9 globales qui permettent \u00e0 la Suisse de continuer \u00e0 b\u00e9n\u00e9ficier d\u2019un paysage de mobilit\u00e9 individuel.<\/p>\n<ul>\n<li><strong>Solutions de mobilit\u00e9 pour les clientes et clients:<\/strong><\/li>\n<\/ul>\n<p style=\"padding-left: 40px;\">Le groupe AMAG mise sur des offres pour la client\u00e8le de flotte et la client\u00e8le priv\u00e9e. Ainsi, la solution \u00e0 360\u00a0degr\u00e9s permet de combiner int\u00e9gralement voiture \u00e9lectrique et installation photovolta\u00efque avec des solutions de recharge domestiques et publiques. La filiale autoSense propose \u00e0 cet \u00e9gard un tarif de recharge unique charge:ON pour les d\u00e9placements et la gestion de la recharge pour la client\u00e8le de flotte. L\u2019abonnement automobile \u00e9lectrique Clyde permet en outre aux clientes et clients d\u2019effectuer l\u2019essai routier le plus long de Suisse, au cours duquel ils peuvent tester diff\u00e9rents mod\u00e8les de voitures \u00e9lectriques sur une p\u00e9riode prolong\u00e9e. Dans l\u2019espace urbain, des offres de partage flexibles sont \u00e9galement propos\u00e9es avec Europcar\u00a0On\u00a0Demand et allride, une offre de v\u00e9los \u00e9lectriques, de v\u00e9los cargo \u00e9lectriques et de voitures \u00e9lectriques dans les sites urbains.<\/p>\n<ul>\n<li><strong>Possibilit\u00e9s de recharge pour voitures \u00e9lectriques:<\/strong><\/li>\n<\/ul>\n<p style=\"padding-left: 40px;\">Tandis que le groupe AMAG a consid\u00e9rablement d\u00e9velopp\u00e9 des points de recharge internes dans l\u2019entreprise et des points de recharge publics au cours des derni\u00e8res ann\u00e9es, le d\u00e9veloppement de l\u2019infrastructure de recharge suisse pour les voitures \u00e9lectriques reste un \u00e9l\u00e9ment cl\u00e9 important pour le groupe AMAG.<\/p>\n<p style=\"padding-left: 40px;\">Aujourd\u2019hui, il propose plusieurs centaines de stations de recharge publiques sur diff\u00e9rents sites et dans ses <a href=\"https:\/\/parking.amag.ch\/de\/ueber-uns\/vision-innovation\/ladehaus.html\">centres de recharge Messe Z\u00fcrich, Op\u00e9ra, Kongress et Utoquai<\/a>. Parmi eux se trouvent \u00e9galement 4\u00a0stations de recharge rapide, totalisant 40\u00a0points de recharge et une puissance maximale de 360\u00a0kWh par borne sur 10\u00a0sites en Suisse: <a href=\"https:\/\/www.amag.ch\/fr\/composants\/amag-garage.html?keywords=360kW-Ladestation\">trouver une station de recharge de 360\u00a0kWh \u00e0 proximit\u00e9<\/a>.<\/p>\n<p style=\"padding-left: 40px;\">Le groupe AMAG a \u00e9galement d\u00e9velopp\u00e9 une solution pour rem\u00e9dier aux diff\u00e9rences de tarifs de recharge et de possibilit\u00e9s de paiement: il est ainsi possible de payer avec la carte ou l\u2019application de recharge dans plus de 15\u00a0000\u00a0stations publiques en Suisse, ce qui correspond \u00e0 une couverture de 98%. Et m\u00eame \u00e0 l\u2019\u00e9tranger, il est possible d\u2019acc\u00e9der \u00e0 plus de 500\u00a0000\u00a0points de recharge.<\/p>\n<p style=\"padding-left: 40px;\">Depuis janvier\u00a02025, le groupe AMAG propose en outre, par l\u2019interm\u00e9diaire de sa filiale autoSense, l\u2019\u00e9lectricit\u00e9 dans son propre r\u00e9seau de recharge et chez les partenaires participants au tarif de recharge unique de 28\u00a0centimes. Le kWh d\u2019\u00e9lectricit\u00e9 co\u00fbte d\u00e9sormais constamment 28\u00a0centimes et est valable dans 220\u00a0points de recharge en Suisse: <a href=\"https:\/\/www.autosense.ch\/fr\/mobile-app\/promotions\">autoSense \u2013 Promotions<\/a>.<\/p>\n<ul>\n<li><strong>Avantages pour les collaborateurs et collaboratrices d\u2019AMAG:<\/strong><\/li>\n<\/ul>\n<p style=\"padding-left: 40px;\">Les collaborateurs et collaboratrices d\u2019AMAG b\u00e9n\u00e9ficient en outre d\u2019offres sp\u00e9ciales pour l\u2019\u00e9lectrique, telles que la participation aux frais de leur propre infrastructure de recharge \u00e0 domicile. Les v\u00e9hicules de fonction et d\u2019intervention des entreprises AMAG sont \u00e9galement \u00e9lectrifi\u00e9s.<\/p>\n          <\/div>\n        <\/div>\n      <\/div>\n     \n      <div class=\"accordion-item\" id=\"immobilier\">\n        <h3 class=\"accordion-header\" id=\"flush-heading-1\">\n          <button class=\"accordion-button collapsed\" type=\"button\" data-bs-toggle=\"collapse\" data-bs-target=\"#flush-collapse-1\" aria-expanded=\"false\" aria-controls=\"flush-collapse-1\">\n            Immobilier          <\/button>\n        <\/h3>\n        <div id=\"flush-collapse-1\" class=\"accordion-collapse collapse\" aria-labelledby=\"flush-heading-1\">\n          <div class=\"accordion-body\">\n            <p>Le groupe AMAG applique \u00e9galement des normes \u00e9cologiques dans ses biens immobiliers. Ainsi, il \u00e9quipe continuellement ses biens immobiliers de nouvelles installations photovolta\u00efques, met en \u0153uvre des mesures d\u2019efficacit\u00e9 \u00e9nerg\u00e9tique et passe \u00e0 des sources d\u2019\u00e9nergie exemptes d\u2019\u00e9nergies fossiles (p.\u00a0ex. passage au chauffage urbain sur les sites de Zurich Utoquai et Riesbach, G\u00fcmligen et Bienne Brugg [K+L]).<\/p>\n<ul>\n<li><strong>D\u00e9veloppement des installations photovolta\u00efques:<\/strong><\/li>\n<\/ul>\n<p style=\"padding-left: 40px;\">Le d\u00e9veloppement des installations photovolta\u00efques repr\u00e9sente un \u00e9l\u00e9ment essentiel pour atteindre l\u2019objectif z\u00e9ro net d\u2019ici 2040 et transformer le parc immobilier d\u2019AMAG de mani\u00e8re \u00e9coresponsable.<\/p>\n<p><img decoding=\"async\" class=\"size-full wp-image-32038 alignnone\" src=\"https:\/\/www.amag-group.ch\/blog\/wp-content\/uploads\/2021\/08\/die-amag-gruppe-wird-bis-2025-klimaneutral-blog-amag-group.jpg\" alt=\"Ein mit Photovoltaik bedecktes Dach aus der Vogelperspektive\" width=\"1920\" height=\"1080\" srcset=\"https:\/\/www.amag-group.ch\/blog\/wp-content\/uploads\/2021\/08\/die-amag-gruppe-wird-bis-2025-klimaneutral-blog-amag-group.jpg 1920w, https:\/\/www.amag-group.ch\/blog\/wp-content\/uploads\/2021\/08\/die-amag-gruppe-wird-bis-2025-klimaneutral-blog-amag-group-620x349.jpg 620w, https:\/\/www.amag-group.ch\/blog\/wp-content\/uploads\/2021\/08\/die-amag-gruppe-wird-bis-2025-klimaneutral-blog-amag-group-1536x864.jpg 1536w\" sizes=\"(max-width: 1920px) 100vw, 1920px\" \/><\/p>\n<p style=\"padding-left: 40px;\">En 2021, le groupe AMAG a d\u00e9cid\u00e9 d\u2019acc\u00e9l\u00e9rer le d\u00e9ploiement d\u2019installations solaires sur ses propres sites dans les ann\u00e9es \u00e0 venir. Il s\u2019est fix\u00e9 pour objectif de construire des installations photovolta\u00efques sur pr\u00e8s de 50\u00a0000\u00a0m<sup>2<\/sup>, soit pr\u00e8s de 7\u00a0terrains de football, d\u2019ici 2024. Fin\u00a02024, le groupe AMAG exploitait 57\u00a0installations photovolta\u00efques dont les panneaux solaires couvrent une surface totale de pr\u00e8s de 54\u00a0000\u00a0m<sup>2<\/sup>, ce qui lui a permis d\u2019atteindre son objectif. Toutes ensemble, elles fournissent environ 11,2\u00a0millions de kilowattheures d\u2019\u00e9lectricit\u00e9 par an.<\/p>\n<p style=\"padding-left: 40px;\">Le groupe AMAG utilise l\u2019\u00e9nergie produite par les installations photovolta\u00efques dans ses propres entreprises pour faire fonctionner des machines et des appareils ou recharger les voitures \u00e9lectriques de sa flotte. L\u2019\u00e9nergie exc\u00e9dentaire est inject\u00e9e dans le r\u00e9seau public.<\/p>\n<ul>\n<li><strong>Ateliers de carrosserie et de peinture respectueux de l\u2019environnement: <\/strong><\/li>\n<\/ul>\n<p style=\"padding-left: 40px;\">Avec le <a href=\"https:\/\/www.amag.ch\/fr\/recherche-garage\/centre-de-carrosserie-wettswil.html\">Carrosserie Center Wettswil\u00a0ZH<\/a> d\u2019AMAG\u00a0Retail ouvert en 2021, une nouvelle g\u00e9n\u00e9ration d\u2019ateliers de peinture a \u00e9t\u00e9 inaugur\u00e9e. Gr\u00e2ce \u00e0 la r\u00e9cup\u00e9ration de chaleur tout au long de l\u2019ann\u00e9e et \u00e0 une commande intelligente, les nouvelles installations de peinture consomment environ 50% d\u2019\u00e9nergie en moins.<\/p>\n<p><img decoding=\"async\" class=\"size-full wp-image-32041 alignnone\" src=\"https:\/\/www.amag-group.ch\/blog\/wp-content\/uploads\/2021\/08\/die-amag-gruppe-wird-bis-2025-klimaneutral-blog-amag-group-2.jpg\" alt=\"AMAG Carosserie Center in Wettswil\" width=\"1800\" height=\"1200\" srcset=\"https:\/\/www.amag-group.ch\/blog\/wp-content\/uploads\/2021\/08\/die-amag-gruppe-wird-bis-2025-klimaneutral-blog-amag-group-2.jpg 1800w, https:\/\/www.amag-group.ch\/blog\/wp-content\/uploads\/2021\/08\/die-amag-gruppe-wird-bis-2025-klimaneutral-blog-amag-group-2-620x414.jpg 620w, https:\/\/www.amag-group.ch\/blog\/wp-content\/uploads\/2021\/08\/die-amag-gruppe-wird-bis-2025-klimaneutral-blog-amag-group-2-1536x1024.jpg 1536w, https:\/\/www.amag-group.ch\/blog\/wp-content\/uploads\/2021\/08\/die-amag-gruppe-wird-bis-2025-klimaneutral-blog-amag-group-2-720x480.jpg 720w\" sizes=\"(max-width: 1800px) 100vw, 1800px\" \/><\/p>\n<p style=\"padding-left: 40px;\">En f\u00e9vrier 2025, une nouvelle \u00e9tape a \u00e9t\u00e9 franchie: avec le soutien de l\u2019Association suisse des concessionnaires des marques du groupe Volkswagen et du r\u00e9seau Totalrepair, AMAG\u00a0Import\u00a0SA a d\u00e9velopp\u00e9 une feuille de route sectorielle pour les ateliers de carrosserie et de peinture. Ce plan, approuv\u00e9 par l\u2019Office f\u00e9d\u00e9ral de l\u2019\u00e9nergie (OFEN), doit contribuer \u00e0 la r\u00e9duction des \u00e9missions de CO<sub>2<\/sub> li\u00e9es aux r\u00e9parations des carrosseries et des peintures. La feuille de route sectorielle contient des mesures concr\u00e8tes qui aident la branche et ses entreprises \u00e0 atteindre les objectifs de d\u00e9carbonation. Les mesures peuvent \u00eatre mises en \u0153uvre par les entreprises sans lourdes charges administratives ni gros investissements.<\/p>\n<ul>\n<li><strong>R\u00e9novations de b\u00e2timents:<\/strong><\/li>\n<\/ul>\n<p style=\"padding-left: 40px;\">Lors de projets d\u00e9di\u00e9s \u00e0 des nouvelles constructions, les crit\u00e8res de durabilit\u00e9 sont pris en compte \u00e0 l\u2019aide d\u2019une scorecard. Une feuille de route pour la r\u00e9novation \u00e9nerg\u00e9tique est \u00e9tablie pour les b\u00e2timents existants.<\/p>\n          <\/div>\n        <\/div>\n      <\/div>\n     \n      <div class=\"accordion-item\" id=\"recherche-et-start-up\">\n        <h3 class=\"accordion-header\" id=\"flush-heading-2\">\n          <button class=\"accordion-button collapsed\" type=\"button\" data-bs-toggle=\"collapse\" data-bs-target=\"#flush-collapse-2\" aria-expanded=\"false\" aria-controls=\"flush-collapse-2\">\n            Recherche et start-up          <\/button>\n        <\/h3>\n        <div id=\"flush-collapse-2\" class=\"accordion-collapse collapse\" aria-labelledby=\"flush-heading-2\">\n          <div class=\"accordion-body\">\n            <p>Le groupe AMAG ne se contente pas de d\u00e9velopper des offres de mobilit\u00e9 \u00e0 faibles \u00e9missions pour ses clientes et clients, il mise \u00e9galement sur de nouvelles innovations pour l\u2019avenir. C\u2019est pourquoi il soutient la communaut\u00e9 scientifique dans ses projets de recherche sur les th\u00e8mes de la mobilit\u00e9 et de l\u2019\u00e9nergie, ou unit ses forces dans le cadre de ZUG\u00a0ALLIANCE avec le secteur scientifique, le secteur politique et d\u2019autres acteurs \u00e9conomiques du canton de Zoug pour faire avancer la d\u00e9carbonation: <a href=\"https:\/\/www.amag-group.ch\/blog\/fr\/zug-alliance-pour-accelerer-la-decarbonation\/\">ZUG ALLIANCE:<\/a> <a href=\"https:\/\/www.amag-group.ch\/blog\/fr\/zug-alliance-pour-accelerer-la-decarbonation\/\">pour acc\u00e9l\u00e9rer la d\u00e9carbonation | AMAG Autoblog<\/a>.<\/p>\n<p>Dans le cadre du Sustainability Challenge\u00a02024, le groupe AMAG et Venturelab, une organisation qui soutient et encourage les start-up suisses, ont cherch\u00e9 pour la premi\u00e8re fois des start-up proposant des id\u00e9es innovantes.\u00a0L\u2019objectif est de cr\u00e9er ensemble un avenir durable et d\u2019atteindre ainsi l\u2019objectif z\u00e9ro net d\u2019ici 2040.<\/p>\n          <\/div>\n        <\/div>\n      <\/div>\n      <\/div>\n<\/p>\r\n<p><div class=\"color-block-section darkgreen\">\r\n  <div class=\"row\">\r\n    <div class=\"col-lg-4\">\r\n      <div class=\"color-block\">\r\n                  <h3 class=\"h3\">Nos conseils de lecture sur l\u2019ambition \u00abz\u00e9ro net 2040\u00bb:<\/h3>\r\n                      <\/div>\r\n    <\/div>\r\n    <div class=\"col-lg-8\">\r\n      <div class=\"text\">\r\n        <ul>\n<li><a href=\"https:\/\/www.amag-group.ch\/blog\/fr\/mobilite-renouvelable-voici-comment-fonctionne-la-mobilite-du-futur\/\">Mobilit\u00e9 renouvelable:<\/a> <a href=\"https:\/\/www.amag-group.ch\/blog\/fr\/mobilite-renouvelable-voici-comment-fonctionne-la-mobilite-du-futur\/\">voici comment fonctionne la mobilit\u00e9 du futur | AMAG Autoblog<\/a><\/li>\n<li><a href=\"https:\/\/www.amag-group.ch\/blog\/fr\/its-a-family-affair-aus-der-schweiz-fuer-die-schweiz\/\">It\u2019s a family affair \u2013 depuis la Suisse pour la Suisse | AMAG Autoblog<\/a><\/li>\n<li><a href=\"https:\/\/www.amag-group.ch\/blog\/fr\/infrastructure-de-recharge-en-suisse-y-a-t-il-suffisamment-de-stations-de-recharge-pour-les-voitures-electriques\/\">Infrastructure de recharge en Suisse:<\/a> <a href=\"https:\/\/www.amag-group.ch\/blog\/fr\/infrastructure-de-recharge-en-suisse-y-a-t-il-suffisamment-de-stations-de-recharge-pour-les-voitures-electriques\/\">y a-t-il suffisamment de stations de recharge?<\/a><\/li>\n<\/ul>\n      <\/div>\r\n    <\/div>\r\n  <\/div>\r\n<\/div>\r\n<\/p>\r\n<p><div class=\"youtube-block style3\">\r\n  <iframe title=\"AMAG Elektromobilit\u00e4t\" width=\"640\" height=\"360\" src=\"https:\/\/www.youtube.com\/embed\/zcYuSTyIykQ?feature=oembed\" frameborder=\"0\" allow=\"accelerometer; autoplay; clipboard-write; encrypted-media; gyroscope; picture-in-picture; web-share\" referrerpolicy=\"strict-origin-when-cross-origin\" allowfullscreen><\/iframe><\/div>\r\n<\/p>","protected":false},"excerpt":{"rendered":"<p>Alors que la conscience environnementale s\u2019est fortement d\u00e9velopp\u00e9e ces derni\u00e8res ann\u00e9es, de profonds processus de transformation ont vu le jour dans la branche automobile, allant des nouveaux moteurs tels que les moteurs \u00e9lectriques \u00e0 une \u00e9conomie plus respectueuse de l\u2019environnement, en passant par des technologies innovantes. Avec l\u2019engagement de la Conf\u00e9d\u00e9ration en ao\u00fbt\u00a02019 en faveur [&hellip;]<\/p>\n","protected":false},"author":27,"featured_media":31429,"comment_status":"open","ping_status":"open","sticky":true,"template":"","format":"standard","meta":{"_acf_changed":false,"inline_featured_image":false,"footnotes":""},"categories":[1795],"tags":[],"class_list":["post-23184","post","type-post","status-publish","format-standard","has-post-thumbnail","hentry","category-durabilite"],"acf":[],"_links":{"self":[{"href":"https:\/\/www.amag-group.ch\/blog\/fr\/wp-json\/wp\/v2\/posts\/23184","targetHints":{"allow":["GET"]}}],"collection":[{"href":"https:\/\/www.amag-group.ch\/blog\/fr\/wp-json\/wp\/v2\/posts"}],"about":[{"href":"https:\/\/www.amag-group.ch\/blog\/fr\/wp-json\/wp\/v2\/types\/post"}],"author":[{"embeddable":true,"href":"https:\/\/www.amag-group.ch\/blog\/fr\/wp-json\/wp\/v2\/users\/27"}],"replies":[{"embeddable":true,"href":"https:\/\/www.amag-group.ch\/blog\/fr\/wp-json\/wp\/v2\/comments?post=23184"}],"version-history":[{"count":3,"href":"https:\/\/www.amag-group.ch\/blog\/fr\/wp-json\/wp\/v2\/posts\/23184\/revisions"}],"predecessor-version":[{"id":32063,"href":"https:\/\/www.amag-group.ch\/blog\/fr\/wp-json\/wp\/v2\/posts\/23184\/revisions\/32063"}],"wp:featuredmedia":[{"embeddable":true,"href":"https:\/\/www.amag-group.ch\/blog\/fr\/wp-json\/wp\/v2\/media\/31429"}],"wp:attachment":[{"href":"https:\/\/www.amag-group.ch\/blog\/fr\/wp-json\/wp\/v2\/media?parent=23184"}],"wp:term":[{"taxonomy":"category","embeddable":true,"href":"https:\/\/www.amag-group.ch\/blog\/fr\/wp-json\/wp\/v2\/categories?post=23184"},{"taxonomy":"post_tag","embeddable":true,"href":"https:\/\/www.amag-group.ch\/blog\/fr\/wp-json\/wp\/v2\/tags?post=23184"}],"curies":[{"name":"wp","href":"https:\/\/api.w.org\/{rel}","templated":true}]}}