{"id":23154,"date":"2021-08-09T08:32:20","date_gmt":"2021-08-09T06:32:20","guid":{"rendered":"https:\/\/www.amag-group.ch\/blog\/?p=23154"},"modified":"2025-03-11T14:28:14","modified_gmt":"2025-03-11T13:28:14","slug":"les-humains-ne-sont-pas-des-etres-purement-rationnels","status":"publish","type":"post","link":"https:\/\/www.amag-group.ch\/blog\/fr\/les-humains-ne-sont-pas-des-etres-purement-rationnels\/","title":{"rendered":"\u00abLes humains ne sont pas des \u00eatres purement rationnels\u00bb"},"content":{"rendered":"<h3>Tobias, quel est ton r\u00f4le au sein de l\u2019Innovation LAB?<\/h3>\n<p>Je suis Business Development Manager. Avec mes coll\u00e8gues, nous sommes charg\u00e9s de l\u2019\u00e9laboration et de la mise en \u0153uvre de mod\u00e8les commerciaux. Cela se fait sur la base de tendances et d\u2019id\u00e9es que nous identifions, par exemple, en faisant du rep\u00e9rage sur le march\u00e9. Il s\u2019agit notamment de formuler et de tester des hypoth\u00e8ses, de d\u00e9velopper et de valider des prototypes ou d\u2019analyser les parcours client.<\/p>\n<div id=\"attachment_23146\" style=\"width: 424px\" class=\"wp-caption alignright\"><a class=\"fancybox-link\" href=\"https:\/\/www.amag-group.ch\/blog\/wp-content\/uploads\/2021\/08\/LAB_Tobias.jpg\"><img decoding=\"async\" aria-describedby=\"caption-attachment-23146\" class=\"size-medium wp-image-23147\" src=\"https:\/\/www.amag-group.ch\/blog\/wp-content\/uploads\/2021\/08\/LAB_Tobias-414x414.jpg\" alt=\"\" width=\"414\" height=\"414\" srcset=\"https:\/\/www.amag-group.ch\/blog\/wp-content\/uploads\/2021\/08\/LAB_Tobias-414x414.jpg 414w, https:\/\/www.amag-group.ch\/blog\/wp-content\/uploads\/2021\/08\/LAB_Tobias-768x768.jpg 768w, https:\/\/www.amag-group.ch\/blog\/wp-content\/uploads\/2021\/08\/LAB_Tobias.jpg 1000w\" sizes=\"(max-width: 414px) 100vw, 414px\" \/><\/a><p id=\"caption-attachment-23146\" class=\"wp-caption-text\">Tobias Mirsch, Business Development Manager, AMAG Innovation &amp; Venture LAB<\/p><\/div>\n<h3>Et quels sont les projets innovants que tu as sur la table en ce moment?<\/h3>\n<p>Il y en a quelques-uns. Un projet que je trouve personnellement tr\u00e8s excitant est notre projet \u00abParkour\u00bb. Il s\u2019agit de savoir comment les parkings pourraient \u00eatre utilis\u00e9s \u00e0 l\u2019avenir s\u2019ils \u00e9taient utilis\u00e9s moins ou diff\u00e9remment en raison de l\u2019\u00e9volution de la circulation et de la politique environnementale. Et soudain, on est confront\u00e9 \u00e0 des questions auxquelles on n\u2019aurait jamais pens\u00e9 auparavant.<\/p>\n<h3>En d\u2019autres termes?<\/h3>\n<p>Avant ce projet, je ne m\u2019\u00e9tais jamais demand\u00e9 quelle \u00e9tait la r\u00e9sistance \u00e0 l\u2019abrasion d\u2019un rev\u00eatement de sol. Mais dans le contexte des utilisations alternatives des parkings, cette question devient soudainement pertinente. Les pneus, par exemple, sont moins dommageables pour le sol que les roues en polyur\u00e9thane ou en nylon. Les pneus d\u2019un v\u00e9hicule ont donc une grande influence sur l\u2019usure du rev\u00eatement de sol du parking, sur les possibilit\u00e9s d\u2019utilisation et sur les co\u00fbts. Au cours de ma formation, je n\u2019ai probablement jamais pens\u00e9 que j\u2019aurais un jour \u00e0 traiter d\u2019un tel sujet.<\/p>\n<h3>On peut l\u2019imaginer. Quel est ton parcours acad\u00e9mique?<\/h3>\n<p>J\u2019ai une formation en Business Information. Il s\u2019agit d\u2019une combinaison de Business Studies, Performance Marketing, Web Research et d\u2019optimisation des moteurs de recherche. Il s\u2019agit d\u2019un cursus technique, mais surtout d\u2019un cursus commercial, ax\u00e9 sur les interfaces avec le monde num\u00e9rique. Ensuite, je me suis orient\u00e9 vers le marketing et j\u2019ai travaill\u00e9 dans le secteur automobile entre-temps. Le passage \u00e0 la Suisse s\u2019est fait par le biais d\u2019un programme de stage chez Fiat\u00a0Chrysler\u00a0Automobiles. J\u2019ai ensuite eu l\u2019opportunit\u00e9 de faire un doctorat \u00e0 Saint\u2011Gall \u00e0 l\u2019Institut sp\u00e9cialis\u00e9 sur l\u2019informatique de gestion, que j\u2019ai termin\u00e9 en f\u00e9vrier\u00a02019 avec ma th\u00e8se sur le th\u00e8me \u00abOmnichannel Management et Digital Nudging\u00bb.<\/p>\n","protected":false},"excerpt":{"rendered":"<p>Tobias Mirsch a rejoint l\u2019AMAG Innovation &#038; Venture LAB en janvier 2021. Deux semaines seulement avant que le Conseil f\u00e9d\u00e9ral n\u2019introduise le t\u00e9l\u00e9travail obligatoire. Ce n\u2019est pas un d\u00e9but facile au nouveau poste, lorsque tu fais principalement connaissance avec tes nouveaux coll\u00e8gues par le biais de Teams ou avec un masque. N\u00e9anmoins, Tobias s\u2019est bien int\u00e9gr\u00e9 au sein du LAB en un peu moins de six mois et peut m\u00eame mettre \u00e0 profit les enseignements de son doctorat dans ses t\u00e2ches quotidiennes. Nous parlons avec Tobias du projet \u00abParkour\u00bb et du sujet \u00abDigital Nudging\u00bb.<\/p>\n","protected":false},"author":83,"featured_media":23150,"comment_status":"open","ping_status":"open","sticky":true,"template":"","format":"standard","meta":{"_acf_changed":false,"inline_featured_image":false,"footnotes":""},"categories":[1786,9592],"tags":[],"class_list":["post-23154","post","type-post","status-publish","format-standard","has-post-thumbnail","hentry","category-emplois-et-carriere","category-travailler-chez-amag"],"acf":[],"_links":{"self":[{"href":"https:\/\/www.amag-group.ch\/blog\/fr\/wp-json\/wp\/v2\/posts\/23154","targetHints":{"allow":["GET"]}}],"collection":[{"href":"https:\/\/www.amag-group.ch\/blog\/fr\/wp-json\/wp\/v2\/posts"}],"about":[{"href":"https:\/\/www.amag-group.ch\/blog\/fr\/wp-json\/wp\/v2\/types\/post"}],"author":[{"embeddable":true,"href":"https:\/\/www.amag-group.ch\/blog\/fr\/wp-json\/wp\/v2\/users\/83"}],"replies":[{"embeddable":true,"href":"https:\/\/www.amag-group.ch\/blog\/fr\/wp-json\/wp\/v2\/comments?post=23154"}],"version-history":[{"count":1,"href":"https:\/\/www.amag-group.ch\/blog\/fr\/wp-json\/wp\/v2\/posts\/23154\/revisions"}],"predecessor-version":[{"id":31660,"href":"https:\/\/www.amag-group.ch\/blog\/fr\/wp-json\/wp\/v2\/posts\/23154\/revisions\/31660"}],"wp:featuredmedia":[{"embeddable":true,"href":"https:\/\/www.amag-group.ch\/blog\/fr\/wp-json\/wp\/v2\/media\/23150"}],"wp:attachment":[{"href":"https:\/\/www.amag-group.ch\/blog\/fr\/wp-json\/wp\/v2\/media?parent=23154"}],"wp:term":[{"taxonomy":"category","embeddable":true,"href":"https:\/\/www.amag-group.ch\/blog\/fr\/wp-json\/wp\/v2\/categories?post=23154"},{"taxonomy":"post_tag","embeddable":true,"href":"https:\/\/www.amag-group.ch\/blog\/fr\/wp-json\/wp\/v2\/tags?post=23154"}],"curies":[{"name":"wp","href":"https:\/\/api.w.org\/{rel}","templated":true}]}}