{"id":22830,"date":"2021-07-01T16:14:07","date_gmt":"2021-07-01T14:14:07","guid":{"rendered":"https:\/\/www.amag-group.ch\/blog\/?p=22830"},"modified":"2022-01-14T07:54:08","modified_gmt":"2022-01-14T06:54:08","slug":"amag-girl-power-angela-passionnee-de-sports-automobiles-et-combattante","status":"publish","type":"post","link":"https:\/\/www.amag-group.ch\/blog\/fr\/amag-girl-power-angela-passionnee-de-sports-automobiles-et-combattante\/","title":{"rendered":"AMAG Girl power: Angela, passionn\u00e9e de sports automobiles et combattante"},"content":{"rendered":"<h3><strong>Angela, quel est ton r\u00f4le chez AMAG First?<\/strong><\/h3>\n<p>AMAG First commercialise Porsche dans six\u00a0villes de Suisse. Je travaille au Centre Porsche Zurich Schlieren tant qu\u2019Assistant Managing\u00a0Director et je suis responsable du sport automobile. Porsche propose \u00e0 sa client\u00e8le un programme Introduction to Racetrack. Il s\u2019agit, pour les clientes et les clients, de conduire leur propre Porsche sur un circuit dans un cadre s\u00e9curis\u00e9. Lors de ces \u00e9v\u00e9nements, je suis le point de rep\u00e8re pour nos clients: je suis responsable de la partie administrative, je r\u00e9serve les h\u00f4tels et les restaurants et j\u2019organise les programmes pour les participants. Par ailleurs, je suis sur place \u00e0 chaque course, j\u2019accompagne les conductrices et les conducteurs dans leurs voitures et je les conseille comme un coach; par exemple, je leur indique comment suivre la ligne id\u00e9ale ou le moment optimal pour freiner. Pour les participants, l\u2019atmosph\u00e8re au milieu des autres \u00e9quipes de course et ce qu\u2019ils vivent sur le circuit composent une exp\u00e9rience unique.<\/p>\n<h3><strong>Quel est ton parcours professionnel?<\/strong><\/h3>\n<p>Je suis arriv\u00e9e au Centre Porsche Schlieren en 2012, qui venait d\u2019ouvrir \u00e0 cette \u00e9poque. Au d\u00e9but, je travaillais dans l\u2019administration et, plus tard, avec le Centre Porsche Zurich, j\u2019ai pu aussi m\u2019impliquer sur le circuit, car je fr\u00e9quente souvent les circuits de course \u00e0 titre priv\u00e9. En 2019, je suis devenue l\u2019assistante d\u2019Adriano\u00a0Rossi, Managing\u00a0Director d\u2019AMAG First.<\/p>\n<h3><strong>Qu\u2019est-ce qui te distingue en tant que personne?<\/strong><\/h3>\n<p>Je suis passionn\u00e9e par le sport automobile et depuis 2014, on me retrouve r\u00e9guli\u00e8rement sur les circuits de course. Avec mon mari, nous nous sommes rendus sur des circuits \u00e0 l\u2019\u00e9tranger, en transportant un v\u00e9hicule pour chacun de nous sur une remorque. Chaque ann\u00e9e, je fais entre 13 et 17\u00a0Track Days, de la conduite libre sur circuit de course. L\u2019ann\u00e9e derni\u00e8re, j\u2019ai disput\u00e9 ma premi\u00e8re\u00a0s\u00e9rie de courses. Sur le circuit, je suis dans mon \u00e9l\u00e9ment. J\u2019ai donc pu faire de ma passion mon m\u00e9tier. J\u2019aime transmettre mon exp\u00e9rience \u00e0 autrui.<\/p>\n","protected":false},"excerpt":{"rendered":"<p>Angela\u00a0Koch met le pied au plancher, dans son travail comme en priv\u00e9. D\u2019une mani\u00e8re ou d\u2019une autre, on retrouve souvent cette femme pleine d\u2019\u00e9nergie sur les circuits de course. D\u00e9termin\u00e9e \u00e0 atteindre ses objectifs, elle ne se laisse pas facilement abattre et va jusqu\u2019au bout. Comment y parvient-elle? Nous nous sommes laiss\u00e9 inspirer.<\/p>\n","protected":false},"author":84,"featured_media":22783,"comment_status":"open","ping_status":"open","sticky":false,"template":"","format":"standard","meta":{"_acf_changed":false,"inline_featured_image":false,"footnotes":""},"categories":[1786],"tags":[],"class_list":["post-22830","post","type-post","status-publish","format-standard","has-post-thumbnail","hentry","category-emplois-et-carriere"],"acf":[],"_links":{"self":[{"href":"https:\/\/www.amag-group.ch\/blog\/fr\/wp-json\/wp\/v2\/posts\/22830","targetHints":{"allow":["GET"]}}],"collection":[{"href":"https:\/\/www.amag-group.ch\/blog\/fr\/wp-json\/wp\/v2\/posts"}],"about":[{"href":"https:\/\/www.amag-group.ch\/blog\/fr\/wp-json\/wp\/v2\/types\/post"}],"author":[{"embeddable":true,"href":"https:\/\/www.amag-group.ch\/blog\/fr\/wp-json\/wp\/v2\/users\/84"}],"replies":[{"embeddable":true,"href":"https:\/\/www.amag-group.ch\/blog\/fr\/wp-json\/wp\/v2\/comments?post=22830"}],"version-history":[{"count":1,"href":"https:\/\/www.amag-group.ch\/blog\/fr\/wp-json\/wp\/v2\/posts\/22830\/revisions"}],"predecessor-version":[{"id":25604,"href":"https:\/\/www.amag-group.ch\/blog\/fr\/wp-json\/wp\/v2\/posts\/22830\/revisions\/25604"}],"wp:featuredmedia":[{"embeddable":true,"href":"https:\/\/www.amag-group.ch\/blog\/fr\/wp-json\/wp\/v2\/media\/22783"}],"wp:attachment":[{"href":"https:\/\/www.amag-group.ch\/blog\/fr\/wp-json\/wp\/v2\/media?parent=22830"}],"wp:term":[{"taxonomy":"category","embeddable":true,"href":"https:\/\/www.amag-group.ch\/blog\/fr\/wp-json\/wp\/v2\/categories?post=22830"},{"taxonomy":"post_tag","embeddable":true,"href":"https:\/\/www.amag-group.ch\/blog\/fr\/wp-json\/wp\/v2\/tags?post=22830"}],"curies":[{"name":"wp","href":"https:\/\/api.w.org\/{rel}","templated":true}]}}