{"id":22517,"date":"2021-05-14T08:20:49","date_gmt":"2021-05-14T06:20:49","guid":{"rendered":"https:\/\/www.amag-group.ch\/blog\/?p=22517"},"modified":"2022-01-14T08:27:22","modified_gmt":"2022-01-14T07:27:22","slug":"lelectromobilite-au-quotidien","status":"publish","type":"post","link":"https:\/\/www.amag-group.ch\/blog\/fr\/lelectromobilite-au-quotidien\/","title":{"rendered":"L\u2019\u00e9lectromobilit\u00e9 au quotidien"},"content":{"rendered":"<h3>Fini le plein, place \u00e0 la recharge!<\/h3>\n<div id=\"attachment_22492\" style=\"width: 562px\" class=\"wp-caption alignright\"><img decoding=\"async\" aria-describedby=\"caption-attachment-22492\" class=\"wp-image-22492 size-medium\" src=\"https:\/\/www.amag-group.ch\/blog\/wp-content\/uploads\/2021\/05\/IMG_0927-552x414.jpeg\" alt=\"\" width=\"552\" height=\"414\" srcset=\"https:\/\/www.amag-group.ch\/blog\/wp-content\/uploads\/2021\/05\/IMG_0927-552x414.jpeg 552w, https:\/\/www.amag-group.ch\/blog\/wp-content\/uploads\/2021\/05\/IMG_0927-768x576.jpeg 768w, https:\/\/www.amag-group.ch\/blog\/wp-content\/uploads\/2021\/05\/IMG_0927-1536x1152.jpeg 1536w, https:\/\/www.amag-group.ch\/blog\/wp-content\/uploads\/2021\/05\/IMG_0927-2048x1536.jpeg 2048w, https:\/\/www.amag-group.ch\/blog\/wp-content\/uploads\/2021\/05\/IMG_0927-scaled.jpeg 1920w\" sizes=\"(max-width: 552px) 100vw, 552px\" \/><p id=\"caption-attachment-22492\" class=\"wp-caption-text\">.<\/p><\/div>\n<p>Un changement majeur dans l\u2019utilisation des voitures \u00e9lectriques est le passage de \u00abfaire le plein\u00bb \u00e0 \u00abrecharger\u00bb. Jusqu\u2019\u00e0 pr\u00e9sent, il fallait chercher activement une station-service pour faire le plein de la voiture. C\u2019est diff\u00e9rent avec une voiture \u00e9lectrique: la recharge se fait pendant qu\u2019elle est gar\u00e9e, id\u00e9alement pendant la nuit \u00e0 domicile, la journ\u00e9e de travail ou les courses. Un arr\u00eat de recharge actif n\u2019est n\u00e9cessaire que pour les longs trajets et, gr\u00e2ce \u00e0 l\u2019autonomie accrue, seulement apr\u00e8s une distance de plus de 250 \u00e0 300 km. Pour la plupart des automobilistes, cela ne concerne pas plus de quelques trajets par an.<\/p>\n<p>D\u00e9sormais largement r\u00e9pandus, les points de recharge \u00e0 destination sont particuli\u00e8rement pratiques. Les r\u00e9gions de sports d\u2019hiver ont d\u2019ailleurs anticip\u00e9 \u00e0 cet \u00e9gard. Ainsi, le parking de la station de vall\u00e9e Laax Murschetg compte \u00e0 lui seul 10 bornes de recharge. Le paiement par carte de cr\u00e9dit est ultra-simple. Et apr\u00e8s une belle journ\u00e9e \u00e0 la neige ou une journ\u00e9e de randonn\u00e9e et de v\u00e9lo en \u00e9t\u00e9, la batterie est pleine pour le trajet de retour. Cette offre n\u2019est pas juste propos\u00e9e par les grandes stations de sports d\u2019hiver comme Laax ou Lenzerheide, mais aussi par les plus petites localit\u00e9s comme Amden, pour n\u2019en citer que quelques-unes.<\/p>\n<div id=\"attachment_22513\" style=\"width: 567px\" class=\"wp-caption alignleft\"><a class=\"fancybox-link\" href=\"https:\/\/www.amag-group.ch\/blog\/wp-content\/uploads\/2021\/05\/IMG_1876-1-scaled.jpeg\"><img decoding=\"async\" aria-describedby=\"caption-attachment-22513\" class=\"wp-image-22513 size-medium\" src=\"https:\/\/www.amag-group.ch\/blog\/wp-content\/uploads\/2021\/05\/IMG_1876-1-557x414.jpeg\" alt=\"\" width=\"557\" height=\"414\" srcset=\"https:\/\/www.amag-group.ch\/blog\/wp-content\/uploads\/2021\/05\/IMG_1876-1-557x414.jpeg 557w, https:\/\/www.amag-group.ch\/blog\/wp-content\/uploads\/2021\/05\/IMG_1876-1-768x571.jpeg 768w, https:\/\/www.amag-group.ch\/blog\/wp-content\/uploads\/2021\/05\/IMG_1876-1-1536x1143.jpeg 1536w, https:\/\/www.amag-group.ch\/blog\/wp-content\/uploads\/2021\/05\/IMG_1876-1-2048x1523.jpeg 2048w, https:\/\/www.amag-group.ch\/blog\/wp-content\/uploads\/2021\/05\/IMG_1876-1-scaled.jpeg 1920w\" sizes=\"(max-width: 557px) 100vw, 557px\" \/><\/a><p id=\"caption-attachment-22513\" class=\"wp-caption-text\">.<\/p><\/div>\n<p>Un petit conseil: \u00e9tant donn\u00e9 que le retour \u00e0 la maison se fait g\u00e9n\u00e9ralement en descente, il est pr\u00e9f\u00e9rable de ne recharger la voiture qu\u2019\u00e0 90%, afin de pouvoir r\u00e9cup\u00e9rer suffisamment en redescendant.<\/p>\n<h3>Besoin de planifier des itin\u00e9raires?<\/h3>\n<p>Il est recommand\u00e9, pour les premiers longs trajets en voiture \u00e9lectrique, d\u2019\u00e9tudier l\u2019itin\u00e9raire au pr\u00e9alable. Il existe pour cela des outils sp\u00e9ciaux de planification, comme <span style=\"text-decoration: underline;\"><a href=\"https:\/\/abetterrouteplanner.com\/\">ABRP<\/a> <\/span>ou <span style=\"text-decoration: underline;\"><a href=\"https:\/\/pumpapp.co\/\">PUMP<\/a><\/span>. Les mod\u00e8les VW ID. ont tous un planificateur d\u2019itin\u00e9raire int\u00e9gr\u00e9, qui pr\u00e9voit les arr\u00eats de recharge n\u00e9cessaires en cas de trajets tr\u00e8s longs. Bon nombre de plateformes de r\u00e9servation pour les h\u00f4tels proposent d\u00e9sormais un filtre \u00abStations de recharge pour les voitures \u00e9lectriques\u00bb. Il a ainsi \u00e9t\u00e9 possible de trouver un h\u00f4tel adapt\u00e9 au Tessin pour recharger pendant la nuit et reprendre la route avec une batterie pleine le lendemain. En r\u00e8gle g\u00e9n\u00e9rale, anticiper la planification d\u2019itin\u00e9raire est surtout n\u00e9cessaire au d\u00e9but, lorsqu\u2019on vient de passer d\u2019un moteur \u00e0 combustion \u00e0 un moteur \u00e9lectrique. Une fois qu\u2019on s\u2019est habitu\u00e9 au \u00abnouveau monde\u00bb, les trajets se font sans entrave, car tout fonctionne.<\/p>\n<h3>We Charge \u2013 recharger facilement partout<\/h3>\n<p>La majorit\u00e9 des stations de recharge est activ\u00e9e gr\u00e2ce \u00e0 des cartes de recharge sp\u00e9ciales et\/ou \u00e0 des applications. Il existe quelques rares stations gratuites et d\u2019autres qui proposent un paiement direct par carte de cr\u00e9dit. C\u2019est pourquoi Volkswagen propose \u00abWe Charge\u00bb, qui permet d\u2019activer plus de 6000\u00a0points de recharge (CA) et plus de 500\u00a0bornes de recharge rapide (CC) en Suisse. Les proc\u00e9dures de recharge sont visibles dans l\u2019application We\u00a0Connect\u00a0ID., tout comme les tarifs. En ce moment, il y a encore des abonnements \u00e0 prix tr\u00e8s r\u00e9duits. L\u2019abonnement We Charge Plus et son tarif avantageux de CHF\u00a00.30\/kWh chez IONITY est int\u00e9ressant pour les personnes qui s\u2019arr\u00eatent plus de 250\u00a0km par mois \u00e0 une borne de recharge rapide.<\/p>\n\n\t\t<style type=\"text\/css\">\n\t\t\t#gallery-1 {\n\t\t\t\tmargin: auto;\n\t\t\t}\n\t\t\t#gallery-1 .gallery-item {\n\t\t\t\tfloat: left;\n\t\t\t\tmargin-top: 10px;\n\t\t\t\ttext-align: center;\n\t\t\t\twidth: 50%;\n\t\t\t}\n\t\t\t#gallery-1 img {\n\t\t\t\tborder: 2px solid #cfcfcf;\n\t\t\t}\n\t\t\t#gallery-1 .gallery-caption {\n\t\t\t\tmargin-left: 0;\n\t\t\t}\n\t\t\t\/* see gallery_shortcode() in wp-includes\/media.php *\/\n\t\t<\/style>\n\t\t<div id='gallery-1' class='gallery galleryid-22517 gallery-columns-2 gallery-size-medium'><dl class='gallery-item'>\n\t\t\t<dt class='gallery-icon landscape'>\n\t\t\t\t<a href='https:\/\/www.amag-group.ch\/blog\/wp-content\/uploads\/2021\/05\/IMG_2048.jpeg'><img decoding=\"async\" width=\"552\" height=\"414\" src=\"https:\/\/www.amag-group.ch\/blog\/wp-content\/uploads\/2021\/05\/IMG_2048-552x414.jpeg\" class=\"attachment-medium size-medium\" alt=\"\" srcset=\"https:\/\/www.amag-group.ch\/blog\/wp-content\/uploads\/2021\/05\/IMG_2048-552x414.jpeg 552w, https:\/\/www.amag-group.ch\/blog\/wp-content\/uploads\/2021\/05\/IMG_2048-768x576.jpeg 768w, https:\/\/www.amag-group.ch\/blog\/wp-content\/uploads\/2021\/05\/IMG_2048-1536x1152.jpeg 1536w, https:\/\/www.amag-group.ch\/blog\/wp-content\/uploads\/2021\/05\/IMG_2048-2048x1536.jpeg 2048w, https:\/\/www.amag-group.ch\/blog\/wp-content\/uploads\/2021\/05\/IMG_2048-scaled.jpeg 1920w\" sizes=\"(max-width: 552px) 100vw, 552px\" \/><\/a>\n\t\t\t<\/dt><\/dl><dl class='gallery-item'>\n\t\t\t<dt class='gallery-icon landscape'>\n\t\t\t\t<a href='https:\/\/www.amag-group.ch\/blog\/wp-content\/uploads\/2021\/05\/IMG_2967.jpeg'><img decoding=\"async\" width=\"552\" height=\"414\" src=\"https:\/\/www.amag-group.ch\/blog\/wp-content\/uploads\/2021\/05\/IMG_2967-552x414.jpeg\" class=\"attachment-medium size-medium\" alt=\"\" srcset=\"https:\/\/www.amag-group.ch\/blog\/wp-content\/uploads\/2021\/05\/IMG_2967-552x414.jpeg 552w, https:\/\/www.amag-group.ch\/blog\/wp-content\/uploads\/2021\/05\/IMG_2967-768x576.jpeg 768w, https:\/\/www.amag-group.ch\/blog\/wp-content\/uploads\/2021\/05\/IMG_2967-1536x1152.jpeg 1536w, https:\/\/www.amag-group.ch\/blog\/wp-content\/uploads\/2021\/05\/IMG_2967-2048x1536.jpeg 2048w, https:\/\/www.amag-group.ch\/blog\/wp-content\/uploads\/2021\/05\/IMG_2967-scaled.jpeg 1920w\" sizes=\"(max-width: 552px) 100vw, 552px\" \/><\/a>\n\t\t\t<\/dt><\/dl><br style=\"clear: both\" \/><dl class='gallery-item'>\n\t\t\t<dt class='gallery-icon landscape'>\n\t\t\t\t<a href='https:\/\/www.amag-group.ch\/blog\/wp-content\/uploads\/2021\/05\/IMG_2451.jpeg'><img decoding=\"async\" width=\"552\" height=\"414\" src=\"https:\/\/www.amag-group.ch\/blog\/wp-content\/uploads\/2021\/05\/IMG_2451-552x414.jpeg\" class=\"attachment-medium size-medium\" alt=\"\" srcset=\"https:\/\/www.amag-group.ch\/blog\/wp-content\/uploads\/2021\/05\/IMG_2451-552x414.jpeg 552w, https:\/\/www.amag-group.ch\/blog\/wp-content\/uploads\/2021\/05\/IMG_2451-768x576.jpeg 768w, https:\/\/www.amag-group.ch\/blog\/wp-content\/uploads\/2021\/05\/IMG_2451-1536x1152.jpeg 1536w, https:\/\/www.amag-group.ch\/blog\/wp-content\/uploads\/2021\/05\/IMG_2451-2048x1536.jpeg 2048w, https:\/\/www.amag-group.ch\/blog\/wp-content\/uploads\/2021\/05\/IMG_2451-scaled.jpeg 1920w\" sizes=\"(max-width: 552px) 100vw, 552px\" \/><\/a>\n\t\t\t<\/dt><\/dl><dl class='gallery-item'>\n\t\t\t<dt class='gallery-icon landscape'>\n\t\t\t\t<a href='https:\/\/www.amag-group.ch\/blog\/wp-content\/uploads\/2021\/05\/IMG_2279.jpeg'><img decoding=\"async\" width=\"552\" height=\"414\" src=\"https:\/\/www.amag-group.ch\/blog\/wp-content\/uploads\/2021\/05\/IMG_2279-552x414.jpeg\" class=\"attachment-medium size-medium\" alt=\"\" srcset=\"https:\/\/www.amag-group.ch\/blog\/wp-content\/uploads\/2021\/05\/IMG_2279-552x414.jpeg 552w, https:\/\/www.amag-group.ch\/blog\/wp-content\/uploads\/2021\/05\/IMG_2279-768x576.jpeg 768w, https:\/\/www.amag-group.ch\/blog\/wp-content\/uploads\/2021\/05\/IMG_2279-1536x1152.jpeg 1536w, https:\/\/www.amag-group.ch\/blog\/wp-content\/uploads\/2021\/05\/IMG_2279-2048x1536.jpeg 2048w, https:\/\/www.amag-group.ch\/blog\/wp-content\/uploads\/2021\/05\/IMG_2279-scaled.jpeg 1920w\" sizes=\"(max-width: 552px) 100vw, 552px\" \/><\/a>\n\t\t\t<\/dt><\/dl><br style=\"clear: both\" \/>\n\t\t<\/div>\n\n<h3>Bilan apr\u00e8s 6\u00a0mois de conduite de l\u2019ID. 3<\/h3>\n<p>Apr\u00e8s 6\u00a0mois et plus de 1000\u00a0km par mois avec la VW ID.3, il est clair qu\u2019une voiture \u00e9lectrique avec une autonomie de quelque 300\u00a0km en hiver est parfaite pour sillonner la Suisse sans souci. Cette autonomie suffit largement pour les moins de 40\u00a0km par personne parcourus chaque jour sur le territoire national. Et en cas de trajet plus long que d\u2019habitude, il suffit de s\u2019arr\u00eater aux bornes de recharge rapide bien r\u00e9parties le long de l\u2019autoroute. Le syst\u00e8me de navigation des mod\u00e8les ID. signale les points de recharge IONITY, qui ont g\u00e9n\u00e9ralement aussi des possibilit\u00e9s de restauration. En moins de 15\u00a0minutes, la voiture est recharg\u00e9e pour les 100\u00a0prochains kilom\u00e8tres. Dans un pays aussi petit que la Suisse, il suffit d\u2019un bref temps de recharge pour arriver \u00e0 sa destination finale.<\/p>\n<p>En bref: l\u2019\u00e9lectromobilit\u00e9 fonctionne. Il suffit de la tester pour ne plus avoir envie de revenir en arri\u00e8re.<\/p>\n","protected":false},"excerpt":{"rendered":"<p>L\u2019\u00e9lectromobilit\u00e9 reste encore confront\u00e9e \u00e0 de nombreux pr\u00e9jug\u00e9s. Les arguments r\u00e9currents \u00e0 cet \u00e9gard concernent l\u2019autonomie, la dur\u00e9e de recharge et les r\u00e9percussions sur le quotidien. Voici maintenant un petit aper\u00e7u du quotidien avec la VW ID.3 apr\u00e8s 6 mois. En prouvant qu\u2019une voiture \u00e9lectrique fonctionne sans probl\u00e8me l\u2019hiver, l\u2019ID.3 a aussi \u00e9limin\u00e9 d\u00e9finitivement un autre pr\u00e9jug\u00e9 tenace.<\/p>\n","protected":false},"author":48,"featured_media":22472,"comment_status":"open","ping_status":"open","sticky":false,"template":"","format":"standard","meta":{"_acf_changed":false,"inline_featured_image":false,"footnotes":""},"categories":[],"tags":[],"class_list":["post-22517","post","type-post","status-publish","format-standard","has-post-thumbnail","hentry"],"acf":[],"_links":{"self":[{"href":"https:\/\/www.amag-group.ch\/blog\/fr\/wp-json\/wp\/v2\/posts\/22517","targetHints":{"allow":["GET"]}}],"collection":[{"href":"https:\/\/www.amag-group.ch\/blog\/fr\/wp-json\/wp\/v2\/posts"}],"about":[{"href":"https:\/\/www.amag-group.ch\/blog\/fr\/wp-json\/wp\/v2\/types\/post"}],"author":[{"embeddable":true,"href":"https:\/\/www.amag-group.ch\/blog\/fr\/wp-json\/wp\/v2\/users\/48"}],"replies":[{"embeddable":true,"href":"https:\/\/www.amag-group.ch\/blog\/fr\/wp-json\/wp\/v2\/comments?post=22517"}],"version-history":[{"count":1,"href":"https:\/\/www.amag-group.ch\/blog\/fr\/wp-json\/wp\/v2\/posts\/22517\/revisions"}],"predecessor-version":[{"id":25626,"href":"https:\/\/www.amag-group.ch\/blog\/fr\/wp-json\/wp\/v2\/posts\/22517\/revisions\/25626"}],"wp:featuredmedia":[{"embeddable":true,"href":"https:\/\/www.amag-group.ch\/blog\/fr\/wp-json\/wp\/v2\/media\/22472"}],"wp:attachment":[{"href":"https:\/\/www.amag-group.ch\/blog\/fr\/wp-json\/wp\/v2\/media?parent=22517"}],"wp:term":[{"taxonomy":"category","embeddable":true,"href":"https:\/\/www.amag-group.ch\/blog\/fr\/wp-json\/wp\/v2\/categories?post=22517"},{"taxonomy":"post_tag","embeddable":true,"href":"https:\/\/www.amag-group.ch\/blog\/fr\/wp-json\/wp\/v2\/tags?post=22517"}],"curies":[{"name":"wp","href":"https:\/\/api.w.org\/{rel}","templated":true}]}}