{"id":22120,"date":"2021-03-30T10:54:12","date_gmt":"2021-03-30T08:54:12","guid":{"rendered":"https:\/\/www.amag-group.ch\/blog\/?p=22120"},"modified":"2021-04-01T10:57:14","modified_gmt":"2021-04-01T08:57:14","slug":"new-mobility-hub-the-square-dans-le-circle","status":"publish","type":"post","link":"https:\/\/www.amag-group.ch\/blog\/fr\/new-mobility-hub-the-square-dans-le-circle\/","title":{"rendered":"New Mobility Hub the square dans le Circle"},"content":{"rendered":"<p>Sous le nom de \u00abthe square \u2013 new mobility hub by AMAG\u00bb, AMAG cr\u00e9e un univers de d\u00e9couverte sur les produits et solutions de la nouvelle mobilit\u00e9 sur une surface de 600 m\u00e8tres carr\u00e9s dans The Circle nouvellement inaugur\u00e9. De nouveaux mod\u00e8les seront lanc\u00e9s et des courses d\u2019essai et sessions d\u2019information seront propos\u00e9es sur toutes les nouvelles formes de mobilit\u00e9, pour des clients priv\u00e9s et commerciaux. Les visiteuses et visiteurs obtiendront des informations de premi\u00e8re main sur les nouvelles solutions de mobilit\u00e9 individuelles durables, que ce soit lors d\u2019un entretien sur place ou d\u2019une conf\u00e9rence dans l\u2019auditorium. Avec une attention particuli\u00e8re apport\u00e9e \u00e0 la mobilit\u00e9 \u00e9lectrique, les visiteuses et visiteurs de the square b\u00e9n\u00e9ficieront d\u2019une offre d\u2019informations exhaustive leur permettant de d\u00e9couvrir au plus pr\u00e8s la mobilit\u00e9 \u00e9lectrique et les solutions de mobilit\u00e9. The square permettra \u00e9galement d\u2019accueillir des manifestations internes et externes.<\/p>\n<p>L\u2019inauguration de the square est pr\u00e9vue pour l\u2019\u00e9t\u00e9 2021 et sera ouvert aux visiteurs tous les jours de 10\u00a0h\u00a000 \u00e0 20\u00a0h\u00a000. Ce site sera g\u00e9r\u00e9 par AMAG Import SA.<\/p>\n<h3><strong>Le nouveau point de rencontre \u00e0 l\u2019a\u00e9roport de Zurich<\/strong><\/h3>\n<p>Le site dans The Circle \u00e0 l\u2019a\u00e9roport de Zurich n\u2019a pas \u00e9t\u00e9 choisi au hasard. The Circle, le plus grand projet de construction de Suisse con\u00e7u par l\u2019architecte japonais Riken\u00a0Yamamoto, comprend sur une superficie de 180\u00a0000 m\u00e8tres carr\u00e9s tout ce que l\u2019on peut souhaiter: des h\u00f4tels et des entreprises gastronomiques, des offres d\u2019\u00e9v\u00e9nements et de sant\u00e9, des locaux commerciaux, diverses boutiques et des espaces verts de d\u00e9tente. Le b\u00e2timent est certifi\u00e9 selon Minergie et LEED* et g\u00e9n\u00e8re de l\u2019\u00e9nergie renouvelable au moyen d\u2019une installation photovolta\u00efque install\u00e9e sur le toit. Raccord\u00e9 au r\u00e9seau de transports publics, au r\u00e9seau autoroutier et au trafic a\u00e9rien, le site est id\u00e9alement situ\u00e9. Un parking propre de plus de 400\u00a0places de stationnement est \u00e9galement mis \u00e0 la disposition des visiteurs de The Circle. <\/p>\n\n\t\t<style type=\"text\/css\">\n\t\t\t#gallery-1 {\n\t\t\t\tmargin: auto;\n\t\t\t}\n\t\t\t#gallery-1 .gallery-item {\n\t\t\t\tfloat: left;\n\t\t\t\tmargin-top: 10px;\n\t\t\t\ttext-align: center;\n\t\t\t\twidth: 50%;\n\t\t\t}\n\t\t\t#gallery-1 img {\n\t\t\t\tborder: 2px solid #cfcfcf;\n\t\t\t}\n\t\t\t#gallery-1 .gallery-caption {\n\t\t\t\tmargin-left: 0;\n\t\t\t}\n\t\t\t\/* see gallery_shortcode() in wp-includes\/media.php *\/\n\t\t<\/style>\n\t\t<div id='gallery-1' class='gallery galleryid-22120 gallery-columns-2 gallery-size-medium'><dl class='gallery-item'>\n\t\t\t<dt class='gallery-icon landscape'>\n\t\t\t\t<a href='https:\/\/www.amag-group.ch\/blog\/wp-content\/uploads\/2021\/03\/showroom-erdgeschoss.png'><img decoding=\"async\" width=\"620\" height=\"310\" src=\"https:\/\/www.amag-group.ch\/blog\/wp-content\/uploads\/2021\/03\/showroom-erdgeschoss-620x310.png\" class=\"attachment-medium size-medium\" alt=\"\" srcset=\"https:\/\/www.amag-group.ch\/blog\/wp-content\/uploads\/2021\/03\/showroom-erdgeschoss-620x310.png 620w, https:\/\/www.amag-group.ch\/blog\/wp-content\/uploads\/2021\/03\/showroom-erdgeschoss-768x384.png 768w, https:\/\/www.amag-group.ch\/blog\/wp-content\/uploads\/2021\/03\/showroom-erdgeschoss-1536x768.png 1536w, https:\/\/www.amag-group.ch\/blog\/wp-content\/uploads\/2021\/03\/showroom-erdgeschoss.png 1920w\" sizes=\"(max-width: 620px) 100vw, 620px\" \/><\/a>\n\t\t\t<\/dt><\/dl><dl class='gallery-item'>\n\t\t\t<dt class='gallery-icon landscape'>\n\t\t\t\t<a href='https:\/\/www.amag-group.ch\/blog\/wp-content\/uploads\/2021\/03\/querschnitt_untergeschoss.png'><img decoding=\"async\" width=\"620\" height=\"310\" src=\"https:\/\/www.amag-group.ch\/blog\/wp-content\/uploads\/2021\/03\/querschnitt_untergeschoss-620x310.png\" class=\"attachment-medium size-medium\" alt=\"\" srcset=\"https:\/\/www.amag-group.ch\/blog\/wp-content\/uploads\/2021\/03\/querschnitt_untergeschoss-620x310.png 620w, https:\/\/www.amag-group.ch\/blog\/wp-content\/uploads\/2021\/03\/querschnitt_untergeschoss-768x384.png 768w, https:\/\/www.amag-group.ch\/blog\/wp-content\/uploads\/2021\/03\/querschnitt_untergeschoss-1536x768.png 1536w, https:\/\/www.amag-group.ch\/blog\/wp-content\/uploads\/2021\/03\/querschnitt_untergeschoss.png 1920w\" sizes=\"(max-width: 620px) 100vw, 620px\" \/><\/a>\n\t\t\t<\/dt><\/dl><br style=\"clear: both\" \/>\n\t\t<\/div>\n\n<h3><strong>Cinq questions au chef de projet Ivan Ammann<\/strong><\/h3>\n<h3><strong><img decoding=\"async\" class=\"alignright wp-image-22108 size-medium\" src=\"https:\/\/www.amag-group.ch\/blog\/wp-content\/uploads\/2021\/03\/Portrait-Ivan-Ammann-414x414.jpg\" alt=\"\" width=\"414\" height=\"414\" srcset=\"https:\/\/www.amag-group.ch\/blog\/wp-content\/uploads\/2021\/03\/Portrait-Ivan-Ammann-414x414.jpg 414w, https:\/\/www.amag-group.ch\/blog\/wp-content\/uploads\/2021\/03\/Portrait-Ivan-Ammann-768x768.jpg 768w, https:\/\/www.amag-group.ch\/blog\/wp-content\/uploads\/2021\/03\/Portrait-Ivan-Ammann.jpg 1440w\" sizes=\"(max-width: 414px) 100vw, 414px\" \/><\/strong><\/h3>\n<h3><strong>Ivan, tu g\u00e8res le projet \u00abthe square\u00bb. Depuis combien de temps t\u2019en occupes-tu? Quand le processus a-t-il d\u00e9marr\u00e9?<\/strong><\/h3>\n<p>Tout a vraiment d\u00e9marr\u00e9 \u00e0 l\u2019automne 2019. Tout d\u2019abord, Christian Hermle (Director of Group Marketing) et Thomas Linder (responsable Immobilier) ont n\u00e9goci\u00e9 le bail avec The Circle. Dominic Kucsera (Head of Live Marketing), Thomas Schilling (Achats strat\u00e9giques) et Thomas Linder ont con\u00e7u la fonctionnalit\u00e9 de l\u2019espace et lanc\u00e9 un appel d\u2019offres aupr\u00e8s d\u2019entreprises totales et de construction potentielles.<\/p>\n<p>\u00c0 cette \u00e9poque, j\u2019\u00e9tais moi-m\u00eame encore occup\u00e9 \u00e0 pr\u00e9parer le Salon international de l\u2019automobile de Gen\u00e8ve en tant que chef de projet pour la marque Volkswagen.<\/p>\n<p>J\u2019ai finalement repris le projet \u00abthe square\u00bb \u00e0 l\u2019\u00e9t\u00e9 2020 \u00e0 l\u2019issue du premier comit\u00e9 de pilotage.\u00a0\u00a0<\/p>\n<h3><strong>Quelles sont tes t\u00e2ches en tant que chef de projet?<\/strong><\/h3>\n<p>En tant que chef du projet \u00abthe square\u00bb, je suis responsable du contr\u00f4le et de la planification globale du projet, tout en respectant le budget et le calendrier \u00e9labor\u00e9.<\/p>\n<p>Dans ce cadre, je coordonne les diff\u00e9rents sous-projets et t\u00e2ches, et je fais le lien entre l\u2019entreprise totale, les fournisseurs mandat\u00e9s, AMAG et ses diff\u00e9rentes Business Units., le comit\u00e9 de pilotage et les diff\u00e9rentes \u00e9quipes de projet associ\u00e9es.<\/p>\n<h3><strong>Quels sont les plus grands d\u00e9fis d\u2019un projet de cette taille?<\/strong><\/h3>\n<p>Les nombreuses corr\u00e9lations et d\u00e9cisions, pour prendre en compte et coordonner es diff\u00e9rents besoins et exigences. La budg\u00e9tisation et le financement d\u2019un tel projet ainsi que l\u2019incertitude de la planification en ce qui concerne les lancements des marques, la disponibilit\u00e9 des produits et le soutien de la part des usines de fabrication, repr\u00e9sentent certainement un enjeu majeur.<\/p>\n<p>Le calendrier est l\u2019un des plus grands d\u00e9fis \u00e0 relever. La planification et le respect des autorisations, validations ou exigences d\u00e9pendent fortement des autorit\u00e9s et n\u00e9cessitent donc un d\u00e9lai suffisant. Cependant, la pand\u00e9mie de COVID-19 en cours et les mesures et effets associ\u00e9s peuvent \u00e9galement allonger les d\u00e9lais de livraison et influencer fortement les processus et d\u00e9cisions internes et externes.<\/p>\n<h3><strong>Qu\u2019est-ce qui te plait le plus?<\/strong><\/h3>\n<p>Les plus grands d\u00e9fis sont aussi les aspects les plus int\u00e9ressants et les plus passionnants de ce projet. Je suis r\u00e9guli\u00e8rement confront\u00e9 \u00e0 de nouvelles conditions et situations et je suis donc constamment \u00abchalleng\u00e9\u00bb <em>(rires)<\/em>.<\/p>\n<p>Toutefois, cette friche inexploit\u00e9e, que repr\u00e9sente \u00abthe square\u00bb en tant que premier centre de mobilit\u00e9 d\u2019AMAG, offre beaucoup d\u2019espace pour de nouvelles id\u00e9es et approches, et rend le projet \u00e0 la fois vari\u00e9 et instructif.<\/p>\n<h3><strong>Quel est\/sera ton grand moment personnel dans le nouveau centre de mobilit\u00e9?<\/strong><\/h3>\n<p>Bien s\u00fbr, il est difficile de le r\u00e9sumer \u00e0 une seule chose <em>(rires)<\/em>. Avant tout, il y a certainement l\u2019apparence globale sous laquelle se pr\u00e9sentera \u00abthe square\u00bb.<\/p>\n<p>Mais aussi l\u2019\u00e9cran g\u00e9ant sur la fa\u00e7ade ext\u00e9rieure, la v\u00e9g\u00e9talisation \u00e0 l\u2019int\u00e9rieur ainsi que la mise en sc\u00e8ne des diff\u00e9rents espaces sont autant de grands moments personnels, pour n\u2019en citer que quelques-uns.<\/p>\n<p>Un temps fort pour moi sera probablement le jour de l\u2019inauguration proprement dite, lorsque les portes de \u00abthe square\u00bb s\u2019ouvriront pour la premi\u00e8re fois, que tout fonctionnera parfaitement et que Peter Schmid, en tant que Head of New Mobility Hub, accueillera les premiers visiteurs.<\/p>\n<p>&nbsp;<\/p>\n<p>&nbsp;<\/p>\n<p>*\u00a0Le Leadership Energy and Environmental Design a \u00e9t\u00e9 con\u00e7u par l\u2019US Green Building Council et est soumis \u00e0 sept crit\u00e8res: la construction durable, l\u2019\u00e9conomie d\u2019eau, l\u2019\u00e9nergie et l\u2019atmosph\u00e8re, les mati\u00e8res et ressources, le confort et la qualit\u00e9 de l\u2019espace, la localisation et la viabilisation, et enfin l\u2019innovation. L\u2019\u00e9valuation comprend au maximum 110 points; The Circle est certifi\u00e9 selon le standard LEED\u00ae PLATINUM le plus \u00e9lev\u00e9.<\/p>\n<p>&nbsp;<\/p>\n","protected":false},"excerpt":{"rendered":"<p>Avec \u00abthe square\u00bb, AMAG cr\u00e9e un centre de comp\u00e9tence pour une nouvelle mobilit\u00e9 individuelle durable dans The Circle \u00e0 l\u2019a\u00e9roport de Zurich. L\u2019univers de d\u00e9couverte AMAG sera inaugur\u00e9 en \u00e9t\u00e9 2021.<\/p>\n","protected":false},"author":63,"featured_media":22103,"comment_status":"open","ping_status":"open","sticky":false,"template":"","format":"standard","meta":{"_acf_changed":false,"inline_featured_image":false,"footnotes":""},"categories":[9962],"tags":[],"class_list":["post-22120","post","type-post","status-publish","format-standard","has-post-thumbnail","hentry","category-solutions-du-futur"],"acf":[],"_links":{"self":[{"href":"https:\/\/www.amag-group.ch\/blog\/fr\/wp-json\/wp\/v2\/posts\/22120","targetHints":{"allow":["GET"]}}],"collection":[{"href":"https:\/\/www.amag-group.ch\/blog\/fr\/wp-json\/wp\/v2\/posts"}],"about":[{"href":"https:\/\/www.amag-group.ch\/blog\/fr\/wp-json\/wp\/v2\/types\/post"}],"author":[{"embeddable":true,"href":"https:\/\/www.amag-group.ch\/blog\/fr\/wp-json\/wp\/v2\/users\/63"}],"replies":[{"embeddable":true,"href":"https:\/\/www.amag-group.ch\/blog\/fr\/wp-json\/wp\/v2\/comments?post=22120"}],"version-history":[{"count":0,"href":"https:\/\/www.amag-group.ch\/blog\/fr\/wp-json\/wp\/v2\/posts\/22120\/revisions"}],"wp:featuredmedia":[{"embeddable":true,"href":"https:\/\/www.amag-group.ch\/blog\/fr\/wp-json\/wp\/v2\/media\/22103"}],"wp:attachment":[{"href":"https:\/\/www.amag-group.ch\/blog\/fr\/wp-json\/wp\/v2\/media?parent=22120"}],"wp:term":[{"taxonomy":"category","embeddable":true,"href":"https:\/\/www.amag-group.ch\/blog\/fr\/wp-json\/wp\/v2\/categories?post=22120"},{"taxonomy":"post_tag","embeddable":true,"href":"https:\/\/www.amag-group.ch\/blog\/fr\/wp-json\/wp\/v2\/tags?post=22120"}],"curies":[{"name":"wp","href":"https:\/\/api.w.org\/{rel}","templated":true}]}}