{"id":21796,"date":"2021-02-18T11:04:56","date_gmt":"2021-02-18T10:04:56","guid":{"rendered":"https:\/\/www.amag-group.ch\/blog\/?p=21796"},"modified":"2022-03-07T07:58:51","modified_gmt":"2022-03-07T06:58:51","slug":"amag-girl-power-sandra-pr-manager-et-grande-amatrice-de-chevaux","status":"publish","type":"post","link":"https:\/\/www.amag-group.ch\/blog\/fr\/amag-girl-power-sandra-pr-manager-et-grande-amatrice-de-chevaux\/","title":{"rendered":"AMAG Girl power \u2013 Sandra, PR Manager et grande amatrice de chevaux"},"content":{"rendered":"<h3><strong>Sandra, peux-tu nous d\u00e9crire ton parcours professionnel jusqu\u2019\u00e0 aujourd\u2019hui? <\/strong><\/h3>\n<p>Apr\u00e8s mes \u00e9tudes au gymnase, j\u2019ai \u00e9tudi\u00e9 les sciences des m\u00e9dias et de la communication \u00e0 l\u2019universit\u00e9 de Zurich. \u00c0 c\u00f4t\u00e9 de mes \u00e9tudes, j\u2019ai travaill\u00e9 pendant quatre ans en tant qu\u2019assistante \u00e0 temps partiel, puis en tant que responsable marketing et communication chez KLAFS SA, o\u00f9 j\u2019ai pu cumuler de pr\u00e9cieuses exp\u00e9riences professionnelles en mati\u00e8re de communication. En 2017, j\u2019ai rejoint AMAG en tant qu\u2019assistante dans le secteur Group Communication. Bien que je ne sache pas vraiment si j\u2019avais v\u00e9ritablement le droit d\u2019ex\u00e9cuter des t\u00e2ches de communication, j\u2019ai choisi de prendre le risque \u2013 ce qui s\u2019est av\u00e9r\u00e9 payant. Mon sup\u00e9rieur m\u2019a d\u2019ailleurs toujours encourag\u00e9e et soutenue dans mon d\u00e9veloppement. Apr\u00e8s quelques temps, j\u2019ai \u00e9t\u00e9 promue Communication Manager. Il y a quelques mois, j\u2019ai encore pu faire un grand pas en avant au sein d\u2019AMAG en prenant la fonction de PR Manager pour \u0160KODA.\u00a0<\/p>\n<h3><strong>Comment te d\u00e9finirais-tu en dehors du travail? <\/strong><\/h3>\n<p>J\u2019aime entreprendre de nombreuses activit\u00e9s avec ma famille et mes amis m\u00eame si dans un groupe, je suis souvent la plus calme. J\u2019aime observer calmement les situations avant de me faire un avis ou de prendre la parole. Je crois que c\u2019est ce que mon entourage appr\u00e9cie le plus chez moi, et \u00e7a explique pourquoi on vient souvent me demander conseil. J\u2019ai \u00e0 c\u0153ur d\u2019\u00eatre toujours l\u00e0 pour mes amis et ma famille \u2013 et bien s\u00fbr, j\u2019aime savoir qu\u2019ils me rendront la pareille sans h\u00e9siter.<\/p>\n<h3><strong>Qu\u2019est-ce qui te permet de trouver l\u2019\u00e9quilibre dans ton quotidien?<\/strong><\/h3>\n<p>Je suis une vraie mordue de chevaux (rires). J\u2019ai un cheval islandais qui s\u2019appelle Partur et je passe donc beaucoup de temps au centre \u00e9questre. Je m\u2019y sens incroyablement bien, \u00e7a me permet de me reconnecter. D\u00e8s que je suis avec mon cheval, j\u2019oublie mon travail et toutes les choses qui me tracassent. Je ne pense plus qu\u2019\u00e0 moi et \u00e0 mon cheval. Les trois heures que je passe aupr\u00e8s de lui environ six fois par semaine ne sont jamais une corv\u00e9e: elles me permettent de faire le plein d\u2019\u00e9nergie. Quand je rentre \u00e0 la maison, je suis de nouveau motiv\u00e9e et en pleine forme pour tout ce qui m\u2019attend.<\/p>\n\n\t\t<style type=\"text\/css\">\n\t\t\t#gallery-1 {\n\t\t\t\tmargin: auto;\n\t\t\t}\n\t\t\t#gallery-1 .gallery-item {\n\t\t\t\tfloat: left;\n\t\t\t\tmargin-top: 10px;\n\t\t\t\ttext-align: center;\n\t\t\t\twidth: 50%;\n\t\t\t}\n\t\t\t#gallery-1 img {\n\t\t\t\tborder: 2px solid #cfcfcf;\n\t\t\t}\n\t\t\t#gallery-1 .gallery-caption {\n\t\t\t\tmargin-left: 0;\n\t\t\t}\n\t\t\t\/* see gallery_shortcode() in wp-includes\/media.php *\/\n\t\t<\/style>\n\t\t<div id='gallery-1' class='gallery galleryid-21796 gallery-columns-2 gallery-size-medium'><dl class='gallery-item'>\n\t\t\t<dt class='gallery-icon landscape'>\n\t\t\t\t<a href='https:\/\/www.amag-group.ch\/blog\/wp-content\/uploads\/2021\/02\/Sandra-mit-ihrem-Pferd.jpg'><img decoding=\"async\" width=\"620\" height=\"414\" src=\"https:\/\/www.amag-group.ch\/blog\/wp-content\/uploads\/2021\/02\/Sandra-mit-ihrem-Pferd-620x414.jpg\" class=\"attachment-medium size-medium\" alt=\"\" aria-describedby=\"gallery-1-21786\" srcset=\"https:\/\/www.amag-group.ch\/blog\/wp-content\/uploads\/2021\/02\/Sandra-mit-ihrem-Pferd-620x414.jpg 620w, https:\/\/www.amag-group.ch\/blog\/wp-content\/uploads\/2021\/02\/Sandra-mit-ihrem-Pferd-768x512.jpg 768w, https:\/\/www.amag-group.ch\/blog\/wp-content\/uploads\/2021\/02\/Sandra-mit-ihrem-Pferd-1536x1024.jpg 1536w, https:\/\/www.amag-group.ch\/blog\/wp-content\/uploads\/2021\/02\/Sandra-mit-ihrem-Pferd-2048x1365.jpg 2048w, https:\/\/www.amag-group.ch\/blog\/wp-content\/uploads\/2021\/02\/Sandra-mit-ihrem-Pferd-720x480.jpg 720w, https:\/\/www.amag-group.ch\/blog\/wp-content\/uploads\/2021\/02\/Sandra-mit-ihrem-Pferd-scaled.jpg 1920w\" sizes=\"(max-width: 620px) 100vw, 620px\" \/><\/a>\n\t\t\t<\/dt>\n\t\t\t\t<dd class='wp-caption-text gallery-caption' id='gallery-1-21786'>\n\t\t\t\tSandra avec son cheval Partur\n\t\t\t\t<\/dd><\/dl><dl class='gallery-item'>\n\t\t\t<dt class='gallery-icon landscape'>\n\t\t\t\t<a href='https:\/\/www.amag-group.ch\/blog\/wp-content\/uploads\/2021\/02\/Sandra-in-Action.jpg'><img decoding=\"async\" width=\"620\" height=\"412\" src=\"https:\/\/www.amag-group.ch\/blog\/wp-content\/uploads\/2021\/02\/Sandra-in-Action-620x412.jpg\" class=\"attachment-medium size-medium\" alt=\"\" srcset=\"https:\/\/www.amag-group.ch\/blog\/wp-content\/uploads\/2021\/02\/Sandra-in-Action-620x412.jpg 620w, https:\/\/www.amag-group.ch\/blog\/wp-content\/uploads\/2021\/02\/Sandra-in-Action-768x510.jpg 768w, https:\/\/www.amag-group.ch\/blog\/wp-content\/uploads\/2021\/02\/Sandra-in-Action-1536x1021.jpg 1536w, https:\/\/www.amag-group.ch\/blog\/wp-content\/uploads\/2021\/02\/Sandra-in-Action-2048x1361.jpg 2048w, https:\/\/www.amag-group.ch\/blog\/wp-content\/uploads\/2021\/02\/Sandra-in-Action-720x480.jpg 720w, https:\/\/www.amag-group.ch\/blog\/wp-content\/uploads\/2021\/02\/Sandra-in-Action-scaled.jpg 1920w\" sizes=\"(max-width: 620px) 100vw, 620px\" \/><\/a>\n\t\t\t<\/dt><\/dl><br style=\"clear: both\" \/>\n\t\t<\/div>\n\n<h3><strong>Qu\u2019est-ce qui te distingue en tant que personne dans ta vie professionnelle? <\/strong><\/h3>\n<p>Je suis d\u00e9termin\u00e9e et je vais droit au but. Lorsqu\u2019on me confie une t\u00e2che, je mets un point d\u2019honneur \u00e0 l\u2019ex\u00e9cuter correctement. J\u2019ai \u00e9galement un bon esprit d\u2019\u00e9quipe. M\u00eame si je ne suis pas toujours la plus bruyante et qu\u2019il me faut sans doute un peu de temps pour m\u2019ouvrir aux autres, une bonne coh\u00e9sion d\u2019\u00e9quipe est tr\u00e8s importante pour moi. Et je pense que je sais aussi accepter la critique. C\u2019est normal de faire des erreurs et c\u2019est m\u00eame \u00e7a qui nous fait progresser, mais mon objectif consiste \u00e0 ne jamais reproduire la m\u00eame erreur deux fois. Je me dis toujours qu\u2019une erreur ne doit arriver qu\u2019une seule fois.\u00a0<\/p>\n<div id=\"attachment_21773\" style=\"width: 360px\" class=\"wp-caption aligncenter\"><a href=\"https:\/\/www.amag-group.ch\/blog\/wp-content\/uploads\/2021\/02\/B\u00fcrospass.jpg\"><img decoding=\"async\" aria-describedby=\"caption-attachment-21773\" class=\"wp-image-21773\" src=\"https:\/\/www.amag-group.ch\/blog\/wp-content\/uploads\/2021\/02\/B\u00fcrospass-551x414.jpg\" alt=\"\" width=\"350\" height=\"263\" srcset=\"https:\/\/www.amag-group.ch\/blog\/wp-content\/uploads\/2021\/02\/B\u00fcrospass-551x414.jpg 551w, https:\/\/www.amag-group.ch\/blog\/wp-content\/uploads\/2021\/02\/B\u00fcrospass-768x577.jpg 768w, https:\/\/www.amag-group.ch\/blog\/wp-content\/uploads\/2021\/02\/B\u00fcrospass-1536x1154.jpg 1536w, https:\/\/www.amag-group.ch\/blog\/wp-content\/uploads\/2021\/02\/B\u00fcrospass.jpg 1600w\" sizes=\"(max-width: 350px) 100vw, 350px\" \/><\/a><p id=\"caption-attachment-21773\" class=\"wp-caption-text\">Sandra avec son ancienne coll\u00e8gue Christine<\/p><\/div>\n<h3><strong>Qui t\u2019as inspir\u00e9e pour suivre cette voie? <\/strong><\/h3>\n<p>Plusieurs personnes je pense, d\u2019ailleurs la plupart sont des femmes. Chez mon ancien employeur, ma chef m\u2019a fait forte impression. Elle m\u2019a laiss\u00e9 carte blanche sur de nombreux points d\u00e8s le d\u00e9part et elle m\u2019a beaucoup encourag\u00e9e. J\u2019ai \u00e9norm\u00e9ment \u00e9volu\u00e9 gr\u00e2ce \u00e0 elle. Aujourd\u2019hui encore, nous sommes rest\u00e9es en bons termes. J\u2019ai aussi beaucoup appris aupr\u00e8s de mon ancienne sup\u00e9rieure chez AMAG et je profite encore de ce bagage aujourd\u2019hui. Lorsque je suis confront\u00e9e \u00e0 un d\u00e9fi, je me demande toujours l\u2019approche qu\u2019elle aurait choisie et je l\u2019adapte \u00e0 moi-m\u00eame et \u00e0 ma situation. Et j\u2019ai aussi \u00e9t\u00e9 vraiment impressionn\u00e9e par quatre femmes dont j\u2019ai fait la connaissance durant mon CAS en gestion de la communication. Elles sont droites dans leurs bottes \u2013 dans leur vie professionnelle comme priv\u00e9e \u2013 et elles font toujours bonne impression. Je suis admirative de ce charisme.<\/p>\n<div id=\"attachment_21776\" style=\"width: 360px\" class=\"wp-caption aligncenter\"><a href=\"https:\/\/www.amag-group.ch\/blog\/wp-content\/uploads\/2021\/02\/6d881c23-695b-42a9-a5ae-b67bd330aa78.jpg\"><img decoding=\"async\" aria-describedby=\"caption-attachment-21776\" class=\"wp-image-21776\" src=\"https:\/\/www.amag-group.ch\/blog\/wp-content\/uploads\/2021\/02\/6d881c23-695b-42a9-a5ae-b67bd330aa78-552x414.jpg\" alt=\"Sandra mit ihren Freundinnen aus dem CAS\" width=\"350\" height=\"262\" srcset=\"https:\/\/www.amag-group.ch\/blog\/wp-content\/uploads\/2021\/02\/6d881c23-695b-42a9-a5ae-b67bd330aa78-552x414.jpg 552w, https:\/\/www.amag-group.ch\/blog\/wp-content\/uploads\/2021\/02\/6d881c23-695b-42a9-a5ae-b67bd330aa78-768x576.jpg 768w, https:\/\/www.amag-group.ch\/blog\/wp-content\/uploads\/2021\/02\/6d881c23-695b-42a9-a5ae-b67bd330aa78-1536x1152.jpg 1536w, https:\/\/www.amag-group.ch\/blog\/wp-content\/uploads\/2021\/02\/6d881c23-695b-42a9-a5ae-b67bd330aa78.jpg 2030w\" sizes=\"(max-width: 350px) 100vw, 350px\" \/><\/a><p id=\"caption-attachment-21776\" class=\"wp-caption-text\">Sandra avec ses amis de la CAS<\/p><\/div>\n<h3><strong>Quelles exp\u00e9riences as-tu cumul\u00e9es dans un secteur plut\u00f4t masculin comme celui d\u2019AMAG? <\/strong><\/h3>\n<p>Tant qu\u2019ils poss\u00e8dent les comp\u00e9tences techniques, avoir affaire \u00e0 des coll\u00e8gues masculins ou f\u00e9minins ne devrait avoir aucune importance. AMAG soutient vraiment l\u2019\u00e9galit\u00e9 de traitement et depuis que j\u2019ai rejoint l\u2019entreprise, je n\u2019ai jamais connu d\u2019exp\u00e9rience particuli\u00e8re ou n\u00e9gative en la mati\u00e8re.<\/p>\n<h3><strong>Quels conseils donnerais-tu aux jeunes femmes qui te lisent? <\/strong><\/h3>\n<p>De prendre les choses avec d\u00e9contraction et de profiter de la vie! Je ne plaisante pas&#8230; plus tard, on passe suffisamment de temps au travail et on est suffisamment expos\u00e9s \u00e0 la pression de la culture de la performance. Je suis persuad\u00e9e que les choses arrivent en temps et en heure. Alors si je peux conseiller quelque chose aux autres, c\u2019est de moins se mettre la pression et de ne pas se laisser d\u00e9stabiliser si une chose ne fonctionne pas du premier coup. Il y a toujours un moyen et il ne faut pas h\u00e9siter \u00e0 se laisser le temps de le trouver. L\u2019important, c\u2019est de croire en soi-m\u00eame.<\/p>\n<h3><strong>Comment es-tu parvenue \u00e0 te rapprocher de tes objectifs? <\/strong><\/h3>\n<p>J\u2019ai toujours d\u00fb lutter (et je dois encore le faire) dans ma vie, et elle n\u2019a pas \u00e9t\u00e9 des plus tendres. Avant, je remettais en question et je \u00abruminais\u00bb chaque revers. Ce qui est normal pour une personnalit\u00e9 intellectuelle comme la mienne. Depuis, j\u2019ai tout de m\u00eame appris \u00e0 \u00e9couter davantage mon esprit et mon corps, et mon point de vue sur les choses \u00e0 \u00e9volu\u00e9. Aujourd\u2019hui, si quelque chose ne va pas comme pr\u00e9vu, j\u2019essaie d\u2019en tirer des le\u00e7ons et de transformer la situation en exp\u00e9rience positive. Cela m\u2019\u00e9vite les insomnies et me permet de me rapprocher de mes objectifs. En effet, je suis convaincue que lorsqu\u2019on sait ce qui compte vraiment pour nous, on donne le meilleur pour y parvenir et on saisit les opportunit\u00e9s l\u00e0 o\u00f9 elles sont, pour se rapprocher pas \u00e0 pas de ses objectifs. Sans pour autant \u00eatre pr\u00eat \u00e0 faire tout et n\u2019importe quoi \u2013 c\u2019est la v\u00e9ritable force selon moi.<\/p>\n","protected":false},"excerpt":{"rendered":"<p>La jeune femme de 32 ans est PR Manager pour \u0160KODA, une des marques automobiles les plus appr\u00e9ci\u00e9es en Suisse. La responsabilit\u00e9 que repr\u00e9sente son cheval et une personnalit\u00e9 calme \u00e0 l\u2019\u00e9coute de son entourage. Sandra Zippo galope toujours en t\u00eate de course, pas seulement dans sa vie priv\u00e9e. Commeant y parvient-elle? Nous nous sommes laiss\u00e9s inspirer. <\/p>\n","protected":false},"author":27,"featured_media":21789,"comment_status":"open","ping_status":"open","sticky":false,"template":"","format":"standard","meta":{"_acf_changed":false,"inline_featured_image":false,"footnotes":""},"categories":[1786],"tags":[],"class_list":["post-21796","post","type-post","status-publish","format-standard","has-post-thumbnail","hentry","category-emplois-et-carriere"],"acf":[],"_links":{"self":[{"href":"https:\/\/www.amag-group.ch\/blog\/fr\/wp-json\/wp\/v2\/posts\/21796","targetHints":{"allow":["GET"]}}],"collection":[{"href":"https:\/\/www.amag-group.ch\/blog\/fr\/wp-json\/wp\/v2\/posts"}],"about":[{"href":"https:\/\/www.amag-group.ch\/blog\/fr\/wp-json\/wp\/v2\/types\/post"}],"author":[{"embeddable":true,"href":"https:\/\/www.amag-group.ch\/blog\/fr\/wp-json\/wp\/v2\/users\/27"}],"replies":[{"embeddable":true,"href":"https:\/\/www.amag-group.ch\/blog\/fr\/wp-json\/wp\/v2\/comments?post=21796"}],"version-history":[{"count":1,"href":"https:\/\/www.amag-group.ch\/blog\/fr\/wp-json\/wp\/v2\/posts\/21796\/revisions"}],"predecessor-version":[{"id":26280,"href":"https:\/\/www.amag-group.ch\/blog\/fr\/wp-json\/wp\/v2\/posts\/21796\/revisions\/26280"}],"wp:featuredmedia":[{"embeddable":true,"href":"https:\/\/www.amag-group.ch\/blog\/fr\/wp-json\/wp\/v2\/media\/21789"}],"wp:attachment":[{"href":"https:\/\/www.amag-group.ch\/blog\/fr\/wp-json\/wp\/v2\/media?parent=21796"}],"wp:term":[{"taxonomy":"category","embeddable":true,"href":"https:\/\/www.amag-group.ch\/blog\/fr\/wp-json\/wp\/v2\/categories?post=21796"},{"taxonomy":"post_tag","embeddable":true,"href":"https:\/\/www.amag-group.ch\/blog\/fr\/wp-json\/wp\/v2\/tags?post=21796"}],"curies":[{"name":"wp","href":"https:\/\/api.w.org\/{rel}","templated":true}]}}