{"id":21631,"date":"2021-02-08T09:20:14","date_gmt":"2021-02-08T08:20:14","guid":{"rendered":"https:\/\/www.amag-group.ch\/blog\/?p=21631"},"modified":"2021-02-18T14:13:14","modified_gmt":"2021-02-18T13:13:14","slug":"120-ans-de-skoda-motorsport-partie-2","status":"publish","type":"post","link":"https:\/\/www.amag-group.ch\/blog\/fr\/120-ans-de-skoda-motorsport-partie-2\/","title":{"rendered":"120 ans de \u0160KODA Motorsport partie 2"},"content":{"rendered":"<h3><strong>Une r\u00e9organisation r\u00e9ussie dans le sport automobile<\/strong><\/h3>\n<p>En 2005, \u0160KODA d\u00e9cide de changer la donne pour le sport automobile. \u00c0 l\u2019avenir, les \u00e9quipes priv\u00e9es qui ach\u00e8tent une \u0160KODA FABIA WRC peuvent participer aux courses et b\u00e9n\u00e9ficier d\u2019une assistance technique. Cela n\u2019a pas d\u2019influence sur le d\u00e9veloppement de nouvelles voitures de course. Ainsi, la nouvelle g\u00e9n\u00e9ration de la \u0160KODA\u00a0FABIA voit le jour en 2007 et en 2009, l\u2019\u00e9quipe \u0160KODA Motorsport constitu\u00e9e de 35 collaborateurs envoie pour la premi\u00e8re fois la FABIA\u00a0SUPER\u00a02000 au d\u00e9part de la course de Monte-Carlo. Au championnat des marques, la \u0160KODA FABIA SUPER 2000 se classe m\u00eame deuxi\u00e8me.<br \/>\nApr\u00e8s une p\u00e9riode plut\u00f4t plus tranquille pour \u0160KODA dans le sport automobile, l\u2019\u00e9quipe \u0160KODA rejoint les meilleurs avec la FABIA SUPER 2000 et f\u00eate un grand triomphe en 2011: le titre de champion du monde des rallyes.<\/p>\n<p>En 2015, la \u0160KODA FABIA SUPER 2000 est remplac\u00e9e par la \u0160KODA FABIA R5 optimis\u00e9e. La nouvelle FABIA fonce \u00e0 203 km\/h sur le circuit du Portugal, remporte cinq \u00e9preuves et acc\u00e8de finalement deux fois au podium de la WRC 2. Les ann\u00e9es suivantes, la FABIA R5 conna\u00eet de nombreuses r\u00e9ussites et se classe souvent sur le podium. Ainsi, au rallye de Monte-Carlo 2018, les Tch\u00e8ques Jan Kopeck\u00fd et Pavel Dresler remportent la victoire dans la cat\u00e9gorie WRC 2. En 2018, Jan Kopeck\u00fd et Pavel Dresler sont la premi\u00e8re \u00e9quipe technique \u00e0 remporter la WRC 2 et \u00e0 gagner pour la sixi\u00e8me fois le championnat du monde des rallyes en R\u00e9publique tch\u00e8que. L\u2019\u00e9quipe officielle, mais aussi des pilotes priv\u00e9s permettent \u00e0 \u0160KODA de remporter quatre titres r\u00e9gionaux et 19 titres nationaux en 2018.<\/p>\n<h3><strong>2019: la meilleure ann\u00e9e jusqu\u2019\u00e0 pr\u00e9sent <\/strong><\/h3>\n<p>En 2019, une nouvelle version de la \u0160KODA FABIA R5 arrive sur les circuits: la \u0160KODA\u00a0FABIA\u00a0Rally2 evo. L\u2019objectif \u00e9tait de d\u00e9velopper un v\u00e9hicule pouvant surpasser les performances d\u00e9j\u00e0 impressionnantes de la premi\u00e8re version. La nouvelle version dispose d\u2019un moteur am\u00e9lior\u00e9 avec davantage de puissance, d\u2019un syst\u00e8me de refroidissement plus efficace et d\u2019une \u00e9lectronique plus rapide. La bo\u00eete de vitesse a \u00e9t\u00e9 modernis\u00e9e et l\u2019ensemble de la carrosserie renforc\u00e9e. De plus, la voiture poss\u00e8de plus d\u2019adh\u00e9rence dans les conditions extr\u00eames.<\/p>\n<p><img decoding=\"async\" class=\"aligncenter size-full wp-image-21604\" src=\"https:\/\/www.amag-group.ch\/blog\/wp-content\/uploads\/2021\/02\/motorsport_technical_adjustmens_overview-scaled.jpg\" alt=\"\" width=\"1920\" height=\"1080\" srcset=\"https:\/\/www.amag-group.ch\/blog\/wp-content\/uploads\/2021\/02\/motorsport_technical_adjustmens_overview-scaled.jpg 1920w, https:\/\/www.amag-group.ch\/blog\/wp-content\/uploads\/2021\/02\/motorsport_technical_adjustmens_overview-620x349.jpg 620w, https:\/\/www.amag-group.ch\/blog\/wp-content\/uploads\/2021\/02\/motorsport_technical_adjustmens_overview-768x432.jpg 768w, https:\/\/www.amag-group.ch\/blog\/wp-content\/uploads\/2021\/02\/motorsport_technical_adjustmens_overview-1536x864.jpg 1536w, https:\/\/www.amag-group.ch\/blog\/wp-content\/uploads\/2021\/02\/motorsport_technical_adjustmens_overview-2048x1152.jpg 2048w\" sizes=\"(max-width: 1920px) 100vw, 1920px\" \/><\/p>\n<p>Et 2019 devient ainsi l\u2019ann\u00e9e la plus r\u00e9ussie de l\u2019histoire de \u0160KODA Motorsport. Les pilotes Kalle\u00a0Rovanper\u00e4 et Jonne\u00a0Halttunen remportent le titre de meilleur pilote et co-pilote WRC\u00a02\u00a0Pro du championnat du monde des rallyes FIA et contribuent grandement \u00e0 la premi\u00e8re place de \u0160KODA Motorsport au classement des fabricants de la cat\u00e9gorie WRC 2 Pro. De plus, les \u00e9quipes clients \u0160KODA remportent cinq championnats des rallyes FIA et 23 titres nationaux.<\/p>\n<p><img decoding=\"async\" class=\"aligncenter  wp-image-21599\" src=\"https:\/\/www.amag-group.ch\/blog\/wp-content\/uploads\/2021\/02\/DZ7_4529-2.jpg\" alt=\"\" width=\"499\" height=\"333\" \/><\/p>\n<h3><strong>2020: ralentissement en raison du coronavirus<\/strong><\/h3>\n<p>Comme le monde entier, le sport automobile doit \u00e9galement appuyer sur la p\u00e9dale de frein afin d\u2019endiguer la propagation de la pand\u00e9mie du coronavirus. Le rallye est aussi fortement touch\u00e9. Tandis que dans certains pays, les championnats nationaux doivent \u00eatre annul\u00e9s, la FIA World Rally Championship peut organiser sept courses en 2020 et la FIA\u00a0European\u00a0Rally\u00a0Championship peut \u00e9galement avoir lieu. <br \/>\nL\u00e0 o\u00f9 les activit\u00e9s de rallye ont \u00e9t\u00e9 possibles, les clients \u0160KODA ont pu se reposer sur l\u2019assistance de la centrale de \u0160KODA Motorsport \u00e0 Mlad\u00e1\u00a0Boleslav.<br \/>\nAinsi, \u0160KODA a pu remporter 14 titres internationaux, r\u00e9gionaux et nationaux, notamment le championnat par \u00e9quipes WRC\u00a02 du championnat du monde des rallyes FIA 2020.<\/p>\n<p><img decoding=\"async\" class=\"aligncenter wp-image-21642 size-full\" src=\"https:\/\/www.amag-group.ch\/blog\/wp-content\/uploads\/2021\/02\/sp_10512-2-scaled-e1612533888505.jpg\" alt=\"\" width=\"1920\" height=\"763\" \/><\/p>\n<p><strong>Et quelle va \u00eatre la suite?<\/strong><\/p>\n<p>Fid\u00e8le \u00e0 la devise \u00abl\u2019immobilisme est synonyme de recul\u00bb, le mod\u00e8le rallye actuel \u0160KODA\u00a0FABIA\u00a0Rally2\u00a0evo va continuer \u00e0 \u00eatre d\u00e9velopp\u00e9 \u00e9galement au pr\u00e9alable de l\u2019ann\u00e9e 2021. Une s\u00e9rie d\u2019am\u00e9liorations techniques vont \u00eatre pr\u00e9sent\u00e9es pour la saison 2021. <br \/>\nLe directeur de \u0160KODA Motorsport, Michal Hrab\u00e1nek, explique: \u00abJusqu\u2019\u00e0 pr\u00e9sent, la \u0160KODA FABIA Rally2 evo a remport\u00e9 plus de 1\u2019255 victoires dans sa cat\u00e9gorie et ses \u00e9quipes se sont plac\u00e9es 2\u2019948 fois sur le podium. Les pi\u00e8ces d\u00e9velopp\u00e9es pour la mise \u00e0 jour 2021 sont faites pour assurer la r\u00e9ussite de nos clients dans le monde entier. Nous avons test\u00e9 de mani\u00e8re compl\u00e8te ces nouveaux composants avec les pilotes Jan\u00a0Kopeck\u00fd, Oliver\u00a0Solberg, Kris\u00a0Meeke, Pontus\u00a0Tidemand, Andreas\u00a0Mikkelsen et Emil\u00a0Lindholm. Je suis convaincu que les mises \u00e0 jour pour 2021 offriront \u00e0 nos clients une \u0160KODA FABIA Rally2 evo encore plus rapide et plus fiable.\u00bb<\/p>\n<p>\u0160KODA Motorsport effectue une r\u00e9trospective sur 120 ann\u00e9es de vitesse, d\u2019innovation et d\u2019esprit combatif. Nous sommes impatients de voir ce que les prochaines 120 ann\u00e9es de sport automobile nous r\u00e9servent et nous souhaitons toujours autant de r\u00e9ussite \u00e0 l\u2019\u00e9quipe \u0160KODA\u00a0Motorsport!<\/p>\n<p><a href=\"https:\/\/www.amag-group.ch\/blog\/fr\/120-ans-de-sport-automobile-skoda-partie-1\/\">En savoir plus sur l&rsquo;histoire dans la premi\u00e8re partie sur \u0160KODA Motorsport<\/a><\/p>\n<p><iframe src=\"https:\/\/www.youtube.com\/embed\/oJySMs_FtCY\" width=\"560\" height=\"315\" frameborder=\"0\" allowfullscreen=\"allowfullscreen\"><\/iframe><\/p>\n","protected":false},"excerpt":{"rendered":"<p>Cette ann\u00e9e, \u0160KODA f\u00eate ses 120 ans dans le sport automobile. Nous souhaitons effectuer une r\u00e9trospective depuis les d\u00e9buts de \u0160KODA Motorsport et pr\u00e9senter cette histoire de succ\u00e8s jusqu\u2019\u00e0 aujourd\u2019hui. La deuxi\u00e8me partie de cette s\u00e9rie sur le blog s\u2019int\u00e9resse \u00e0 l\u2019histoire de la \u0160KODA FABIA dans le sport automobile entre l\u2019ann\u00e9e 2000 et l\u2019\u00e9poque actuelle tout en \u00e9voquant l\u2019avenir de \u0160KODA Motorsport.<\/p>\n","protected":false},"author":79,"featured_media":21657,"comment_status":"open","ping_status":"open","sticky":false,"template":"","format":"standard","meta":{"_acf_changed":false,"inline_featured_image":false,"footnotes":""},"categories":[9590],"tags":[],"class_list":["post-21631","post","type-post","status-publish","format-standard","has-post-thumbnail","hentry","category-histoire-et-tradition"],"acf":[],"_links":{"self":[{"href":"https:\/\/www.amag-group.ch\/blog\/fr\/wp-json\/wp\/v2\/posts\/21631","targetHints":{"allow":["GET"]}}],"collection":[{"href":"https:\/\/www.amag-group.ch\/blog\/fr\/wp-json\/wp\/v2\/posts"}],"about":[{"href":"https:\/\/www.amag-group.ch\/blog\/fr\/wp-json\/wp\/v2\/types\/post"}],"author":[{"embeddable":true,"href":"https:\/\/www.amag-group.ch\/blog\/fr\/wp-json\/wp\/v2\/users\/79"}],"replies":[{"embeddable":true,"href":"https:\/\/www.amag-group.ch\/blog\/fr\/wp-json\/wp\/v2\/comments?post=21631"}],"version-history":[{"count":0,"href":"https:\/\/www.amag-group.ch\/blog\/fr\/wp-json\/wp\/v2\/posts\/21631\/revisions"}],"wp:featuredmedia":[{"embeddable":true,"href":"https:\/\/www.amag-group.ch\/blog\/fr\/wp-json\/wp\/v2\/media\/21657"}],"wp:attachment":[{"href":"https:\/\/www.amag-group.ch\/blog\/fr\/wp-json\/wp\/v2\/media?parent=21631"}],"wp:term":[{"taxonomy":"category","embeddable":true,"href":"https:\/\/www.amag-group.ch\/blog\/fr\/wp-json\/wp\/v2\/categories?post=21631"},{"taxonomy":"post_tag","embeddable":true,"href":"https:\/\/www.amag-group.ch\/blog\/fr\/wp-json\/wp\/v2\/tags?post=21631"}],"curies":[{"name":"wp","href":"https:\/\/api.w.org\/{rel}","templated":true}]}}