{"id":20279,"date":"2020-09-25T13:08:02","date_gmt":"2020-09-25T11:08:02","guid":{"rendered":"https:\/\/www.amag-group.ch\/blog\/?p=20279"},"modified":"2020-09-25T13:08:02","modified_gmt":"2020-09-25T11:08:02","slug":"le-logo-skoda-au-fil-du-temps","status":"publish","type":"post","link":"https:\/\/www.amag-group.ch\/blog\/fr\/le-logo-skoda-au-fil-du-temps\/","title":{"rendered":"Le LOGO \u0160KODA au fil du temps"},"content":{"rendered":"<p>Premi\u00e8re\u00a0\u00e9tape de notre voyage: l\u2019ann\u00e9e\u00a01895, qui signe les d\u00e9buts de la glorieuse histoire de la marque\u00a0\u0160KODA avec le logo ci-dessous, utilis\u00e9 jusqu\u2019en\u00a01905.<\/p>\n<h3><strong>Le logo\u00a0Slavia \u2013 tradition \u00e0 <\/strong><strong>Mlad\u00e1\u00a0Boleslav<\/strong><\/h3>\n<p><a class=\"fancybox-link\" href=\"https:\/\/www.amag-group.ch\/blog\/wp-content\/uploads\/2020\/09\/logo-history-m48-logo-01.jpg\"><img decoding=\"async\" class=\"size-medium wp-image-20261 alignright\" src=\"https:\/\/www.amag-group.ch\/blog\/wp-content\/uploads\/2020\/09\/logo-history-m48-logo-01-620x221.jpg\" alt=\"\" width=\"620\" height=\"221\" srcset=\"https:\/\/www.amag-group.ch\/blog\/wp-content\/uploads\/2020\/09\/logo-history-m48-logo-01-620x221.jpg 620w, https:\/\/www.amag-group.ch\/blog\/wp-content\/uploads\/2020\/09\/logo-history-m48-logo-01-768x274.jpg 768w, https:\/\/www.amag-group.ch\/blog\/wp-content\/uploads\/2020\/09\/logo-history-m48-logo-01.jpg 933w\" sizes=\"(max-width: 620px) 100vw, 620px\" \/><\/a><\/p>\n<p>\u00c0 l\u2019origine, l\u2019entreprise\u00a0\u0160KODA est sp\u00e9cialis\u00e9e dans la fabrication de v\u00e9los. La marque se lancera plus tardivement sur le march\u00e9 des motos. Sur le logo, on aper\u00e7oit une roue, des feuilles de tilleuls qui symbolisent les nations slaves et le nom des deux\u00a0fondateurs de l\u2019entreprise, Laurin et Klement. Ce premier\u00a0logo immortalise \u00e9galement la ville de Mlad\u00e1\u00a0Boleslav, o\u00f9 les voitures de la marque sont encore produites de nos jours.<\/p>\n<h3>La r\u00e9ussite de Laurin et Klement: le logo\u00a0L&amp;K<\/h3>\n<h3><a class=\"fancybox-link\" href=\"https:\/\/www.amag-group.ch\/blog\/wp-content\/uploads\/2020\/09\/logo-history-m48-logo-02.jpg\"><img decoding=\"async\" class=\"size-medium wp-image-20264 alignright\" src=\"https:\/\/www.amag-group.ch\/blog\/wp-content\/uploads\/2020\/09\/logo-history-m48-logo-02-620x221.jpg\" alt=\"\" width=\"620\" height=\"221\" srcset=\"https:\/\/www.amag-group.ch\/blog\/wp-content\/uploads\/2020\/09\/logo-history-m48-logo-02-620x221.jpg 620w, https:\/\/www.amag-group.ch\/blog\/wp-content\/uploads\/2020\/09\/logo-history-m48-logo-02-768x274.jpg 768w, https:\/\/www.amag-group.ch\/blog\/wp-content\/uploads\/2020\/09\/logo-history-m48-logo-02.jpg 933w\" sizes=\"(max-width: 620px) 100vw, 620px\" \/><\/a><\/h3>\n<p>De\u00a01905 \u00e0\u00a01925, l\u2019entreprise est accompagn\u00e9e par le logo\u00a0L&amp;K. Laurin et Klement auraient-ils eu une pr\u00e9monition? Toujours est-il qu\u2019ils ont eux-m\u00eames pr\u00e9dit leur succ\u00e8s et appos\u00e9 leurs initiales au logo entour\u00e9 de lauriers.<\/p>\n<h3>Du quatre-roues au premier logo\u00a0\u0160KODA<\/h3>\n<p><a href=\"https:\/\/www.amag-group.ch\/blog\/wp-content\/uploads\/2020\/09\/logo-history-m48-logo-03.jpg\"><img decoding=\"async\" class=\"alignright wp-image-20267 size-medium\" src=\"https:\/\/www.amag-group.ch\/blog\/wp-content\/uploads\/2020\/09\/logo-history-m48-logo-03-620x221.jpg\" alt=\"\" width=\"620\" height=\"221\" srcset=\"https:\/\/www.amag-group.ch\/blog\/wp-content\/uploads\/2020\/09\/logo-history-m48-logo-03-620x221.jpg 620w, https:\/\/www.amag-group.ch\/blog\/wp-content\/uploads\/2020\/09\/logo-history-m48-logo-03-768x274.jpg 768w, https:\/\/www.amag-group.ch\/blog\/wp-content\/uploads\/2020\/09\/logo-history-m48-logo-03.jpg 933w\" sizes=\"(max-width: 620px) 100vw, 620px\" \/><\/a><\/p>\n<p>Rapidement, la production passe des deux-roues aux quatre-roues. En\u00a01926, le site de Mlad\u00e1\u00a0Boleslav construit pour la premi\u00e8re\u00a0fois des voitures. Un nouveau nom est de circonstance. C\u2019est ainsi qu\u2019est cr\u00e9\u00e9 le premier\u00a0logo avec l\u2019inscription\u00a0\u0160KODA. Ce premier logo\u00a0\u0160KODA, de forme ovale, accompagne la marque de\u00a01926 \u00e0\u00a01933. L\u2019inscription est mise en \u00e9vidence au premier\u00a0plan, le pourtour se pare \u00e0 nouveau de branches de lauriers.<\/p>\n<h3>La fl\u00e8che ail\u00e9e du logo\u00a0\u0160KODA<\/h3>\n<p><a class=\"fancybox-link\" href=\"https:\/\/www.amag-group.ch\/blog\/wp-content\/uploads\/2020\/09\/logo-history-m48-logo-04.jpg\"><img decoding=\"async\" class=\"size-medium wp-image-20270 alignright\" src=\"https:\/\/www.amag-group.ch\/blog\/wp-content\/uploads\/2020\/09\/logo-history-m48-logo-04-620x221.jpg\" alt=\"\" width=\"620\" height=\"221\" srcset=\"https:\/\/www.amag-group.ch\/blog\/wp-content\/uploads\/2020\/09\/logo-history-m48-logo-04-620x221.jpg 620w, https:\/\/www.amag-group.ch\/blog\/wp-content\/uploads\/2020\/09\/logo-history-m48-logo-04-768x274.jpg 768w, https:\/\/www.amag-group.ch\/blog\/wp-content\/uploads\/2020\/09\/logo-history-m48-logo-04.jpg 933w\" sizes=\"(max-width: 620px) 100vw, 620px\" \/><\/a><\/p>\n<p>Le logo \u00e0 la c\u00e9l\u00e8bre \u00abfl\u00e8che ail\u00e9e\u00bb est lui aussi utilis\u00e9 d\u00e8s\u00a01926. Son origine fait la part belle aux rumeurs et aux mythes. Il pourrait par exemple s\u2019agir d\u2019une t\u00eate d\u2019Indien stylis\u00e9e avec sa coiffe \u00e0 cinq\u00a0plumes. On a peine \u00e0 le croire, mais l\u2019origine du logo reste incertaine. L\u2019id\u00e9e fut attribu\u00e9e \u00e0 Tom\u00e1\u0161\u00a0Magli\u010d, le directeur commercial de l\u2019usine\u00a0\u0160KODA \u00e0 Pilsen.<\/p>\n<h3>L\u2019originalit\u00e9 du logo SKODA\u00a0AUTO<\/h3>\n<p><a class=\"fancybox-link\" href=\"https:\/\/www.amag-group.ch\/blog\/wp-content\/uploads\/2020\/09\/logo-history-m48-logo-05.jpg\"><img decoding=\"async\" class=\"size-medium wp-image-20252 alignright\" src=\"https:\/\/www.amag-group.ch\/blog\/wp-content\/uploads\/2020\/09\/logo-history-m48-logo-05-620x221.jpg\" alt=\"\" width=\"620\" height=\"221\" srcset=\"https:\/\/www.amag-group.ch\/blog\/wp-content\/uploads\/2020\/09\/logo-history-m48-logo-05-620x221.jpg 620w, https:\/\/www.amag-group.ch\/blog\/wp-content\/uploads\/2020\/09\/logo-history-m48-logo-05-768x274.jpg 768w, https:\/\/www.amag-group.ch\/blog\/wp-content\/uploads\/2020\/09\/logo-history-m48-logo-05.jpg 933w\" sizes=\"(max-width: 620px) 100vw, 620px\" \/><\/a><\/p>\n<p>Le logo noir et vert utilis\u00e9 depuis\u00a01999 apporte une touche suppl\u00e9mentaire d\u2019originalit\u00e9 \u00e0 la marque\u00a0\u0160KODA. La couleur noire souligne la tradition de plus d\u2019un\u00a0si\u00e8cle de l\u2019entreprise, tandis que le vert est une indication de la production \u00e9cologique.<\/p>\n<h3>Nouveau pouvoir pour le logo\u00a0\u0160KODA<\/h3>\n<p><a class=\"fancybox-link\" href=\"https:\/\/www.amag-group.ch\/blog\/wp-content\/uploads\/2020\/09\/logo-history-m48-logo-06.jpg\"><img decoding=\"async\" class=\"size-medium wp-image-20255 alignright\" src=\"https:\/\/www.amag-group.ch\/blog\/wp-content\/uploads\/2020\/09\/logo-history-m48-logo-06-620x221.jpg\" alt=\"\" width=\"620\" height=\"221\" srcset=\"https:\/\/www.amag-group.ch\/blog\/wp-content\/uploads\/2020\/09\/logo-history-m48-logo-06-620x221.jpg 620w, https:\/\/www.amag-group.ch\/blog\/wp-content\/uploads\/2020\/09\/logo-history-m48-logo-06-768x274.jpg 768w, https:\/\/www.amag-group.ch\/blog\/wp-content\/uploads\/2020\/09\/logo-history-m48-logo-06.jpg 933w\" sizes=\"(max-width: 620px) 100vw, 620px\" \/><\/a><\/p>\n<p>Au Salon international de l\u2019automobile\u00a0(IAA) de\u00a02011, c\u2019est avec le slogan \u00abLe nouveau pouvoir de\u00a0\u0160KODA\u00bb que l\u2019entreprise pr\u00e9sente son nouveau Corporate design, qui se distingue par sa fra\u00eecheur et sa pr\u00e9cision. Le logo traditionnel \u00e0 fl\u00e8che ail\u00e9e est plus distinct et pr\u00e9cis, ses couleurs claires sont plus conviviales.<\/p>\n<h3>\u0160KODA et son \u00e9troite relation au groupe\u00a0VW<\/h3>\n<h3><a class=\"fancybox-link\" href=\"https:\/\/www.amag-group.ch\/blog\/wp-content\/uploads\/2020\/09\/logo-history-m48-logo-07.jpg\"><img decoding=\"async\" class=\"size-medium wp-image-20258 alignright\" src=\"https:\/\/www.amag-group.ch\/blog\/wp-content\/uploads\/2020\/09\/logo-history-m48-logo-07-620x221.jpg\" alt=\"\" width=\"620\" height=\"221\" srcset=\"https:\/\/www.amag-group.ch\/blog\/wp-content\/uploads\/2020\/09\/logo-history-m48-logo-07-620x221.jpg 620w, https:\/\/www.amag-group.ch\/blog\/wp-content\/uploads\/2020\/09\/logo-history-m48-logo-07-768x274.jpg 768w, https:\/\/www.amag-group.ch\/blog\/wp-content\/uploads\/2020\/09\/logo-history-m48-logo-07.jpg 933w\" sizes=\"(max-width: 620px) 100vw, 620px\" \/><\/a><\/h3>\n<p>Le logo nouvellement cr\u00e9\u00e9, introduit au cours de la seconde moiti\u00e9 de l\u2019ann\u00e9e\u00a02016, t\u00e9moigne avant tout de l\u2019\u00e9troite relation entre la marque\u00a0\u0160KODA et le groupe\u00a0VW. La marque verbale \u0160KODA est d\u00e9sormais positionn\u00e9e sous le logo \u00e0 fl\u00e8che ail\u00e9e.<\/p>\n<p>Les logos et la marque\u00a0\u0160KODA n\u2019ont pas fini d\u2019\u00e9voluer. Alors, si on te demande: \u00abQuel est cet embl\u00e8me sur ta voiture?\u00bb, r\u00e9ponds simplement: \u00abUne fl\u00e8che ail\u00e9e.\u00bb<\/p>\n<p><iframe src=\"https:\/\/www.youtube.com\/embed\/ELCjwlY87Q4\" width=\"560\" height=\"315\" frameborder=\"0\" allowfullscreen=\"allowfullscreen\"><\/iframe><\/p>\n<p>&nbsp;<\/p>\n<h2><strong>Liens vers d\u2019autres informations:<\/strong><\/h2>\n<p><span style=\"text-decoration: underline;\"><a href=\"https:\/\/heritage.skoda-auto.com\/en\/logo-evolution\/logo-history\/\" target=\"_blank\" rel=\"noopener noreferrer\">L\u2019\u00e9volution du logo \u0160KODA <\/a><\/span><\/p>\n<p><span style=\"text-decoration: underline;\"><a href=\"https:\/\/www.amag-group.ch\/blog\/fr\/125e-anniversaire-de-skoda-comment-tout-a-commence\/\" target=\"_blank\" rel=\"noopener noreferrer\">125e anniversaire de \u0160KODA: Comment tout a commenc\u00e9<\/a><\/span><\/p>\n<p>&nbsp;<\/p>\n","protected":false},"excerpt":{"rendered":"<p>Au cours de son histoire, le logo de la marque automobile \u0160KODA a connu plusieurs \u00e9volutions significatives. La pr\u00e9sente publication te fera remonter le temps pour revenir sur les diff\u00e9rents logos successifs. <\/p>\n","protected":false},"author":27,"featured_media":20282,"comment_status":"open","ping_status":"open","sticky":false,"template":"","format":"standard","meta":{"_acf_changed":false,"inline_featured_image":false,"footnotes":""},"categories":[9590],"tags":[],"class_list":["post-20279","post","type-post","status-publish","format-standard","has-post-thumbnail","hentry","category-histoire-et-tradition"],"acf":[],"_links":{"self":[{"href":"https:\/\/www.amag-group.ch\/blog\/fr\/wp-json\/wp\/v2\/posts\/20279","targetHints":{"allow":["GET"]}}],"collection":[{"href":"https:\/\/www.amag-group.ch\/blog\/fr\/wp-json\/wp\/v2\/posts"}],"about":[{"href":"https:\/\/www.amag-group.ch\/blog\/fr\/wp-json\/wp\/v2\/types\/post"}],"author":[{"embeddable":true,"href":"https:\/\/www.amag-group.ch\/blog\/fr\/wp-json\/wp\/v2\/users\/27"}],"replies":[{"embeddable":true,"href":"https:\/\/www.amag-group.ch\/blog\/fr\/wp-json\/wp\/v2\/comments?post=20279"}],"version-history":[{"count":0,"href":"https:\/\/www.amag-group.ch\/blog\/fr\/wp-json\/wp\/v2\/posts\/20279\/revisions"}],"wp:featuredmedia":[{"embeddable":true,"href":"https:\/\/www.amag-group.ch\/blog\/fr\/wp-json\/wp\/v2\/media\/20282"}],"wp:attachment":[{"href":"https:\/\/www.amag-group.ch\/blog\/fr\/wp-json\/wp\/v2\/media?parent=20279"}],"wp:term":[{"taxonomy":"category","embeddable":true,"href":"https:\/\/www.amag-group.ch\/blog\/fr\/wp-json\/wp\/v2\/categories?post=20279"},{"taxonomy":"post_tag","embeddable":true,"href":"https:\/\/www.amag-group.ch\/blog\/fr\/wp-json\/wp\/v2\/tags?post=20279"}],"curies":[{"name":"wp","href":"https:\/\/api.w.org\/{rel}","templated":true}]}}