{"id":20177,"date":"2020-09-17T10:24:21","date_gmt":"2020-09-17T08:24:21","guid":{"rendered":"https:\/\/www.amag-group.ch\/blog\/?p=20177"},"modified":"2020-09-17T10:24:22","modified_gmt":"2020-09-17T08:24:22","slug":"une-cyberattaque-que-faire","status":"publish","type":"post","link":"https:\/\/www.amag-group.ch\/blog\/fr\/une-cyberattaque-que-faire\/","title":{"rendered":"Une cyberattaque \u2013 que faire?"},"content":{"rendered":"<p>Lors de la Breakout Session AMAG de cette ann\u00e9e au Swiss Economic Forum organis\u00e9 le\u00a03\u00a0septembre\u00a02020, le sujet des cyberattaques a \u00e9t\u00e9 au c\u0153ur du d\u00e9bat. AMAG aussi, comme bon nombre d\u2019autres entreprises, a fait l\u2019objet d\u2019une attaque cette ann\u00e9e. Il fut alors possible de neutraliser les pirates informatiques \u00e0 temps gr\u00e2ce \u00e0 une information de MELANI, le Centre f\u00e9d\u00e9ral d\u2019enregistrement et d\u2019analyse pour la s\u00fbret\u00e9 de l\u2019information. Aucune donn\u00e9e n\u00a0a \u00e9t\u00e9 d\u00e9rob\u00e9e ni aucun syst\u00e8me encod\u00e9.<\/p>\n<p>\u00c0 titre liminaire, le d\u00e9l\u00e9gu\u00e9 f\u00e9d\u00e9ral \u00e0 la cybers\u00e9curit\u00e9 et responsable du Centre national pour la cybers\u00e9curit\u00e9 (NCSC), Frank Sch\u00fctz, a donn\u00e9 un aper\u00e7u de l\u2019\u00e9ventail complet des menaces actuelles.<\/p>\n<p><a href=\"https:\/\/www.amag-group.ch\/blog\/fr\/cyberattacke-und-dann\/blog_breakout_session_2020_sef_sauter\/\" rel=\"attachment wp-att-20157\"><img decoding=\"async\" class=\"aligncenter size-medium wp-image-20157\" src=\"https:\/\/www.amag-group.ch\/blog\/wp-content\/uploads\/2020\/09\/Blog_Breakout_Session_2020_SEF_Sauter-620x414.jpg\" alt=\"\" width=\"620\" height=\"414\" srcset=\"https:\/\/www.amag-group.ch\/blog\/wp-content\/uploads\/2020\/09\/Blog_Breakout_Session_2020_SEF_Sauter-620x414.jpg 620w, https:\/\/www.amag-group.ch\/blog\/wp-content\/uploads\/2020\/09\/Blog_Breakout_Session_2020_SEF_Sauter-768x512.jpg 768w, https:\/\/www.amag-group.ch\/blog\/wp-content\/uploads\/2020\/09\/Blog_Breakout_Session_2020_SEF_Sauter-720x480.jpg 720w, https:\/\/www.amag-group.ch\/blog\/wp-content\/uploads\/2020\/09\/Blog_Breakout_Session_2020_SEF_Sauter.jpg 1200w\" sizes=\"(max-width: 620px) 100vw, 620px\" \/><\/a><\/p>\n<p>Dans son expos\u00e9 cons\u00e9cutif, Thomas Sauer, CIO\/CDO du groupe AMAG, a expliqu\u00e9 comment AMAG a v\u00e9cu cette cyberattaque, les r\u00e9percussions qu\u2019elle a eues sur les processus et la mani\u00e8re dont elle a \u00e9t\u00e9 contr\u00e9e.<\/p>\n<p><a href=\"https:\/\/www.amag-group.ch\/blog\/fr\/cyberattacke-und-dann\/blog_breakout_session_2020_sef_podium\/\" rel=\"attachment wp-att-20154\"><img decoding=\"async\" class=\"aligncenter size-medium wp-image-20154\" src=\"https:\/\/www.amag-group.ch\/blog\/wp-content\/uploads\/2020\/09\/Blog_Breakout_Session_2020_SEF_Podium-620x414.jpg\" alt=\"\" width=\"620\" height=\"414\" srcset=\"https:\/\/www.amag-group.ch\/blog\/wp-content\/uploads\/2020\/09\/Blog_Breakout_Session_2020_SEF_Podium-620x414.jpg 620w, https:\/\/www.amag-group.ch\/blog\/wp-content\/uploads\/2020\/09\/Blog_Breakout_Session_2020_SEF_Podium-768x512.jpg 768w, https:\/\/www.amag-group.ch\/blog\/wp-content\/uploads\/2020\/09\/Blog_Breakout_Session_2020_SEF_Podium-1536x1024.jpg 1536w, https:\/\/www.amag-group.ch\/blog\/wp-content\/uploads\/2020\/09\/Blog_Breakout_Session_2020_SEF_Podium-2048x1365.jpg 2048w, https:\/\/www.amag-group.ch\/blog\/wp-content\/uploads\/2020\/09\/Blog_Breakout_Session_2020_SEF_Podium-720x480.jpg 720w, https:\/\/www.amag-group.ch\/blog\/wp-content\/uploads\/2020\/09\/Blog_Breakout_Session_2020_SEF_Podium-scaled.jpg 1920w\" sizes=\"(max-width: 620px) 100vw, 620px\" \/><\/a><\/p>\n<p>Dans la discussion qui a suivi, anim\u00e9e par Dino Graf, Directeur de Group Communication d\u2019AMAG, les deux intervenants ont fait le point sur des sujets \u00e9largis, comme ce qui constitue \u2013 du syst\u00e8me ou de l\u2019\u00eatre humain \u2013 le principal maillon faible. Et si des entreprises peuvent vraiment \u00eatre en s\u00e9curit\u00e9 \u00e0 tout moment ou ce que la Conf\u00e9d\u00e9ration entreprend pour lutter contre la cybercriminalit\u00e9.<\/p>\n<p>&nbsp;<\/p>\n<p>&nbsp;<\/p>\n<p>&nbsp;<\/p>\n","protected":false},"excerpt":{"rendered":"<p>Que faire lorsqu\u2019une entreprise subit une cyberattaque? Au Swiss Economic Forum 2020, AMAG a th\u00e9matis\u00e9 ce probl\u00e8me qu\u2019elle a elle-m\u00eame v\u00e9cu.<\/p>\n","protected":false},"author":27,"featured_media":20161,"comment_status":"open","ping_status":"open","sticky":false,"template":"","format":"standard","meta":{"_acf_changed":false,"inline_featured_image":false,"footnotes":""},"categories":[1795],"tags":[],"class_list":["post-20177","post","type-post","status-publish","format-standard","has-post-thumbnail","hentry","category-durabilite"],"acf":[],"_links":{"self":[{"href":"https:\/\/www.amag-group.ch\/blog\/fr\/wp-json\/wp\/v2\/posts\/20177","targetHints":{"allow":["GET"]}}],"collection":[{"href":"https:\/\/www.amag-group.ch\/blog\/fr\/wp-json\/wp\/v2\/posts"}],"about":[{"href":"https:\/\/www.amag-group.ch\/blog\/fr\/wp-json\/wp\/v2\/types\/post"}],"author":[{"embeddable":true,"href":"https:\/\/www.amag-group.ch\/blog\/fr\/wp-json\/wp\/v2\/users\/27"}],"replies":[{"embeddable":true,"href":"https:\/\/www.amag-group.ch\/blog\/fr\/wp-json\/wp\/v2\/comments?post=20177"}],"version-history":[{"count":0,"href":"https:\/\/www.amag-group.ch\/blog\/fr\/wp-json\/wp\/v2\/posts\/20177\/revisions"}],"wp:featuredmedia":[{"embeddable":true,"href":"https:\/\/www.amag-group.ch\/blog\/fr\/wp-json\/wp\/v2\/media\/20161"}],"wp:attachment":[{"href":"https:\/\/www.amag-group.ch\/blog\/fr\/wp-json\/wp\/v2\/media?parent=20177"}],"wp:term":[{"taxonomy":"category","embeddable":true,"href":"https:\/\/www.amag-group.ch\/blog\/fr\/wp-json\/wp\/v2\/categories?post=20177"},{"taxonomy":"post_tag","embeddable":true,"href":"https:\/\/www.amag-group.ch\/blog\/fr\/wp-json\/wp\/v2\/tags?post=20177"}],"curies":[{"name":"wp","href":"https:\/\/api.w.org\/{rel}","templated":true}]}}