{"id":19124,"date":"2020-06-16T09:50:56","date_gmt":"2020-06-16T07:50:56","guid":{"rendered":"https:\/\/www.amag-group.ch\/blog\/?p=19124"},"modified":"2020-06-16T10:25:49","modified_gmt":"2020-06-16T08:25:49","slug":"nouvelle-image-de-marque-pour-das-weltauto-interview-avec-le-chef-de-projet-severin-ganz","status":"publish","type":"post","link":"https:\/\/www.amag-group.ch\/blog\/fr\/nouvelle-image-de-marque-pour-das-weltauto-interview-avec-le-chef-de-projet-severin-ganz\/","title":{"rendered":"Nouvelle image de marque pour Das WeltAuto: Interview avec le chef de projet Severin Ganz"},"content":{"rendered":"<h3><strong>Quelle fut la raison du nouveau lancement?<\/strong><\/h3>\n<p>Ce fut d\u2019une part l\u2019exp\u00e9rience de la marque. Concernant notamment les points de contact num\u00e9riques, l\u2019effet de Das WeltAuto doit \u00eatre visible, perceptible et \u00e9motionnel. Par ailleurs, du point de vue technique, la plateforme en ligne devait \u00e9voluer nettement pour r\u00e9pondre aux exigences des \u00abshopper online\u00bb d\u2019aujourd\u2019hui. Chercher la nouvelle voiture de ses r\u00eaves doit \u00eatre synonyme de plaisir. Un pari heureusement r\u00e9ussi avec la nouvelle plateforme.<\/p>\n<h3><strong>Qu\u2019englobe la nouvelle image de marque? <\/strong><\/h3>\n<p>La marque d\u2019occasion a modernis\u00e9 l\u2019ensemble de son image. Ainsi, le langage visuel a \u00e9t\u00e9 revu tandis que la palette de couleurs et la configuration graphique de la police pour des utilisations num\u00e9riques ont \u00e9t\u00e9 optimis\u00e9es. En plus, la plateforme en ligne aussi a \u00e9t\u00e9 enti\u00e8rement revisit\u00e9e.<\/p>\n<div id=\"attachment_19112\" style=\"width: 630px\" class=\"wp-caption aligncenter\"><img decoding=\"async\" aria-describedby=\"caption-attachment-19112\" class=\"wp-image-19112 size-medium\" src=\"https:\/\/www.amag-group.ch\/blog\/wp-content\/uploads\/2020\/06\/IMG_3498-620x414.jpeg\" alt=\"\" width=\"620\" height=\"414\" srcset=\"https:\/\/www.amag-group.ch\/blog\/wp-content\/uploads\/2020\/06\/IMG_3498-620x414.jpeg 620w, https:\/\/www.amag-group.ch\/blog\/wp-content\/uploads\/2020\/06\/IMG_3498-768x512.jpeg 768w, https:\/\/www.amag-group.ch\/blog\/wp-content\/uploads\/2020\/06\/IMG_3498-720x480.jpeg 720w, https:\/\/www.amag-group.ch\/blog\/wp-content\/uploads\/2020\/06\/IMG_3498.jpeg 1920w\" sizes=\"(max-width: 620px) 100vw, 620px\" \/><p id=\"caption-attachment-19112\" class=\"wp-caption-text\">Le chef de projet Severin Ganz, Marketing Manager Used Car d\u2019AMAG<\/p><\/div>\n<h3><strong>\u00c0 quoi ressemble cette nouvelle pr\u00e9sence en ligne?<\/strong><\/h3>\n<p>La recherche d\u2019une voiture doit \u00eatre conviviale, intuitive et inspirante. Sur la plateforme Das WeltAuto, une fonction de recherche interactive, des pictogrammes, des accentuations color\u00e9es et des fonctionnalit\u00e9s mobiles sont garants d\u2019une navigation meilleure et plus simple. Sur le plan technique aussi, la nouvelle plateforme a \u00e9t\u00e9 am\u00e9lior\u00e9e pour s\u2019adapter aux derni\u00e8res sp\u00e9cifications des terminaux mobiles et moteurs de recherche.<\/p>\n<h3><strong>\u00c0 quoi s\u2019est-on particuli\u00e8rement attach\u00e9?<\/strong><\/h3>\n<p>La plateforme en ligne est a pi\u00e8ce ma\u00eetresse de la nouvelle image de marque. La plateforme se base donc sur les derniers standards des solutions de commerce \u00e9lectronique existantes. En outre, une grande attention a \u00e9t\u00e9 accord\u00e9e \u00e0 ce qu\u2019on appelle le \u00abresponsive webdesign\u00bb. En cons\u00e9quence, les fonctions et la pr\u00e9sentation graphique ont \u00e9t\u00e9 optimis\u00e9es pour r\u00e9pondre aux exigences des appareils mobiles.<\/p>\n<h3><strong>Quels sont les principaux changements et ajustements par rapport \u00e0 la plateforme pr\u00e9c\u00e9dente?<\/strong><\/h3>\n<p>Il ne fait aucune doute que la fonction de recherche interactive est unique. L\u2019utilisateur peut taper diff\u00e9rents termes individuels dans le champ de recherche de la page d\u2019accueil, dans Google par exemple, sans devoir utiliser au pr\u00e9alable une s\u00e9lection de filtre. Exemple: VW Tiguan essence, blanc, traction int\u00e9grale (voir vid\u00e9o).<\/p>\n<p><iframe src=\"https:\/\/amagtv.bbvms.com\/p\/default\/c\/3793286.html?inheritDimensions=true\" width=\"720\" height=\"405\" frameborder=\"0\" allowfullscreen=\"allowfullscreen\"><\/iframe><\/p>\n<h3><strong>Qu\u2019est-ce qui diff\u00e9rencie Das WeltAuto des plateformes concurrentes ? <\/strong><\/h3>\n<p>Chez Das WeltAuto, tous les fournisseurs sont des partenaires officiels des marques Volkswagen, SEAT, \u0160KODA ou Volkswagen V\u00e9hicules Utilitaires. Cela permet aux clients de b\u00e9n\u00e9ficier d\u2019une s\u00e9lection d\u2019occasions de qualit\u00e9 des marques de notre groupe. Les autres plateformes peuvent difficilement offrir ce filtre en mati\u00e8re de qualit\u00e9. De plus, la nouvelle plateforme en ligne est \u00e0 la hauteur des plateformes concurrentes aussi en termes de technologie et de convivialit\u00e9.<\/p>\n<h3><strong>Quels sont les groupes cibles vis\u00e9s?<\/strong><\/h3>\n<p>Les acheteurs int\u00e9ress\u00e9s par des voitures d\u2019occasion rel\u00e8vent de presque tous les segments. Leur point commun, c\u2019est que le processus d\u2019achat commence d\u00e9sormais pratiquement toujours en ligne. Et c\u2019est pr\u00e9cis\u00e9ment l\u00e0 o\u00f9 nous voulons \u00eatre pr\u00e9sents. En modernisant et en optimisant le syst\u00e8me sur les appareils mobiles, nous esp\u00e9rons naturellement attirer de plus en plus une client\u00e8le plus jeune.<\/p>\n<h3><strong>Combien de temps a dur\u00e9 la phase de projet?<\/strong><\/h3>\n<p>La r\u00e9union Kick-Off s\u2019est tenue d\u00e9but f\u00e9vrier 2020 au si\u00e8ge d\u2019AMAG \u00e0 Cham. En d\u2019autres termes, la phase du projet fut relativement courte, avec deux bons mois, pour un r\u00e9sultat plus que satisfaisant.<\/p>\n<h3><strong>Qui a particip\u00e9 au projet?<\/strong><\/h3>\n<p>Pour AMAG, Noah Di Leo \u2013Sales &amp; Marketing Coordinator \u2013 et moi-m\u00eame ont eu la responsabilit\u00e9 du projet. Le support technique a \u00e9t\u00e9 fourni par l\u2019\u00e9quipe de projet du si\u00e8ge de Das WeltAuto (groupe Volkswagen) et par AMAG IT.<\/p>\n<h3><strong>Le projet est-il termin\u00e9 \u00e0 pr\u00e9sent ou la plateforme doit-elle encore \u00eatre modifi\u00e9e?<\/strong><\/h3>\n<p>La phase de test de la plateforme est termin\u00e9e et tout fonctionne du point de vue technique. Une seconde phase va bient\u00f4t \u00eatre introduite, dans laquelle on examinera avec \u00abWeb Analytics\u00bb l\u2019existence \u00e9ventuelle d\u2019un potentiel d\u2019optimisation compl\u00e9mentaire. Ainsi, cela pourrait concerner l\u2019ordre de certains filtres dans la recherche de v\u00e9hicules, \u00e0 d\u00e9placer vers le ou vers le haut selon la fr\u00e9quence d\u2019utilisation. Et puis, deux autres sous-projets sont encore dans les tuyaux.<\/p>\n<h3><strong>Peut-on en savoir plus d\u00e8s aujourd\u2019hui sur ces deux projets?<\/strong><\/h3>\n<p>L\u2019un est un calculateur de leasing que nous voulons int\u00e9grer directement dans la plateforme. Il doit permettre aux clients de calculer directement leur taux de leasing individuel pour le v\u00e9hicule d\u2019occasion s\u00e9lectionn\u00e9. L\u2019autre doit \u00eatre un gestionnaire de campagne d\u00e9di\u00e9, \u00e0 configurer sur le site web. Des actions pour certaines annonces ou marques pourraient \u00eatre mises en avant de la sorte.<\/p>\n<p><span style=\"text-decoration: underline;\"><a href=\"https:\/\/www.dasweltauto.ch\/fr.html\" target=\"_blank\" rel=\"noopener\">Lien vers le site de Das WeltAuto<\/a><\/span><\/p>\n","protected":false},"excerpt":{"rendered":"<p>C\u2019est lors d\u2019une br\u00e8ve interview avec le chef de projet Severin Ganz, Marketing Manager Used Car d\u2019AMAG, que nous en apprenons plus sur la nouvelle image de marque de Das WeltAuto. <\/p>\n","protected":false},"author":63,"featured_media":19107,"comment_status":"open","ping_status":"open","sticky":false,"template":"","format":"standard","meta":{"_acf_changed":false,"inline_featured_image":false,"footnotes":""},"categories":[8120],"tags":[],"class_list":["post-19124","post","type-post","status-publish","format-standard","has-post-thumbnail","hentry","category-voiture-et-technologie"],"acf":[],"_links":{"self":[{"href":"https:\/\/www.amag-group.ch\/blog\/fr\/wp-json\/wp\/v2\/posts\/19124","targetHints":{"allow":["GET"]}}],"collection":[{"href":"https:\/\/www.amag-group.ch\/blog\/fr\/wp-json\/wp\/v2\/posts"}],"about":[{"href":"https:\/\/www.amag-group.ch\/blog\/fr\/wp-json\/wp\/v2\/types\/post"}],"author":[{"embeddable":true,"href":"https:\/\/www.amag-group.ch\/blog\/fr\/wp-json\/wp\/v2\/users\/63"}],"replies":[{"embeddable":true,"href":"https:\/\/www.amag-group.ch\/blog\/fr\/wp-json\/wp\/v2\/comments?post=19124"}],"version-history":[{"count":0,"href":"https:\/\/www.amag-group.ch\/blog\/fr\/wp-json\/wp\/v2\/posts\/19124\/revisions"}],"wp:featuredmedia":[{"embeddable":true,"href":"https:\/\/www.amag-group.ch\/blog\/fr\/wp-json\/wp\/v2\/media\/19107"}],"wp:attachment":[{"href":"https:\/\/www.amag-group.ch\/blog\/fr\/wp-json\/wp\/v2\/media?parent=19124"}],"wp:term":[{"taxonomy":"category","embeddable":true,"href":"https:\/\/www.amag-group.ch\/blog\/fr\/wp-json\/wp\/v2\/categories?post=19124"},{"taxonomy":"post_tag","embeddable":true,"href":"https:\/\/www.amag-group.ch\/blog\/fr\/wp-json\/wp\/v2\/tags?post=19124"}],"curies":[{"name":"wp","href":"https:\/\/api.w.org\/{rel}","templated":true}]}}