{"id":18995,"date":"2020-06-03T15:24:40","date_gmt":"2020-06-03T13:24:40","guid":{"rendered":"https:\/\/www.amag-group.ch\/blog\/?p=18995"},"modified":"2020-06-03T15:24:42","modified_gmt":"2020-06-03T13:24:42","slug":"pleins-feux-sur-les-collaborateurs-erich-kuendig","status":"publish","type":"post","link":"https:\/\/www.amag-group.ch\/blog\/fr\/pleins-feux-sur-les-collaborateurs-erich-kuendig\/","title":{"rendered":"Pleins feux sur les collaborateurs: Erich K\u00fcndig"},"content":{"rendered":"<p>Pour notre rubrique \u00abPleins feux sur les collaborateurs\u00bb, nous rencontrons Erich K\u00fcndig dans le showroom de Bentley Zoug \u00e0 Cham. En tant que responsable de marque, il a en charge la vente des v\u00e9hicules de la marque de prestige britannique. Durant l\u2019entretien, il nous \u00e9voque les aspects passionnants de son job et de sa vie.<\/p>\n<h3><strong>Si tu devais donner deux conseils \u00e0 celui que tu \u00e9tais \u00e0 14 ans?<\/strong><\/h3>\n<p>La question est difficile. \u00c0 l\u2019\u00e9poque, je m\u2019int\u00e9ressais essentiellement au sport et \u00e0 faire de la m\u00e9canique sur des cyclomoteurs. Et c\u2019est justement ce constat qui a alors conduit mon p\u00e8re \u00e0 m\u2019inciter \u00e0 b\u00e2tir mes projets d\u2019avenir autour de mes centres d\u2019int\u00e9r\u00eat. \u00c7a, c\u2019est mon conseil num\u00e9ro 1! C\u00f4t\u00e9 football, je n\u2019avais certes pas atteint le sommet, mais je n\u2019ai pas perdu \u00e0 ce jour la passion qui m\u2019animait.<\/p>\n<p>Dans un monde o\u00f9 les informations sont sans limites, un enseignant bien intentionn\u00e9 m\u2019a formul\u00e9 autrefois la phrase suivante pour accompagner mon parcours dans la vie: \u00abOn n\u2019a pas besoin de tout savoir. On doit simplement savoir o\u00f9 on en est\u00bb. Voici mon conseil num\u00e9ro 2!<\/p>\n<h3><strong>Quelles sont les attributions de la fonction de responsable de la marque chez Bentley?<\/strong><\/h3>\n<p>L\u2019une de mes principales attributions est la vente de ces v\u00e9hicules haut de gamme. Le souhait d\u2019une individualisation maximale de chaque voiture va croissant. Sur une Bentley, \u00e7a d\u00e9passe largement les jantes, la peinture ext\u00e9rieure ou la couleur de l\u2019habitacle. C\u2019est absolument captivant de pouvoir r\u00e9pondre aux besoins et aux desiderata de chaque client ou cliente en le ou la conseillant en sa qualit\u00e9 de nouveau \u00abmembre de la famille\u00bb.<\/p>\n<p>La diff\u00e9rence primordiale concernant la vente, comparativement \u00e0 d\u2019autres marques d\u2019AMAG, c\u2019est que nous achetons l\u2019ensemble de nos voitures neuves directement \u00e0 l\u2019usine de Bentley Motors Ltd \u00e0 Crewe, en Angleterre. Pour garantir que tout se passe toujours impeccablement ce processus implique naturellement quantit\u00e9 d\u2019autres t\u00e2ches. Des contacts permanents avec le constructeur, le transporteur et l\u2019agence en douane sont indispensables.<\/p>\n<p>La gestion des stocks et la commercialisation de nos v\u00e9hicules neufs et d\u2019occasion font en plus partie de mon quotidien.<\/p>\n<h3><strong>Qu\u2019est-ce qui te pla\u00eet le plus dans ton travail?<\/strong><\/h3>\n<p>J\u2019aime les gens et la technologie automobile de pointe. Mon objectif premier, c\u2019est la satisfaction des conducteurs et conductrices de Bentley. Chez nous, la client\u00e8le est la priorit\u00e9 absolue. Travailler pour Bentley Zoug signifie pour moi bien davantage qu\u2019un simple m\u00e9tier. C\u2019est une philosophie de vie. J\u2019ai d\u00e9couvert cet aspect lors de ma premi\u00e8re formation Bentley, \u00e0 Crewe. Cette formation avait alors \u00e9t\u00e9 judicieusement annonc\u00e9e sous le slogan \u00abBecoming Bentley\u00bb.<\/p>\n<p>Les nouvelles recrues sont alors invit\u00e9es \u00e0 passer quelques jours dans les sacro-saints ateliers de Bentley. Ils c\u00f4toient pendant des heures et des jours des collaborateurs qui travaillent pour Bentley parfois depuis des d\u00e9cennies, voire de g\u00e9n\u00e9ration en g\u00e9n\u00e9ration, et qui en sont tout bonnement enthousiasm\u00e9s. Cet enthousiasme m\u2019a contamin\u00e9.<a href=\"https:\/\/www.amag-group.ch\/blog\/fr\/pleins-feux-sur-les-collaborateurs-erich-kuendig\/img_3297-2\/\" rel=\"attachment wp-att-18990\"><img decoding=\"async\" class=\"size-medium wp-image-18990 alignleft\" src=\"https:\/\/www.amag-group.ch\/blog\/wp-content\/uploads\/2020\/06\/IMG_3297-e1591189774324-276x414.jpg\" alt=\"\" width=\"276\" height=\"414\" srcset=\"https:\/\/www.amag-group.ch\/blog\/wp-content\/uploads\/2020\/06\/IMG_3297-e1591189774324-276x414.jpg 276w, https:\/\/www.amag-group.ch\/blog\/wp-content\/uploads\/2020\/06\/IMG_3297-e1591189774324-768x1152.jpg 768w, https:\/\/www.amag-group.ch\/blog\/wp-content\/uploads\/2020\/06\/IMG_3297-e1591189774324.jpg 1280w\" sizes=\"(max-width: 276px) 100vw, 276px\" \/><\/a><\/p>\n<h3><strong>Depuis combien de temps travailles-tu pour Bentley Zoug?<\/strong><\/h3>\n<p>Sur notre site, nous sommes un concessionnaire officiel de Bentley Motors depuis juillet 2013 et je suis l\u00e0 depuis le d\u00e9but.<\/p>\n<h3><strong>Quel est ton parcours professionnel jusqu\u2019\u00e0 ce jour?<\/strong><\/h3>\n<p>Mon oncle avait un petit atelier de r\u00e9paration d\u2019oldtimers. Enfant d\u00e9j\u00e0, je passais \u00e9norm\u00e9ment de temps sur ces voitures durant mon temps libre. Gr\u00e2ce \u00e0 mon p\u00e8re, j\u2019ai suivi ensuite un apprentissage d\u2019\u00e9lectricien en automobiles. Les voitures, les motos et l\u2019\u00e9lectronique m\u2019ont toujours fascin\u00e9. Aujourd\u2019hui encore, je suis reconnaissant \u00e0 mon p\u00e8re de ce sage conseil.<\/p>\n<p>Pouss\u00e9 par la curiosit\u00e9, j\u2019ai effectu\u00e9 un apprentissage suppl\u00e9mentaire de m\u00e9canicien en automobiles juste apr\u00e8s ma formation professionnelle. Apr\u00e8s quoi j\u2019ai chang\u00e9 pour le service client\u00e8le o\u00f9 je suis rest\u00e9 trois ans. Durant cette p\u00e9riode, j\u2019ai acquis les comp\u00e9tences commerciales n\u00e9cessaires, en marge de mon activit\u00e9 professionnelle. Puis j\u2019ai trouv\u00e9 ma voie dans la vente et j\u2019ai pu \u0153uvrer pendant dix ans pour AMAG Utoquai et Audi. Une p\u00e9riode passionnante et particuli\u00e8rement riche en enseignements, que je consid\u00e8re r\u00e9trospectivement avec plaisir.<\/p>\n<h3><strong>Que dirais-tu \u00e0 ton meilleur ami au sujet d\u2019AMAG?<\/strong><\/h3>\n<p>Je suis convaincu, surtout par des temps difficiles comme actuellement avec la crise du coronavirus, que le bon grain se s\u00e9parera de l\u2019ivraie sur le march\u00e9 de l\u2019emploi. Par cons\u00e9quent, je suis heureux et fier de pouvoir travailler pour une entreprise o\u00f9 les employ\u00e9s sont vraiment mis au premier plan. \u00c0 savoir pour AMAG, un prestataire de mobilit\u00e9 compl\u00e8te qui est remarquablement positionn\u00e9 dans tout le pays.<\/p>\n<h3><strong>Que fais-tu pendant ton temps libre?<\/strong><\/h3>\n<p>Je passe beaucoup de temps avec et sur ma Harley. Une passion qui m\u2019accompagne depuis pas mal d\u2019ann\u00e9es d\u00e9j\u00e0. Mais avant tout, je profite volontiers de mon temps libre avec ma famille. \u00c0 deux roues ou sur quatre roues, \u00e0 pied ou \u00e0 jouer dans le jardin, le temps pass\u00e9 ensemble est ce qu\u2019il y a de plus beau pour moi et \u00e7a me donne l\u2019\u00e9nergie n\u00e9cessaire pour affronter le quotidien.<\/p>\n<h3><strong>Ce que je voudrais ajouter?<\/strong><\/h3>\n<p>MERCI! Merci \u00e0 AMAG et \u00e0 mes coll\u00e8gues pour la confiance pr\u00e9cieuse dont je jouis chaque jour depuis 18 ans d\u00e9j\u00e0. Sans oublier: \u00abPrenez soin de vous\u00bb<\/p>\n","protected":false},"excerpt":{"rendered":"<p>Erich K\u00fcndig travaille chez AMAG depuis 18 ans. Il est responsable de marque chez Bentley Zoug. L\u2019usine appartient \u00e9galement \u00e0 AMAG Automobiles et Moteurs SA. <\/p>\n","protected":false},"author":27,"featured_media":18987,"comment_status":"open","ping_status":"open","sticky":false,"template":"","format":"standard","meta":{"_acf_changed":false,"inline_featured_image":false,"footnotes":""},"categories":[1786],"tags":[],"class_list":["post-18995","post","type-post","status-publish","format-standard","has-post-thumbnail","hentry","category-emplois-et-carriere"],"acf":[],"_links":{"self":[{"href":"https:\/\/www.amag-group.ch\/blog\/fr\/wp-json\/wp\/v2\/posts\/18995","targetHints":{"allow":["GET"]}}],"collection":[{"href":"https:\/\/www.amag-group.ch\/blog\/fr\/wp-json\/wp\/v2\/posts"}],"about":[{"href":"https:\/\/www.amag-group.ch\/blog\/fr\/wp-json\/wp\/v2\/types\/post"}],"author":[{"embeddable":true,"href":"https:\/\/www.amag-group.ch\/blog\/fr\/wp-json\/wp\/v2\/users\/27"}],"replies":[{"embeddable":true,"href":"https:\/\/www.amag-group.ch\/blog\/fr\/wp-json\/wp\/v2\/comments?post=18995"}],"version-history":[{"count":0,"href":"https:\/\/www.amag-group.ch\/blog\/fr\/wp-json\/wp\/v2\/posts\/18995\/revisions"}],"wp:featuredmedia":[{"embeddable":true,"href":"https:\/\/www.amag-group.ch\/blog\/fr\/wp-json\/wp\/v2\/media\/18987"}],"wp:attachment":[{"href":"https:\/\/www.amag-group.ch\/blog\/fr\/wp-json\/wp\/v2\/media?parent=18995"}],"wp:term":[{"taxonomy":"category","embeddable":true,"href":"https:\/\/www.amag-group.ch\/blog\/fr\/wp-json\/wp\/v2\/categories?post=18995"},{"taxonomy":"post_tag","embeddable":true,"href":"https:\/\/www.amag-group.ch\/blog\/fr\/wp-json\/wp\/v2\/tags?post=18995"}],"curies":[{"name":"wp","href":"https:\/\/api.w.org\/{rel}","templated":true}]}}