{"id":18335,"date":"2020-04-15T08:32:12","date_gmt":"2020-04-15T06:32:12","guid":{"rendered":"https:\/\/www.amag-group.ch\/blog\/?p=18335"},"modified":"2020-04-15T08:32:14","modified_gmt":"2020-04-15T06:32:14","slug":"cupra-de-la-ligne-dequipement-a-la-marque-propre","status":"publish","type":"post","link":"https:\/\/www.amag-group.ch\/blog\/fr\/cupra-de-la-ligne-dequipement-a-la-marque-propre\/","title":{"rendered":"CUPRA \u2013 de la ligne d\u2019\u00e9quipement \u00e0 la marque propre"},"content":{"rendered":"<p>J\u2019ai eu mon premier contact avec CUPRA dans les ann\u00e9es\u00a02000. Je traversais le Jura bernois au volant du mod\u00e8le sportif d\u2019un concurrent, quand soudain une voiture jaune est apparue derri\u00e8re moi,manifestement anim\u00e9e par le plus grand d\u00e9sir de mesurer la puissance de nos moteurs. Cette voiture \u00e9tait une Leon CUPRA. Je n\u2019ai pas r\u00e9pondu \u00e0 ses appels et j\u2019ai laiss\u00e9 passer la Leon CUPRA. M\u00eame aujourd\u2019hui, je suis encore r\u00e9ticent \u00e0 ce genre de \u00abcourses automobiles\u00bb, car elles sont dangereuses et inutiles.<\/p>\n<p>Depuis lors, CUPRA a connu une \u00e9volution consid\u00e9rable: non seulement la couleur jaune a \u00e9t\u00e9 supprim\u00e9e de la palette de couleurs de la CUPRA, mais le logo SEAT \u00e0 l\u2019arri\u00e8re des mod\u00e8les sportifs de CUPRA a \u00e9galement disparu pour laisser place \u00e0 son propre logo. Depuis\u00a02018, CUPRA n\u2019est plus seulement la ligne d\u2019\u00e9quipement sportif de SEAT mais une marque ind\u00e9pendante (voir l\u2019article du blog <span style=\"text-decoration: underline;\"><a href=\"https:\/\/www.amag-group.ch\/blog\/fr\/cupra-une-nouvelle-marque-revolutionne-lindustrie-automobile\/\" target=\"_blank\" rel=\"noopener\">CUPRA:<\/a><a href=\"https:\/\/www.amag-group.ch\/blog\/fr\/cupra-une-nouvelle-marque-revolutionne-lindustrie-automobile\/\" target=\"_blank\" rel=\"noopener\"> une nouvelle marque r\u00e9volutionne le milieu<\/a><\/span>)<\/p>\n<p>L\u2019\u00e9quipe de CUPRA a beaucoup travaill\u00e9 depuis les d\u00e9buts de la marque en\u00a02018. Cette ann\u00e9e, elle prouve son potentiel avec une gamme de mod\u00e8les plus large. Outre lesucc\u00e8s de la CUPRA Ateca, la premi\u00e8re CUPRA Leon, en version compacte \u00e0 cinq portes et en version break Sportstourer , a r\u00e9cemment \u00e9t\u00e9 pr\u00e9sent\u00e9e aux m\u00e9dias.<\/p>\n\n\t\t<style type=\"text\/css\">\n\t\t\t#gallery-1 {\n\t\t\t\tmargin: auto;\n\t\t\t}\n\t\t\t#gallery-1 .gallery-item {\n\t\t\t\tfloat: left;\n\t\t\t\tmargin-top: 10px;\n\t\t\t\ttext-align: center;\n\t\t\t\twidth: 25%;\n\t\t\t}\n\t\t\t#gallery-1 img {\n\t\t\t\tborder: 2px solid #cfcfcf;\n\t\t\t}\n\t\t\t#gallery-1 .gallery-caption {\n\t\t\t\tmargin-left: 0;\n\t\t\t}\n\t\t\t\/* see gallery_shortcode() in wp-includes\/media.php *\/\n\t\t<\/style>\n\t\t<div id='gallery-1' class='gallery galleryid-18335 gallery-columns-4 gallery-size-medium'><dl class='gallery-item'>\n\t\t\t<dt class='gallery-icon landscape'>\n\t\t\t\t<a href='https:\/\/www.amag-group.ch\/blog\/wp-content\/uploads\/2020\/04\/Slider-Covers-come-off-the-CUPRA-Formentor_04_HQ.jpg'><img decoding=\"async\" width=\"620\" height=\"402\" src=\"https:\/\/www.amag-group.ch\/blog\/wp-content\/uploads\/2020\/04\/Slider-Covers-come-off-the-CUPRA-Formentor_04_HQ-620x402.jpg\" class=\"attachment-medium size-medium\" alt=\"\" srcset=\"https:\/\/www.amag-group.ch\/blog\/wp-content\/uploads\/2020\/04\/Slider-Covers-come-off-the-CUPRA-Formentor_04_HQ-620x402.jpg 620w, https:\/\/www.amag-group.ch\/blog\/wp-content\/uploads\/2020\/04\/Slider-Covers-come-off-the-CUPRA-Formentor_04_HQ-768x498.jpg 768w, https:\/\/www.amag-group.ch\/blog\/wp-content\/uploads\/2020\/04\/Slider-Covers-come-off-the-CUPRA-Formentor_04_HQ.jpg 1920w\" sizes=\"(max-width: 620px) 100vw, 620px\" \/><\/a>\n\t\t\t<\/dt><\/dl><dl class='gallery-item'>\n\t\t\t<dt class='gallery-icon landscape'>\n\t\t\t\t<a href='https:\/\/www.amag-group.ch\/blog\/wp-content\/uploads\/2020\/04\/Slider-CUPRA-Ateca.jpg'><img decoding=\"async\" width=\"620\" height=\"414\" src=\"https:\/\/www.amag-group.ch\/blog\/wp-content\/uploads\/2020\/04\/Slider-CUPRA-Ateca-620x414.jpg\" class=\"attachment-medium size-medium\" alt=\"\" srcset=\"https:\/\/www.amag-group.ch\/blog\/wp-content\/uploads\/2020\/04\/Slider-CUPRA-Ateca-620x414.jpg 620w, https:\/\/www.amag-group.ch\/blog\/wp-content\/uploads\/2020\/04\/Slider-CUPRA-Ateca-768x512.jpg 768w, https:\/\/www.amag-group.ch\/blog\/wp-content\/uploads\/2020\/04\/Slider-CUPRA-Ateca-720x480.jpg 720w, https:\/\/www.amag-group.ch\/blog\/wp-content\/uploads\/2020\/04\/Slider-CUPRA-Ateca.jpg 1920w\" sizes=\"(max-width: 620px) 100vw, 620px\" \/><\/a>\n\t\t\t<\/dt><\/dl><dl class='gallery-item'>\n\t\t\t<dt class='gallery-icon landscape'>\n\t\t\t\t<a href='https:\/\/www.amag-group.ch\/blog\/wp-content\/uploads\/2020\/04\/Slider-CUPRA-Leon-Competicion_05H.jpg'><img decoding=\"async\" width=\"620\" height=\"349\" src=\"https:\/\/www.amag-group.ch\/blog\/wp-content\/uploads\/2020\/04\/Slider-CUPRA-Leon-Competicion_05H-620x349.jpg\" class=\"attachment-medium size-medium\" alt=\"\" srcset=\"https:\/\/www.amag-group.ch\/blog\/wp-content\/uploads\/2020\/04\/Slider-CUPRA-Leon-Competicion_05H-620x349.jpg 620w, https:\/\/www.amag-group.ch\/blog\/wp-content\/uploads\/2020\/04\/Slider-CUPRA-Leon-Competicion_05H-768x432.jpg 768w, https:\/\/www.amag-group.ch\/blog\/wp-content\/uploads\/2020\/04\/Slider-CUPRA-Leon-Competicion_05H.jpg 1920w\" sizes=\"(max-width: 620px) 100vw, 620px\" \/><\/a>\n\t\t\t<\/dt><\/dl><dl class='gallery-item'>\n\t\t\t<dt class='gallery-icon landscape'>\n\t\t\t\t<a href='https:\/\/www.amag-group.ch\/blog\/wp-content\/uploads\/2020\/04\/Slider-CUPRA_Leon-Sportstourer.jpg'><img decoding=\"async\" width=\"620\" height=\"402\" src=\"https:\/\/www.amag-group.ch\/blog\/wp-content\/uploads\/2020\/04\/Slider-CUPRA_Leon-Sportstourer-620x402.jpg\" class=\"attachment-medium size-medium\" alt=\"\" srcset=\"https:\/\/www.amag-group.ch\/blog\/wp-content\/uploads\/2020\/04\/Slider-CUPRA_Leon-Sportstourer-620x402.jpg 620w, https:\/\/www.amag-group.ch\/blog\/wp-content\/uploads\/2020\/04\/Slider-CUPRA_Leon-Sportstourer-768x498.jpg 768w, https:\/\/www.amag-group.ch\/blog\/wp-content\/uploads\/2020\/04\/Slider-CUPRA_Leon-Sportstourer.jpg 1920w\" sizes=\"(max-width: 620px) 100vw, 620px\" \/><\/a>\n\t\t\t<\/dt><\/dl><br style=\"clear: both\" \/>\n\t\t<\/div>\n\n<p>CUPRA s\u2019int\u00e9resse \u00e9galement \u00e0 l\u2019\u00e9lectrification. Les nouveaux mod\u00e8les CUPRA Leon sont propos\u00e9s en tant qu\u2019hybrides plug-in. Comme la nouvelle CUPRA Formentor, le premier mod\u00e8le CUPRA ind\u00e9pendant. Wayne Griffiths, CEO de CUPRA et Directeur Marketing et Vente de SEAT\u00a0S.A., commente le d\u00e9veloppement de la marque: \u00abLes r\u00e9sultats des deux derni\u00e8res ann\u00e9es, avec pr\u00e8s de 40\u2019000\u00a0v\u00e9hicules vendus, d\u00e9montrent le potentiel de la marque. CUPRA se d\u00e9veloppe plus rapidement que pr\u00e9vu. Une nouvelle \u00e8re commence maintenant et nous voulons prouver que la sportivit\u00e9 et la mobilit\u00e9 \u00e9lectrique ne s\u2019excluent pas mutuellement.\u00bb<\/p>\n<p>CUPRA prouve que ses engagements sont suivis d\u2019actions concr\u00e8tes avec le d\u00e9veloppement de la premi\u00e8re voiture de tourisme enti\u00e8rement \u00e9lectrique \u2013 l\u2019e-Racer. Cette voiture participera au nouveau championnat ETCR, la premi\u00e8re s\u00e9rie de courses d\u00e9velopp\u00e9e sp\u00e9cifiquement pour les voitures de tourisme \u00e9lectriques, qui sera lanc\u00e9e en\u00a02021. CUPRA est un nom connu depuis longtemps dans le sport automobile \u2013 c\u2019\u00e9tait d\u00e9j\u00e0 le cas<a href=\"https:\/\/www.amag-group.ch\/blog\/fr\/cupra-de-la-ligne-dequipement-a-la-marque-propre\/cupra-e-racer_08h-kopie-2\/\" rel=\"attachment wp-att-18317\"><img decoding=\"async\" class=\"alignright size-medium wp-image-18317\" src=\"https:\/\/www.amag-group.ch\/blog\/wp-content\/uploads\/2020\/04\/CUPRA-e-Racer_08H-Kopie-620x349.jpg\" alt=\"\" width=\"620\" height=\"349\" srcset=\"https:\/\/www.amag-group.ch\/blog\/wp-content\/uploads\/2020\/04\/CUPRA-e-Racer_08H-Kopie-620x349.jpg 620w, https:\/\/www.amag-group.ch\/blog\/wp-content\/uploads\/2020\/04\/CUPRA-e-Racer_08H-Kopie-768x432.jpg 768w, https:\/\/www.amag-group.ch\/blog\/wp-content\/uploads\/2020\/04\/CUPRA-e-Racer_08H-Kopie.jpg 1920w\" sizes=\"(max-width: 620px) 100vw, 620px\" \/><\/a> quand je s\u00e9vissais dans le Jura bernois il y a pr\u00e8s de 20\u00a0ans!! \u2013 et le sport continuera d\u2019\u00eatre une priorit\u00e9 pour la marque. Avec la nouvelle CUPRA Competici\u00f3n, d\u00e9voil\u00e9e en f\u00e9vrier, CUPRA dispose d\u2019un v\u00e9hicule universel sur la grille de d\u00e9part qui est aussi \u00e0 l\u2019aise sur les circuits de course du monde entier dans les s\u00e9ries\u00a0TCR que dans les courses d\u2019endurance. Jaime Puig, Directeur de CUPRA Racing, ne cache pas sa fiert\u00e9: \u00abCUPRA a toujours \u00e9t\u00e9 une pionni\u00e8re dans le monde du sport automobile. Avec la CUPRA Leon Competici\u00f3n et la CUPRA e-Racer, nous innovons dans le domaine du sport automobile et nous voulons placer la barre encore plus haut. Ces deux v\u00e9hicules sont comp\u00e9titifs au plus haut niveau et r\u00e9pondent aux exigences les plus \u00e9lev\u00e9es en mati\u00e8re de technologie et de performance. Ils ont \u00e9t\u00e9 d\u00e9velopp\u00e9s explicitement pour les s\u00e9ries\u00a0TCR et ETCR, et sont parfaitement adapt\u00e9s.\u00bb<\/p>\n<p>Les v\u00e9hicules sont construits au garage CUPRA situ\u00e9 \u00e0 Martorell pr\u00e8s de Barcelone, juste \u00e0 c\u00f4t\u00e9 du tout nouveau si\u00e8ge de CUPRA.<\/p>\n<p><a href=\"https:\/\/www.amag-group.ch\/blog\/fr\/?attachment_id=18319\" rel=\"attachment wp-att-18319\"><img decoding=\"async\" class=\"aligncenter size-medium wp-image-18319\" src=\"https:\/\/www.amag-group.ch\/blog\/wp-content\/uploads\/2020\/04\/CUPRA_HQ_02-620x380.jpg\" alt=\"\" width=\"620\" height=\"380\" srcset=\"https:\/\/www.amag-group.ch\/blog\/wp-content\/uploads\/2020\/04\/CUPRA_HQ_02-620x380.jpg 620w, https:\/\/www.amag-group.ch\/blog\/wp-content\/uploads\/2020\/04\/CUPRA_HQ_02-768x470.jpg 768w, https:\/\/www.amag-group.ch\/blog\/wp-content\/uploads\/2020\/04\/CUPRA_HQ_02.jpg 1920w\" sizes=\"(max-width: 620px) 100vw, 620px\" \/><\/a><\/p>\n<p>200\u00a0employ\u00e9s motiv\u00e9s y travaillent sur l\u2019avenir de la marque. Outre ses produits et ses activit\u00e9s dans le domaine des sports automobiles, CUPRA est \u00e9galement impliqu\u00e9e dans le secteur de l\u2019exp\u00e9rience. Depuis l\u2019ann\u00e9e derni\u00e8re, la marque est partenaire mobilit\u00e9 du FC\u00a0Barcelone, le prestigieux club de football. Marc-Andr\u00e9 ter Stegen, gardien de but du FC\u00a0Barcelone, a r\u00e9cemment rejoint le groupe en tant que nouvel ambassadeur de la marque mondiale. En outre, CUPRA s\u2019est donn\u00e9 pour mission de soutenir le padel, un sport tr\u00e8s populaire en Espagne. Une s\u00e9lection de produits Lifestyle est \u00e9galement disponible pour les amateurs de la marque.<\/p>\n<p><a href=\"https:\/\/www.amag-group.ch\/blog\/fr\/?attachment_id=18325\" rel=\"attachment wp-att-18325\"><img decoding=\"async\" class=\"aligncenter size-medium wp-image-18325\" src=\"https:\/\/www.amag-group.ch\/blog\/wp-content\/uploads\/2020\/04\/CUPRA-takes-the-padel-court-by-storm-with-four-ambassadors_02_HQ-1-620x414.jpg\" alt=\"\" width=\"620\" height=\"414\" srcset=\"https:\/\/www.amag-group.ch\/blog\/wp-content\/uploads\/2020\/04\/CUPRA-takes-the-padel-court-by-storm-with-four-ambassadors_02_HQ-1-620x414.jpg 620w, https:\/\/www.amag-group.ch\/blog\/wp-content\/uploads\/2020\/04\/CUPRA-takes-the-padel-court-by-storm-with-four-ambassadors_02_HQ-1-768x512.jpg 768w, https:\/\/www.amag-group.ch\/blog\/wp-content\/uploads\/2020\/04\/CUPRA-takes-the-padel-court-by-storm-with-four-ambassadors_02_HQ-1-720x480.jpg 720w, https:\/\/www.amag-group.ch\/blog\/wp-content\/uploads\/2020\/04\/CUPRA-takes-the-padel-court-by-storm-with-four-ambassadors_02_HQ-1.jpg 1920w\" sizes=\"(max-width: 620px) 100vw, 620px\" \/><\/a><\/p>\n<p>A l\u2019instar de l\u2019exclusivit\u00e9 de CUPRA, des coop\u00e9rations passionnantes sont pr\u00e9vues: Avec CHISPA, le fabricant de luminaires Marset a pr\u00e9sent\u00e9 une lampe portable con\u00e7ue exclusivement selon les sp\u00e9cifications de CUPRA. Depuis son lancement, CUPRA a \u00e9galement \u00e9largi sa gamme de sacs, d\u2019accessoires et de lunettes de soleil, qui sont produits par les fabricants italiens TRAKATAN et L.G.R.\u00a0<\/p>\n<p>En deux ans seulement, CUPRA a r\u00e9ussi \u00e0 s\u2019imposer comme une marque et \u00e0 inspirer ses clients. Les Suisses appr\u00e9cient \u00e9galement les valeurs d\u2019exclusivit\u00e9, d\u2019\u00e9l\u00e9gance et de performance. C\u2019est pourquoi CUPRA a \u00e9t\u00e9 la premi\u00e8re \u00e0 pr\u00e9senter ses nouveaux mod\u00e8les \u00e0 un public plus large au Salon de l\u2019automobile de Gen\u00e8ve. Pas \u00e9tonnant: la Suisse est l\u2019un des march\u00e9s les plus importants pour CUPRA. CUPRA a trouv\u00e9 un parfait ambassadeur en Suisse en la personne du pilote de course et entra\u00eeneur Fredy Barth. Les CUPRA Track Days ont eu lieu sous son patronage l\u2019ann\u00e9e derni\u00e8re en Alsace sur l\u2019Anneau du Rhin.<\/p>\n<p>Bien que je sois un \u00abfrein \u00e0 plaisir\u00bb sur les routes publiques et que je refuse de r\u00e9pondre aux provocations de course, j\u2019ai mis ma CUPRA Ateca \u00e0 l\u2019\u00e9preuve lors des CUPRA Track Days sous la direction de Fredy Barth et de son \u00e9quipe &#8211; m\u00eame sans avoir \u00e9t\u00e9 d\u00e9fi\u00e9 au pr\u00e9alable. Cela, bien s\u00fbr, dans le cadre s\u00e9curis\u00e9 du circuit et sans aucun radar mal plac\u00e9.<\/p>\n<p>&nbsp;<\/p>\n","protected":false},"excerpt":{"rendered":"<p>De la ligne d\u2019\u00e9quipement sportive de SEAT \u00e0 une marque ind\u00e9pendante, CUPRA a connu un d\u00e9veloppement remarquable. Que s\u2019est-il pass\u00e9 depuis la cr\u00e9ation de la marque de voitures de sport en 2018?<\/p>\n","protected":false},"author":68,"featured_media":18330,"comment_status":"open","ping_status":"open","sticky":false,"template":"","format":"standard","meta":{"_acf_changed":false,"inline_featured_image":false,"footnotes":""},"categories":[9590],"tags":[],"class_list":["post-18335","post","type-post","status-publish","format-standard","has-post-thumbnail","hentry","category-histoire-et-tradition"],"acf":[],"_links":{"self":[{"href":"https:\/\/www.amag-group.ch\/blog\/fr\/wp-json\/wp\/v2\/posts\/18335","targetHints":{"allow":["GET"]}}],"collection":[{"href":"https:\/\/www.amag-group.ch\/blog\/fr\/wp-json\/wp\/v2\/posts"}],"about":[{"href":"https:\/\/www.amag-group.ch\/blog\/fr\/wp-json\/wp\/v2\/types\/post"}],"author":[{"embeddable":true,"href":"https:\/\/www.amag-group.ch\/blog\/fr\/wp-json\/wp\/v2\/users\/68"}],"replies":[{"embeddable":true,"href":"https:\/\/www.amag-group.ch\/blog\/fr\/wp-json\/wp\/v2\/comments?post=18335"}],"version-history":[{"count":0,"href":"https:\/\/www.amag-group.ch\/blog\/fr\/wp-json\/wp\/v2\/posts\/18335\/revisions"}],"wp:featuredmedia":[{"embeddable":true,"href":"https:\/\/www.amag-group.ch\/blog\/fr\/wp-json\/wp\/v2\/media\/18330"}],"wp:attachment":[{"href":"https:\/\/www.amag-group.ch\/blog\/fr\/wp-json\/wp\/v2\/media?parent=18335"}],"wp:term":[{"taxonomy":"category","embeddable":true,"href":"https:\/\/www.amag-group.ch\/blog\/fr\/wp-json\/wp\/v2\/categories?post=18335"},{"taxonomy":"post_tag","embeddable":true,"href":"https:\/\/www.amag-group.ch\/blog\/fr\/wp-json\/wp\/v2\/tags?post=18335"}],"curies":[{"name":"wp","href":"https:\/\/api.w.org\/{rel}","templated":true}]}}