{"id":18182,"date":"2020-03-27T08:07:14","date_gmt":"2020-03-27T07:07:14","guid":{"rendered":"https:\/\/www.amag-group.ch\/blog\/?p=18182"},"modified":"2020-03-27T08:07:14","modified_gmt":"2020-03-27T07:07:14","slug":"le-coup-du-lapin-pas-si-simple","status":"publish","type":"post","link":"https:\/\/www.amag-group.ch\/blog\/fr\/le-coup-du-lapin-pas-si-simple\/","title":{"rendered":"Le coup du lapin: pas si simple"},"content":{"rendered":"<p>L\u2019accident s\u2019est produit en f\u00e9vrier 2019 sur la route nationale entre Spiez et Thoune. Mme Meier* est assise sur le si\u00e8ge passager de la voiture de son amie, sa fille \u00e9tant install\u00e9e \u00e0 l\u2019arri\u00e8re. Mme Meier se souvient encore du claquement, puis de l\u2019immobilisation du v\u00e9hicule. Une collision avec plusieurs voitures de tourisme et un camion. Par chance, aucune blessure grave ne fut \u00e0 d\u00e9plorer. Mme Meier et sa fille rest\u00e8rent une nuit en observation \u00e0 l\u2019h\u00f4pital. Diagnostic: des l\u00e9sions dues au coup du lapin. L\u2019amie qui conduisait et sa fille sur le si\u00e8ge arri\u00e8re furent heureusement indemnes. Avec un pied foul\u00e9 et une douleur au cou due \u00e0 la ceinture de s\u00e9curit\u00e9, elles n\u2019ont pas eu besoin d\u2019\u00eatre hospitalis\u00e9es. Le lendemain, Mme Meier et sa fille sont \u00e9galement autoris\u00e9es \u00e0 sortir de l\u2019h\u00f4pital.<\/p>\n<p>Au d\u00e9but, Mme Meier pensa qu\u2019elles avaient eu de la chance, que ce n\u2019\u00e9tait pas si grave. Bient\u00f4t, tout reviendrait \u00e0 la normale. Cependant, l\u2019\u00e9v\u00e9nement a laiss\u00e9 des traces. Chez la fille comme chez Mme Meier elle-m\u00eame. Plusieurs jours apr\u00e8s l\u2019accident, elle a encore des douleurs et se sent souvent perturb\u00e9e. Sa fille ne dort plus et sursaute r\u00e9guli\u00e8rement. Une sensation d\u2019accablement. La police a recontact\u00e9 Mme Meier et lui a annonc\u00e9 qu\u2019elle se rendrait chez elle le lendemain pour l\u2019interroger. Elle a pourtant d\u00e9j\u00e0 tout dit et craint de ne plus se souvenir de tous les d\u00e9tails. Elle a peur d\u2019\u00eatre soumise \u00e0 des questions. Soudainement, elle n\u2019est plus s\u00fbre d\u2019avoir fait ce qu\u2019il fallait et elle cherche de l\u2019aide.<\/p>\n<p>Mme Meier appelle le service d\u2019assistance de RoadCross Suisse. \u00c0 sa sortie de l\u2019h\u00f4pital, les services sociaux lui ont remis le d\u00e9pliant de la fondation. C\u2019est Mme Clavadetscher, conseill\u00e8re de RoadCross, qui prend l\u2019appel. Apr\u00e8s des formations dans le travail social et de nombreuses ann\u00e9es d\u2019exp\u00e9rience professionnelle dans le domaine psychosocial, Mme Clavadetscher est en mesure de pr\u00eater assistance. Elle conna\u00eet un certain nombre de cas similaires et est inform\u00e9e des proc\u00e9dures. En plus de ses connaissances sp\u00e9cialis\u00e9es, Mme Clavadetscher sait \u00e9galement montrer une remarquable \u00e9coute. Elle a connaissance des s\u00e9quelles que peut laisser un accident de la route. Mme Meier a encore du mal \u00e0 parler de ce qui est arriv\u00e9 et la conseill\u00e8re se rend vite compte que le choc est plus profond qu\u2019on pouvait s\u2019y attendre. Une fois de plus. Car il est fr\u00e9quent que les cons\u00e9quences \u00e0 long terme soient sous-estim\u00e9es et que les victimes se retrouvent seules avec leurs inqui\u00e9tudes. En outre, on constatera chez Mme Meier un d\u00e9placement de vert\u00e8bres, lors d\u2019examens ult\u00e9rieurs. D\u2019o\u00f9 ces douleurs constantes.<\/p>\n","protected":false},"excerpt":{"rendered":"<p>M\u00eame si un accident n\u2019entra\u00eene pas de blessures graves, de graves cons\u00e9quences peuvent en r\u00e9sulter pour toutes les personnes impliqu\u00e9es. Caroline Beglinger F\u00ebderova, directrice de RoadCross Suisse, raconte l\u2019histoire vraie d\u2019une jeune m\u00e8re qui renoue avec la vie avec l\u2019aide de RoadCross.<\/p>\n","protected":false},"author":58,"featured_media":18172,"comment_status":"open","ping_status":"open","sticky":false,"template":"","format":"standard","meta":{"_acf_changed":false,"inline_featured_image":false,"footnotes":""},"categories":[8120],"tags":[],"class_list":["post-18182","post","type-post","status-publish","format-standard","has-post-thumbnail","hentry","category-voiture-et-technologie"],"acf":[],"_links":{"self":[{"href":"https:\/\/www.amag-group.ch\/blog\/fr\/wp-json\/wp\/v2\/posts\/18182","targetHints":{"allow":["GET"]}}],"collection":[{"href":"https:\/\/www.amag-group.ch\/blog\/fr\/wp-json\/wp\/v2\/posts"}],"about":[{"href":"https:\/\/www.amag-group.ch\/blog\/fr\/wp-json\/wp\/v2\/types\/post"}],"author":[{"embeddable":true,"href":"https:\/\/www.amag-group.ch\/blog\/fr\/wp-json\/wp\/v2\/users\/58"}],"replies":[{"embeddable":true,"href":"https:\/\/www.amag-group.ch\/blog\/fr\/wp-json\/wp\/v2\/comments?post=18182"}],"version-history":[{"count":0,"href":"https:\/\/www.amag-group.ch\/blog\/fr\/wp-json\/wp\/v2\/posts\/18182\/revisions"}],"wp:featuredmedia":[{"embeddable":true,"href":"https:\/\/www.amag-group.ch\/blog\/fr\/wp-json\/wp\/v2\/media\/18172"}],"wp:attachment":[{"href":"https:\/\/www.amag-group.ch\/blog\/fr\/wp-json\/wp\/v2\/media?parent=18182"}],"wp:term":[{"taxonomy":"category","embeddable":true,"href":"https:\/\/www.amag-group.ch\/blog\/fr\/wp-json\/wp\/v2\/categories?post=18182"},{"taxonomy":"post_tag","embeddable":true,"href":"https:\/\/www.amag-group.ch\/blog\/fr\/wp-json\/wp\/v2\/tags?post=18182"}],"curies":[{"name":"wp","href":"https:\/\/api.w.org\/{rel}","templated":true}]}}