{"id":1697,"date":"2018-02-14T15:37:08","date_gmt":"2018-02-14T13:37:08","guid":{"rendered":"http:\/\/www.amag-group.ch\/blog\/fr\/?p=1697"},"modified":"2018-02-23T10:04:09","modified_gmt":"2018-02-23T10:04:09","slug":"une-meilleure-qualite-de-vie-grace-a-laide-suisse-aux-montagnards","status":"publish","type":"post","link":"https:\/\/www.amag-group.ch\/blog\/fr\/une-meilleure-qualite-de-vie-grace-a-laide-suisse-aux-montagnards\/","title":{"rendered":"Une meilleure qualit\u00e9 de vie gr\u00e2ce \u00e0 l\u2019Aide Suisse aux Montagnards"},"content":{"rendered":"<p><strong>Des projets durables et novateurs visent \u00e0 pr\u00e9server la diversit\u00e9 des espaces de vie et d\u2019activit\u00e9s \u00e9conomiques dans les montagnes suisses ainsi qu\u2019\u00e0 am\u00e9liorer la qualit\u00e9 de vie des montagnards.<\/strong><\/p>\n<p>Fond\u00e9e en 1943, l\u2019Aide Suisse aux Montagnards s\u2019est fix\u00e9e pour objectif d\u2019am\u00e9liorer les conditions de vie des montagnards suisses tout en pr\u00e9servant leurs moyens d\u2019existence. Ce n\u2019est que si les gens peuvent vivre dans les montagnes, mais surtout y gagner leur vie, que l\u2019exode montagnard peut \u00eatre contrecarr\u00e9. La mise en \u0153uvre de diff\u00e9rents projets vise \u00e0 sensibiliser la soci\u00e9t\u00e9 suisse \u00e0 la situation actuelle dans les r\u00e9gions de montagne.<\/p>\n<p>En tant qu\u2019entreprise familiale suisse, AMAG attache une grande importance \u00e0 la promotion et au soutien d\u2019engagements durables et tourn\u00e9s vers l\u2019avenir. Il ne faisait donc aucun de doute qu\u2019AMAG serait le principal sponsor du 75<sup>e<\/sup> anniversaire.<\/p>\n<h3><strong>Des projets divers \u00e0 fort impact<\/strong><\/h3>\n<p>L\u2019Aide Suisse aux Montagnards soutient chaque ann\u00e9e plusieurs centaines de projets \u00e9manant de particuliers et de communaut\u00e9s, qui ont un impact positif sur les conditions de vie de la population montagnarde. Ce soutien permet de maintenir ou de cr\u00e9er des emplois, d\u2019am\u00e9liorer les conditions d\u2019habitation pr\u00e9caires et de r\u00e9aliser des investissements urgents. L\u2019Aide Suisse aux Montagnards ne b\u00e9n\u00e9ficie d\u2019aucune subvention publique, elle est financ\u00e9e exclusivement par des dons. De plus, une grande partie du travail est effectu\u00e9e par des b\u00e9n\u00e9voles. Le <span style=\"text-decoration: underline;\"><a href=\"https:\/\/www.zewo.ch\/fr\/Dons\">label de qualit\u00e9 ZEWO<\/a><\/span> garantit que les dons sont utilis\u00e9s \u00e0 bon escient et de mani\u00e8re responsable.<\/p>\n<p>Regula Straub, directrice de l\u2019Aide Suisse aux Montagnards souligne: \u00abNotre objectif primaire est de pr\u00e9server les moyens d\u2019existence des montagnards suisses. En tant qu\u2019organisme \u00e0 but non lucratif, nous sommes tributaires des dons. Mais ceux-ci n\u2019arrivent pas d\u2019eux-m\u00eames. Nous devons sensibiliser la soci\u00e9t\u00e9 aux difficult\u00e9s de la population montagnarde. Et en soutenant divers projets, nous devons prouver qu\u2019un don \u00e0 l\u2019Aide Suisse aux Montagnards a un gros impact.\u00bb<\/p>\n<div id=\"attachment_1691\" style=\"width: 285px\" class=\"wp-caption alignnone\"><img decoding=\"async\" aria-describedby=\"caption-attachment-1691\" class=\"size-medium wp-multi-image wp-multi-image-1691\" src=\"https:\/\/www.amag-group.ch\/blog\/wp-content\/uploads\/sites\/2\/2018\/02\/Regula-Straub-Portrait-275x414.jpg\" alt=\"Regula Straub, directrice de l\u2019Aide Suisse aux Montagnards\" width=\"275\" height=\"414\" \/><p id=\"caption-attachment-1691\" class=\"wp-caption-text\">Regula Straub, directrice de l\u2019Aide Suisse aux Montagnards<\/p><\/div>\n<p>Un des avantages de l\u2019Aide Suisse aux Montagnards est que tous les projets sont \u00e0 proximit\u00e9. Chacun peut les visiter et constater par lui-m\u00eame que les dons sont utilis\u00e9s correctement. Nous ressentons \u00e9galement une grande solidarit\u00e9 de la population urbaine envers la population de montagne. Pour beaucoup de Suisses, la montagne repr\u00e9sente la terre natale \u00e0 laquelle ils se sentent li\u00e9s\u00bb, explique Regula Straub.<\/p>\n<p>Les projets sont divis\u00e9s en huit domaines th\u00e9matiques: agriculture, tourisme, commerce, \u00e9nergie, formation, for\u00eat et bois, sant\u00e9 et aide d\u2019urgence. Rien qu\u2019en 2016, 561\u00a0projets d\u2019un montant de 25,4\u00a0millions de francs suisses ont \u00e9t\u00e9 concr\u00e9tis\u00e9s. Les projets ne pouvaient pas \u00eatre plus diff\u00e9rents: le soutien financier pour l\u2019achat de sacs \u00e0 dos de sauvetage pour l\u2019Association Cantonale Fribourgeoise des Samaritains du district de la Singine, le renouvellement d\u2019un t\u00e9l\u00e9ph\u00e9rique forestier dans la vall\u00e9e uranaise de la Reuss ou le parrainage de v\u00e9hicules militaires tout-terrain d\u00e9saffect\u00e9s pour la Fondation \u00abBildungswerkstatt Bergwald\u00bb ne sont que quelques exemples.<\/p>\n<h3><strong>Projets r\u00e9alis\u00e9s par l\u2019Aide Suisse aux Montagnards <\/strong><\/h3>\n<p>Un coup d\u2019\u0153il \u00e0 la <a href=\"https:\/\/www.berghilfe.ch\/fr\/projets\"><span style=\"text-decoration: underline;\">liste<\/span><\/a> des projets mis en \u0153uvre par l\u2019Aide Suisse aux Montagnards montre la diversit\u00e9 des missions. Ainsi, par exemple, elle a soutenu l\u2019acquisition d\u2019un chauffage \u00e0 pellets de bois pour toute une communaut\u00e9 villageoise, le renouvellement de l\u2019\u00e9quipement d\u2019une association de samaritains ou encore la construction de nouvelles \u00e9tables dans le respect des animaux.<\/p>\n<p>Tous les gros projets ou les projets particuli\u00e8rement innovants et 10\u00a0% d\u2019autres s\u00e9lectionn\u00e9s au hasard sont visit\u00e9s deux ans apr\u00e8s leur ach\u00e8vement. La mise en \u0153uvre du projet est alors v\u00e9rifi\u00e9e et son taux de r\u00e9ussite mesur\u00e9. Par la m\u00eame occasion, l\u2019Aide Suisse aux Montagnards peut v\u00e9rifier ses crit\u00e8res d\u2019\u00e9valuation et, le cas \u00e9ch\u00e9ant, proc\u00e9der \u00e0 des ajustements pour de futurs projets.<\/p>\n<p>Regula Straub dit par exp\u00e9rience: \u00abDans la plupart des cas, les projets sont couronn\u00e9s de succ\u00e8s. Bien s\u00fbr, nous sommes particuli\u00e8rement heureux quand le succ\u00e8s d\u00e9passe m\u00eame nos esp\u00e9rances: je viens d\u2019\u00eatre en contact avec les deux jeunes boulangers de Napfbeck \u00e0 Romoos (LU) qui, il y a deux ans, ont repris une petite boulangerie et deux magasins de village qui \u00e9taient condamn\u00e9s \u00e0 fermer leurs portes. Entre temps, ils planifient d\u00e9j\u00e0 la reprise d\u2019un troisi\u00e8me magasin de village. En outre, ils pr\u00e9voient m\u00eame de monter un petit caf\u00e9 \u00e0 c\u00f4t\u00e9 du magasin \u00e0 Doppelschwand. Ce sont deux jeunes tr\u00e8s innovateurs: ils ont mis en place un service de livraison pour la r\u00e9gion et ils organisent des apr\u00e8s-midi p\u00e2tisserie pour les enfants.\u00bb<\/p>\n<div id=\"attachment_1692\" style=\"width: 630px\" class=\"wp-caption alignnone\"><img decoding=\"async\" aria-describedby=\"caption-attachment-1692\" class=\"size-medium wp-multi-image wp-multi-image-1692\" src=\"https:\/\/www.amag-group.ch\/blog\/wp-content\/uploads\/sites\/2\/2018\/02\/Backstube-Napfbeck-620x414.jpg\" alt=\"Christoph Wiler et Pascal Naef font le pain dans leur fournil\" width=\"620\" height=\"414\" \/><p id=\"caption-attachment-1692\" class=\"wp-caption-text\">Christoph Wiler et Pascal Naef dans leur fournil Napfbeck \u00e0 Romoos<\/p><\/div>\n<h3><strong>L\u2019Aide Suisse aux Montagnards f\u00eate ses 75\u00a0ans<\/strong><\/h3>\n<p>\u00c0 l\u2019occasion de cet anniversaire, l\u2019Aide Suisse aux Montagnards lance le <a href=\"https:\/\/trophy.berghilfe.ch\/fr\"><span style=\"text-decoration: underline;\">Troph\u00e9e de l\u2019Aide Suisse<\/span><\/a> aux Montagnards. Ce troph\u00e9e \u2013 une sorte de chasse au tr\u00e9sor \u2013 soutient 44\u00a0projets qui peuvent \u00eatre visit\u00e9s dans les diff\u00e9rentes r\u00e9gions de montagne de Suisse. Ceux qui visitent au moins trois de ces projets peuvent participer au concours du Troph\u00e9e Aide aux Montagnards et gagner des prix attrayants. En outre, deux autres grandes attractions sont pr\u00e9vues pendant cette ann\u00e9e de jubil\u00e9: le troph\u00e9e \u00abNous amenons les citadins en montagne\u00bb \u2013 et le Berg Food Festival \u00abNous amenons la montagne en ville\u00bb dans sept villes.<\/p>\n<p>AMAG est le principal sponsor du Troph\u00e9e de l\u2019Aide Suisse aux Montagnards et la r\u00e9alisation du jeu des panoramas. Le jeu contient des cartes avec de magnifiques paysages de montagne suisses. En plus d\u2019\u00eatre un amusement pour toute la famille, il a pour but de promouvoir la g\u00e9ographie et d\u2019encourager les gens \u00e0 d\u00e9couvrir les panoramas sur place. Toutes les informations relatives au troph\u00e9e et au jeu de cartes sont disponibles dans toutes <a href=\"http:\/\/www.amag.ch\/amagch\/corp\/fr\/homepage.html\"><span style=\"text-decoration: underline;\">les entreprises AMAG Retail<\/span><\/a>.<\/p>\n<div id=\"attachment_1693\" style=\"width: 630px\" class=\"wp-caption alignnone\"><img decoding=\"async\" aria-describedby=\"caption-attachment-1693\" class=\"size-medium wp-multi-image wp-multi-image-1693\" src=\"https:\/\/www.amag-group.ch\/blog\/wp-content\/uploads\/sites\/2\/2018\/02\/Berghotel-Mettmen-620x414.jpg\" alt=\"L\u2019h\u00f4tel de montagne Mettmen est lov\u00e9 dans un magnifique d\u00e9cor alpin\" width=\"620\" height=\"414\" \/><p id=\"caption-attachment-1693\" class=\"wp-caption-text\">L\u2019h\u00f4tel de montagne Mettmen est lov\u00e9 dans un magnifique d\u00e9cor alpin et fait partie du Troph\u00e9e de l\u2019Aide Suisse aux Montagnards<\/p><\/div>\n<p>Pour de plus amples informations sur l\u2019Aide Suisse aux Montagnards sur: <span style=\"text-decoration: underline;\"><a href=\"https:\/\/www.berghilfe.ch\/fr\">https:\/\/www.berghilfe.ch\/fr<\/a><\/span><\/p>\n<p>Les actualit\u00e9s et le contexte de l&rsquo;univers automobile. <span style=\"text-decoration: underline;\"><a href=\"http:\/\/www.amag.ch\/amagch\/corp\/fr\/newsletter\/anmeldeformular.html\"><strong>Abonnez-vous d\u00e8s maintenant.<\/strong><\/a><\/span><\/p>\n","protected":false},"excerpt":{"rendered":"<p>L\u2019Aide Suisse aux Montagnards f\u00eate son 75e anniversaire et peut compter sur le soutien d\u2019AMAG en tant que sponsor principal. En tant que fondation \u00e0 but non lucratif, elle s\u2019est fix\u00e9e pour objectif de sauvegarder la vie dans les r\u00e9gions de montagne. <\/p>\n","protected":false},"author":40,"featured_media":7952,"comment_status":"open","ping_status":"open","sticky":false,"template":"","format":"standard","meta":{"_acf_changed":false,"inline_featured_image":false,"footnotes":""},"categories":[1795],"tags":[],"class_list":["post-1697","post","type-post","status-publish","format-standard","has-post-thumbnail","hentry","category-durabilite"],"acf":[],"_links":{"self":[{"href":"https:\/\/www.amag-group.ch\/blog\/fr\/wp-json\/wp\/v2\/posts\/1697","targetHints":{"allow":["GET"]}}],"collection":[{"href":"https:\/\/www.amag-group.ch\/blog\/fr\/wp-json\/wp\/v2\/posts"}],"about":[{"href":"https:\/\/www.amag-group.ch\/blog\/fr\/wp-json\/wp\/v2\/types\/post"}],"author":[{"embeddable":true,"href":"https:\/\/www.amag-group.ch\/blog\/fr\/wp-json\/wp\/v2\/users\/40"}],"replies":[{"embeddable":true,"href":"https:\/\/www.amag-group.ch\/blog\/fr\/wp-json\/wp\/v2\/comments?post=1697"}],"version-history":[{"count":0,"href":"https:\/\/www.amag-group.ch\/blog\/fr\/wp-json\/wp\/v2\/posts\/1697\/revisions"}],"wp:featuredmedia":[{"embeddable":true,"href":"https:\/\/www.amag-group.ch\/blog\/fr\/wp-json\/wp\/v2\/media\/7952"}],"wp:attachment":[{"href":"https:\/\/www.amag-group.ch\/blog\/fr\/wp-json\/wp\/v2\/media?parent=1697"}],"wp:term":[{"taxonomy":"category","embeddable":true,"href":"https:\/\/www.amag-group.ch\/blog\/fr\/wp-json\/wp\/v2\/categories?post=1697"},{"taxonomy":"post_tag","embeddable":true,"href":"https:\/\/www.amag-group.ch\/blog\/fr\/wp-json\/wp\/v2\/tags?post=1697"}],"curies":[{"name":"wp","href":"https:\/\/api.w.org\/{rel}","templated":true}]}}