{"id":16842,"date":"2019-11-19T09:13:45","date_gmt":"2019-11-19T08:13:45","guid":{"rendered":"https:\/\/www.amag-group.ch\/blog\/?p=16842"},"modified":"2020-01-28T10:36:27","modified_gmt":"2020-01-28T09:36:27","slug":"les-jantes-peuvent-elles-etre-reparees","status":"publish","type":"post","link":"https:\/\/www.amag-group.ch\/blog\/fr\/les-jantes-peuvent-elles-etre-reparees\/","title":{"rendered":"Les jantes peuvent-elles \u00eatre r\u00e9par\u00e9es?"},"content":{"rendered":"<p><em>Cher Dr AMAG,<\/em><\/p>\n<p><em>En me parquant l\u2019autre jour, j\u2019ai frott\u00e9 le bord du trottoir. Maintenant, j\u2019ai une rayure tr\u00e8s laide et bien visible sur la jante. Dois-je maintenant remplacer toute la jante ou y a-t-il un moyen de la r\u00e9parer?<\/em><\/p>\n<p>Cher lecteur, ch\u00e8re lectrice,<\/p>\n<p>Toucher la bordure du trottoir et rayer les jantes, cela arrive si vite. Malheureusement, c\u2019est aussi tr\u00e8s visible et g\u00eanant. Heureusement, cela peut g\u00e9n\u00e9ralement \u00eatre r\u00e9par\u00e9. Dans le cas des d\u00e9t\u00e9riorations dues aux bordures de trottoir, c\u2019est-\u00e0-dire de simples \u00abrayures\u00bb <span style=\"color: #000120;\">dans la laque<\/span>, la jante peut \u00eatre ponc\u00e9e \u00e0 l\u2019endroit endommag\u00e9 et l\u2019ensemble de la jante peut \u00eatre repeint pour que les dommages ne soient plus visibles. Souvent, cela peut \u00e9galement \u00eatre fait dans un \u00e9tablissement AMAG, \u00e0 condition qu\u2019il offre ce service.<\/p>\n<p><span style=\"color: #000120;\">En cas de blessures graves, l&rsquo;entreprise les confiera en partie \u00e0 un professionnel externe. Le fabricant \u00e9value ensuite l&rsquo;\u00e9tat des jantes en se basant sur les directives strictes du fabricant pour d\u00e9terminer si une r\u00e9paration est admissible. Dans le cas contraire, toute forme de garantie et de responsabilit\u00e9 serait annul\u00e9e. Il arrive souvent que des jantes fissur\u00e9es ou m\u00eame pli\u00e9es ne puissent pas \u00eatre r\u00e9par\u00e9es. Car tout travail sur le mat\u00e9riau qui d\u00e9passe 1 mm de profondeur peut avoir une influence consid\u00e9rable sur la capacit\u00e9 de conduite et la s\u00e9curit\u00e9. Toutefois, cela fait l&rsquo;objet d&rsquo;une r\u00e9\u00e9valuation dans chaque cas.<\/span><\/p>\n\n\t\t<style type=\"text\/css\">\n\t\t\t#gallery-1 {\n\t\t\t\tmargin: auto;\n\t\t\t}\n\t\t\t#gallery-1 .gallery-item {\n\t\t\t\tfloat: left;\n\t\t\t\tmargin-top: 10px;\n\t\t\t\ttext-align: center;\n\t\t\t\twidth: 50%;\n\t\t\t}\n\t\t\t#gallery-1 img {\n\t\t\t\tborder: 2px solid #cfcfcf;\n\t\t\t}\n\t\t\t#gallery-1 .gallery-caption {\n\t\t\t\tmargin-left: 0;\n\t\t\t}\n\t\t\t\/* see gallery_shortcode() in wp-includes\/media.php *\/\n\t\t<\/style>\n\t\t<div id='gallery-1' class='gallery galleryid-16842 gallery-columns-2 gallery-size-medium'><dl class='gallery-item'>\n\t\t\t<dt class='gallery-icon landscape'>\n\t\t\t\t<a href='https:\/\/www.amag-group.ch\/blog\/wp-content\/uploads\/2019\/11\/felge-2-kaputt.jpg'><img decoding=\"async\" width=\"552\" height=\"414\" src=\"https:\/\/www.amag-group.ch\/blog\/wp-content\/uploads\/2019\/11\/felge-2-kaputt-552x414.jpg\" class=\"attachment-medium size-medium\" alt=\"\" srcset=\"https:\/\/www.amag-group.ch\/blog\/wp-content\/uploads\/2019\/11\/felge-2-kaputt-552x414.jpg 552w, https:\/\/www.amag-group.ch\/blog\/wp-content\/uploads\/2019\/11\/felge-2-kaputt-768x576.jpg 768w, https:\/\/www.amag-group.ch\/blog\/wp-content\/uploads\/2019\/11\/felge-2-kaputt.jpg 1920w\" sizes=\"(max-width: 552px) 100vw, 552px\" \/><\/a>\n\t\t\t<\/dt><\/dl><dl class='gallery-item'>\n\t\t\t<dt class='gallery-icon landscape'>\n\t\t\t\t<a href='https:\/\/www.amag-group.ch\/blog\/wp-content\/uploads\/2019\/11\/Felge-2-repariert.jpg'><img decoding=\"async\" width=\"552\" height=\"414\" src=\"https:\/\/www.amag-group.ch\/blog\/wp-content\/uploads\/2019\/11\/Felge-2-repariert-552x414.jpg\" class=\"attachment-medium size-medium\" alt=\"\" srcset=\"https:\/\/www.amag-group.ch\/blog\/wp-content\/uploads\/2019\/11\/Felge-2-repariert-552x414.jpg 552w, https:\/\/www.amag-group.ch\/blog\/wp-content\/uploads\/2019\/11\/Felge-2-repariert-768x576.jpg 768w, https:\/\/www.amag-group.ch\/blog\/wp-content\/uploads\/2019\/11\/Felge-2-repariert.jpg 1920w\" sizes=\"(max-width: 552px) 100vw, 552px\" \/><\/a>\n\t\t\t<\/dt><\/dl><br style=\"clear: both\" \/>\n\t\t<\/div>\n\n<p><span style=\"color: #000120;\">A chaque r\u00e9paration, la jante est soigneusement nettoy\u00e9e apr\u00e8s avoir \u00e9t\u00e9 retir\u00e9e de la voiture et le pneu enlev\u00e9. Ainsi, la blessure devient clairement visible et il est possible de d\u00e9cider quelles \u00e9tapes sont n\u00e9cessaires. De plus, la concentricit\u00e9 de toutes les jantes endommag\u00e9es est v\u00e9rifi\u00e9e : Cela signifie qu&rsquo;ils v\u00e9rifient si elle tourne toujours bien. La jante r\u00e9par\u00e9e est ensuite vernie, enduite ou compact\u00e9e \u00e0 la demande pour ne plus se distinguer des autres.<\/span><\/p>\n<p>Cependant, dans votre cas, il semble qu\u2019il s\u2019agit plut\u00f4t d\u2019une \u00e9gratignure qui peut m\u00eame \u00e9ventuellement \u00eatre r\u00e9par\u00e9e dans l\u2019\u00e9tablissement.<\/p>\n<p>Bonne route!<\/p>\n<hr \/>\n<h2>Lire d\u2019autres articles de blog sur ce th\u00e8me<\/h2>\n<p><a href=\"https:\/\/www.amag-group.ch\/blog\/fr\/comment-fonctionne-lalerte-de-ceinture-de-securite\/\" target=\"_blank\" rel=\"noopener\">Dr. AMAG: Comment fonctionne l&rsquo;alerte de ceinture s\u00e9curit\u00e9?<\/a><\/p>\n<p><a href=\"https:\/\/www.amag-group.ch\/blog\/fr\/pourquoi-la-courroie-crantee-est-elle-si-importante-et-si-delicate\/\" target=\"_blank\" rel=\"noopener\">Dr. AMAG: Pourquoi la courroie crant\u00e9e est-elle si importante et si d\u00e9licate?<\/a><\/p>\n<p><a href=\"https:\/\/www.amag-group.ch\/blog\/fr\/le-moteur-surchauffe-et-maintenant\/\" target=\"_blank\" rel=\"noopener\">Dr. AMAG: Le moteur surchauffe &#8211; et maintenant?<\/a><\/p>\n<p><a href=\"https:\/\/www.amag-group.ch\/blog\/fr\/comment-fonctionne-le-detecteur-de-fatigue-en-voiture\/\" target=\"_blank\" rel=\"noopener\">Dr. AMAG: Comment fonctionne le d\u00e9tecteur de fatigue en voiture?<\/a><\/p>\n<p><a href=\"https:\/\/www.amag-group.ch\/blog\/fr\/comment-transporter-les-velos-electriques\/\" target=\"_blank\" rel=\"noopener\">Dr. AMAG: Comment transporter les v\u00e9los \u00e9lectriques?<\/a><\/p>\n<p><a href=\"https:\/\/www.amag-group.ch\/blog\/fr\/comment-securiser-les-animaux-de-compagnie-en-voiture\/\" target=\"_blank\" rel=\"noopener\">Dr. AMAG: Comment s\u00e9curiser les animaux de compagnie en voiture?<\/a><\/p>\n<p><a href=\"https:\/\/www.amag-group.ch\/blog\/fr\/comment-une-voiture-mesure-t-elle-la-temperature-exterieure\/\" target=\"_blank\" rel=\"noopener\">Dr. AMAG: Comment une voiture mesure t&rsquo;elle la temperature exterieure?<\/a><\/p>\n<p><a href=\"https:\/\/www.amag-group.ch\/blog\/fr\/comment-verifier-la-pression-de-mes-pneus\/\" target=\"_blank\" rel=\"noopener\">Dr. AMAG: Comment v\u00e9rifier la pression de mes pneus?<\/a><\/p>\n<p><a href=\"https:\/\/www.amag-group.ch\/blog\/fr\/comment-remplir-le-reservoir-dhuile-moteur\/\" target=\"_blank\" rel=\"noopener\">Dr. AMAG: Comment remplir le r\u00e9servoir d&rsquo;huile moteur?<\/a><\/p>\n<p><a href=\"https:\/\/www.amag-group.ch\/blog\/fr\/quelles-seront-les-nouvelles-regles-de-circulation-en-2019\/\" target=\"_blank\" rel=\"noopener\">Dr. AMAG: Quelles seront les nouvelles r\u00e8gles de circulation en 2019?<\/a><\/p>\n<p><a href=\"https:\/\/www.amag-group.ch\/blog\/fr\/les-voitures-electriques-ne-roulent-elles-pas-en-hiver\/\" target=\"_blank\" rel=\"noopener\">Dr. AMAG: Les voitures \u00e9lectriques ne roulent elles pas en hiver?<\/a><\/p>\n<p><a href=\"https:\/\/www.amag-group.ch\/blog\/fr\/quand-dois-je-allumer-les-phares-antibrouillard\/\" target=\"_blank\" rel=\"noopener\">Dr. AMAG: Quand dois-je allumer les phares antibrouillard?<\/a><\/p>\n","protected":false},"excerpt":{"rendered":"<p>Le son est sans \u00e9quivoque lorsque la jante racle le bord du trottoir lors du stationnement. De tels dommages peuvent-ils \u00eatre r\u00e9par\u00e9s ou ai-je besoin de nouvelles jantes? Le Dr AMAG vous explique.<\/p>\n","protected":false},"author":51,"featured_media":10977,"comment_status":"open","ping_status":"open","sticky":false,"template":"","format":"standard","meta":{"_acf_changed":false,"inline_featured_image":false,"footnotes":""},"categories":[1777],"tags":[],"class_list":["post-16842","post","type-post","status-publish","format-standard","has-post-thumbnail","hentry","category-trucs-et-astuces-du-dr-amag"],"acf":[],"_links":{"self":[{"href":"https:\/\/www.amag-group.ch\/blog\/fr\/wp-json\/wp\/v2\/posts\/16842","targetHints":{"allow":["GET"]}}],"collection":[{"href":"https:\/\/www.amag-group.ch\/blog\/fr\/wp-json\/wp\/v2\/posts"}],"about":[{"href":"https:\/\/www.amag-group.ch\/blog\/fr\/wp-json\/wp\/v2\/types\/post"}],"author":[{"embeddable":true,"href":"https:\/\/www.amag-group.ch\/blog\/fr\/wp-json\/wp\/v2\/users\/51"}],"replies":[{"embeddable":true,"href":"https:\/\/www.amag-group.ch\/blog\/fr\/wp-json\/wp\/v2\/comments?post=16842"}],"version-history":[{"count":0,"href":"https:\/\/www.amag-group.ch\/blog\/fr\/wp-json\/wp\/v2\/posts\/16842\/revisions"}],"wp:featuredmedia":[{"embeddable":true,"href":"https:\/\/www.amag-group.ch\/blog\/fr\/wp-json\/wp\/v2\/media\/10977"}],"wp:attachment":[{"href":"https:\/\/www.amag-group.ch\/blog\/fr\/wp-json\/wp\/v2\/media?parent=16842"}],"wp:term":[{"taxonomy":"category","embeddable":true,"href":"https:\/\/www.amag-group.ch\/blog\/fr\/wp-json\/wp\/v2\/categories?post=16842"},{"taxonomy":"post_tag","embeddable":true,"href":"https:\/\/www.amag-group.ch\/blog\/fr\/wp-json\/wp\/v2\/tags?post=16842"}],"curies":[{"name":"wp","href":"https:\/\/api.w.org\/{rel}","templated":true}]}}