{"id":16756,"date":"2019-11-11T07:58:43","date_gmt":"2019-11-11T06:58:43","guid":{"rendered":"https:\/\/www.amag-group.ch\/blog\/?p=16756"},"modified":"2019-11-11T07:58:43","modified_gmt":"2019-11-11T06:58:43","slug":"les-employes-au-centre-de-lattention-charles-aeby","status":"publish","type":"post","link":"https:\/\/www.amag-group.ch\/blog\/fr\/les-employes-au-centre-de-lattention-charles-aeby\/","title":{"rendered":"Les employ\u00e9s au centre de l\u2019attention: Charles Aeby"},"content":{"rendered":"<h4>Si tu devais donner deux conseils au Charles Aeby \u00e2g\u00e9 de 14 ans, quels seraient-ils?<\/h4>\n<p>Soit honn\u00eate, int\u00e8gre et surtout heureux ! Vis \u00e0 100 \u00e0 l\u2019heure !<br \/>\nFais ce que tu aimes et donnes-toi les moyens d\u2019entreprendre une formation large, dans les domaines qui t\u2019int\u00e9ressent. Travaille fort pour atteindre tes objectifs et tes r\u00eaves !<br \/>\nSoit ambitieux et n\u2019oublie pas d\u2019aider les autres, de faire le bien autour de toi.<\/p>\n<h4>Quelles sont les t\u00e2ches de la fonction \u00abDirecteur HUB Vaud\u00bb?<\/h4>\n<p>Il y en a beaucoup, mais j\u2019en vois deux qui sont tr\u00e8s importants :<\/p>\n<ol>\n<li>M\u2019assurer, avec mes \u00e9quipes, que chaque client qui nous visite reparte en disant \u00ab wow \u00bb ils ont vraiment compris ce que je voulais et ils m\u2019ont servi \u00e0 la perfection. Ils sont sympas et pros !<\/li>\n<li>Faire en sorte que mes \u00e9quipes grandissent et soient tous les jours heureuses de venir travailler au garage.<\/li>\n<\/ol>\n<h4>Qu\u2019est-ce qui te pla\u00eet le plus dans ton travail?<img decoding=\"async\" class=\"alignright size-medium wp-image-16747\" src=\"https:\/\/www.amag-group.ch\/blog\/wp-content\/uploads\/2019\/11\/Ch.-Aeby_5-276x414.jpg\" alt=\"\" width=\"276\" height=\"414\" srcset=\"https:\/\/www.amag-group.ch\/blog\/wp-content\/uploads\/2019\/11\/Ch.-Aeby_5-276x414.jpg 276w, https:\/\/www.amag-group.ch\/blog\/wp-content\/uploads\/2019\/11\/Ch.-Aeby_5-768x1152.jpg 768w, https:\/\/www.amag-group.ch\/blog\/wp-content\/uploads\/2019\/11\/Ch.-Aeby_5.jpg 1280w\" sizes=\"(max-width: 276px) 100vw, 276px\" \/><\/h4>\n<p>Le front, \u00eatre avec mes gens et les clients. La diversit\u00e9 des sujets, \u00e7a change toutes les 2 minutes. Trouver des solutions en team pour nous am\u00e9liorer, g\u00e9rer les conflits afin que chacun trouve sa place et puisse lib\u00e9rer son potentiel.<\/p>\n<h4>\u00c0 quoi ressemble ta carri\u00e8re jusqu\u2019\u00e0 pr\u00e9sent?<\/h4>\n<p>11 ans instituteur pour des jeunes de 10 \u00e0 12 ans, 26 ans chez Michelin en Suisse, Allemagne et France et d\u00e9j\u00e0 4 ans chez AMAG. Une grande diversit\u00e9 de jobs, de rencontres, de cultures, de succ\u00e8s et de difficult\u00e9s qui font ce que je suis aujourd\u2019hui.<\/p>\n<h4>Que dirais-tu \u00e0 ton meilleur ami au sujet d\u2019AMAG?<\/h4>\n<p>Une maison avec une remarquable histoire, professionnelle et en plein mouvement afin d\u2019assurer son futur et r\u00e9pondre aux attentes de ses clients en leur pr\u00e9parant les meilleures offres du march\u00e9 en terme de mobilit\u00e9.<br \/>\n\u00a0<\/p>\n<h4>Que fais-tu quand tu ne travailles pas?<\/h4>\n<p>Je soigne ma famille et mes amis\u00a0! Mais je bouge aussi en faisant pas mal de sport (randonn\u00e9es, tennis, natation, ski). Avec mon \u00e9pouse nous allons tr\u00e8s souvent au spectacle (th\u00e9\u00e2tre, danse, concerts, ainsi que matchs de basketball et hockey-sur-glace). La lecture (en audio dans la voiture et sur ma tablette) occupe le reste de mon temps.<\/p>\n<h4>Ce que j\u2019aimerais encore dire<\/h4>\n<p>J\u2019aime bien le \u00ab digital \u00bb et suis un peu \u00ab\u00a0geek\u00a0\u00bb. Je n\u2019ai, par exemple, pratiquement plus de papiers au bureau et \u00e0 la maison\u2026 MAIS faisons attention \u00e0 ne pas \u00eatre addicts, connect\u00e9s jour et nuit, le week-end, durant les vacances. Trouvons notre \u00e9quilibre, n\u2019oublions pas les relations humaines. Un \u00e9cran n\u2019est pas une personne\u2026 malgr\u00e9 les r\u00e9seaux sociaux qui sont souvent des pi\u00e8ges\u2026 Trop de gens sont surmen\u00e9s, frustr\u00e9s, m\u00e9contents et craquent m\u00eame parfois parce qu\u2019ils sont trop connect\u00e9s et ne prennent pas le temps n\u00e9cessaire pour lib\u00e9rer leur esprit entre les phases intensives de travail.<\/p>\n<p><img decoding=\"async\" class=\"aligncenter size-medium wp-image-16744\" src=\"https:\/\/www.amag-group.ch\/blog\/wp-content\/uploads\/2019\/11\/Ch.-Aeby_3-552x414.jpg\" alt=\"\" width=\"552\" height=\"414\" srcset=\"https:\/\/www.amag-group.ch\/blog\/wp-content\/uploads\/2019\/11\/Ch.-Aeby_3-552x414.jpg 552w, https:\/\/www.amag-group.ch\/blog\/wp-content\/uploads\/2019\/11\/Ch.-Aeby_3-768x576.jpg 768w, https:\/\/www.amag-group.ch\/blog\/wp-content\/uploads\/2019\/11\/Ch.-Aeby_3.jpg 1920w\" sizes=\"(max-width: 552px) 100vw, 552px\" \/><\/p>\n<p>Je le vois tous les jours dans \u00ab\u00a0mes\u00a0\u00bb garages et chez mes amis. Pour \u00eatre cr\u00e9atifs, entreprenants et heureux il faut des phases de r\u00e9cup\u00e9ration, une vraie vie en dehors du travail. C\u2019est vraiment un sujet de soci\u00e9t\u00e9 d\u2019aujourd\u2019hui et nous avons une grande responsabilit\u00e9 en tant que manager et employeur sur ce sujet.<\/p>\n","protected":false},"excerpt":{"rendered":"<p>Charles Aeby est chez AMAG depuis d\u00e9but ao\u00fbt 2015 et est responsable de plusieurs entreprises en tant que directeur du r\u00e9seau de distribution du canton de Vaud. Dans l\u2019interview qui suit, l\u2019ancien enseignant \u00e9voque les t\u00e2ches qu\u2019il doit assumer chaque jour et explique comment elles changent toutes les deux minutes.<\/p>\n","protected":false},"author":40,"featured_media":16751,"comment_status":"open","ping_status":"open","sticky":false,"template":"","format":"standard","meta":{"_acf_changed":false,"inline_featured_image":false,"footnotes":""},"categories":[1786],"tags":[],"class_list":["post-16756","post","type-post","status-publish","format-standard","has-post-thumbnail","hentry","category-emplois-et-carriere"],"acf":[],"_links":{"self":[{"href":"https:\/\/www.amag-group.ch\/blog\/fr\/wp-json\/wp\/v2\/posts\/16756","targetHints":{"allow":["GET"]}}],"collection":[{"href":"https:\/\/www.amag-group.ch\/blog\/fr\/wp-json\/wp\/v2\/posts"}],"about":[{"href":"https:\/\/www.amag-group.ch\/blog\/fr\/wp-json\/wp\/v2\/types\/post"}],"author":[{"embeddable":true,"href":"https:\/\/www.amag-group.ch\/blog\/fr\/wp-json\/wp\/v2\/users\/40"}],"replies":[{"embeddable":true,"href":"https:\/\/www.amag-group.ch\/blog\/fr\/wp-json\/wp\/v2\/comments?post=16756"}],"version-history":[{"count":0,"href":"https:\/\/www.amag-group.ch\/blog\/fr\/wp-json\/wp\/v2\/posts\/16756\/revisions"}],"wp:featuredmedia":[{"embeddable":true,"href":"https:\/\/www.amag-group.ch\/blog\/fr\/wp-json\/wp\/v2\/media\/16751"}],"wp:attachment":[{"href":"https:\/\/www.amag-group.ch\/blog\/fr\/wp-json\/wp\/v2\/media?parent=16756"}],"wp:term":[{"taxonomy":"category","embeddable":true,"href":"https:\/\/www.amag-group.ch\/blog\/fr\/wp-json\/wp\/v2\/categories?post=16756"},{"taxonomy":"post_tag","embeddable":true,"href":"https:\/\/www.amag-group.ch\/blog\/fr\/wp-json\/wp\/v2\/tags?post=16756"}],"curies":[{"name":"wp","href":"https:\/\/api.w.org\/{rel}","templated":true}]}}