{"id":15579,"date":"2019-08-16T08:22:12","date_gmt":"2019-08-16T06:22:12","guid":{"rendered":"https:\/\/www.amag-group.ch\/blog\/?p=15579"},"modified":"2019-08-16T08:22:12","modified_gmt":"2019-08-16T06:22:12","slug":"pleins-gaz-avec-un-apprentissage-chez-amag","status":"publish","type":"post","link":"https:\/\/www.amag-group.ch\/blog\/fr\/pleins-gaz-avec-un-apprentissage-chez-amag\/","title":{"rendered":"Pleins gaz avec un apprentissage chez AMAG"},"content":{"rendered":"<p>Chez AMAG, les jeunes qui commencent leur vie professionnelle acqui\u00e8rent des connaissances non seulement n\u00e9cessaires \u00e0 l\u2019obtention de leur dipl\u00f4me, mais aussi utiles pour la vie enti\u00e8re. Quelque 700\u00a0jeunes suivent une formation professionnelle de base aupr\u00e8s du groupe AMAG; dans ce cadre, ceux qui ne suivent pas un apprentissage technique travaillent dans divers d\u00e9partements. Ezron Francis est en deuxi\u00e8me ann\u00e9e d\u2019apprentissage de commerce, actuellement chez AMAG\u00a0Leasing\u00a0SA \u00e0 Baden-D\u00e4ttwil (AG).<\/p>\n<div id=\"attachment_15570\" style=\"width: 270px\" class=\"wp-caption alignleft\"><img decoding=\"async\" aria-describedby=\"caption-attachment-15570\" class=\"wp-image-15570\" src=\"https:\/\/www.amag-group.ch\/blog\/wp-content\/uploads\/2019\/08\/AMAG-Parking-2019_21-276x414.jpg\" alt=\"\" width=\"260\" height=\"389\" srcset=\"https:\/\/www.amag-group.ch\/blog\/wp-content\/uploads\/2019\/08\/AMAG-Parking-2019_21-276x414.jpg 276w, https:\/\/www.amag-group.ch\/blog\/wp-content\/uploads\/2019\/08\/AMAG-Parking-2019_21-768x1151.jpg 768w, https:\/\/www.amag-group.ch\/blog\/wp-content\/uploads\/2019\/08\/AMAG-Parking-2019_21.jpg 1282w\" sizes=\"(max-width: 260px) 100vw, 260px\" \/><p id=\"caption-attachment-15570\" class=\"wp-caption-text\">Ezron Francis, apprenti de commerce CFC, et Yassin Siegrist, d\u00e9butant gestionnaire commerce de d\u00e9tail, prennent la pose pour le photographe lors du shooting Parking.<\/p><\/div>\n<h3>\u00a0<\/h3>\n<h3><strong>Salut Ezron. Tu viens de finir ta premi\u00e8re ann\u00e9e d\u2019apprentissage. Jusqu\u2019\u00e0 maintenant, qu\u2019as-tu v\u00e9cu chez AMAG?<\/strong><\/h3>\n<p>Ezron: J\u2019ai vraiment beaucoup appris. Lorsque j\u2019\u00e9tais au sein du d\u00e9partement de formation professionnelle, j\u2019ai eu la chance de diriger le projet Snapchat. Par le biais de vid\u00e9os et de photos, des apprentis de divers domaines ont montr\u00e9 aux jeunes suisses \u00e0 quoi ressemblait leur quotidien chez AMAG. Je suis all\u00e9 demander aux formateurs professionnels et aux apprentis s\u2019ils avaient envie de participer au projet. Apr\u00e8s chaque semaine, j\u2019ai regard\u00e9 les photos et les vid\u00e9os, puis lu les textes et ai proc\u00e9d\u00e9 \u00e0 une \u00e9valuation. Ensuite, j\u2019ai donn\u00e9 un feed-back aux apprentis. Par exemple, je leur ai indiqu\u00e9 combien de fois les groupes cibles avaient partag\u00e9 les contenus publi\u00e9s et fait des captures d\u2019\u00e9cran, ou \u00absnaps\u00bb. En r\u00e8gle g\u00e9n\u00e9rale, les contenus ont \u00e9t\u00e9 consult\u00e9s 4000 \u00e0 6000 fois par semaine dans le cadre du projet. La motivation des apprentis \u00e9tait palpable et les contenus se sont av\u00e9r\u00e9s d\u2019une grande cr\u00e9ativit\u00e9.<\/p>\n<p><img decoding=\"async\" class=\"wp-image-15548 alignright\" src=\"https:\/\/www.amag-group.ch\/blog\/wp-content\/uploads\/2019\/08\/Flyer_Lehrstellenangebot-297x414.png\" alt=\"\" width=\"246\" height=\"343\" srcset=\"https:\/\/www.amag-group.ch\/blog\/wp-content\/uploads\/2019\/08\/Flyer_Lehrstellenangebot-297x414.png 297w, https:\/\/www.amag-group.ch\/blog\/wp-content\/uploads\/2019\/08\/Flyer_Lehrstellenangebot.png 578w\" sizes=\"(max-width: 246px) 100vw, 246px\" \/><\/p>\n<h3><strong>Cela semble int\u00e9ressant. As-tu particip\u00e9 \u00e0 d\u2019autres projets?<\/strong><\/h3>\n<p>J\u2019ai par exemple contribu\u00e9 \u00e0 la cr\u00e9ation du nouveau d\u00e9pliant sur les offres en mati\u00e8re d\u2019apprentissage. Il fallait retravailler les anciennes versions, entre autres car de nouveaux conseillers en formation professionnelle RH ont commenc\u00e9 leur activit\u00e9 en d\u00e9but d\u2019ann\u00e9e dans les diverses r\u00e9gions. J\u2019ai contribu\u00e9 \u00e0 d\u00e9terminer quelles photos et quels textes appara\u00eetraient dans les d\u00e9pliants. De plus, j\u2019ai soutenu Fitore Velija, la cheffe de projet Formation professionnelle, lors de la cr\u00e9ation de la brochure sur les places d\u2019apprentissage (lien). Je suis all\u00e9 me renseigner aupr\u00e8s des formateurs professionnels et me suis inform\u00e9 par moi-m\u00eame sur les apprentissages que nous proposons.<\/p>\n<h3>\u00a0<\/h3>\n<h3><strong><strong>Dans ce contexte, sur quoi as-tu mis l\u2019accent?<\/strong><\/strong><\/h3>\n<p>Par exemple, pour chaque apprentissage, j\u2019ai d\u00fb d\u00e9couvrir combien de fois par an les jeunes se rendent \u00e0 l\u2019\u00e9cole professionnelle ou aux cours interentreprises (CIE). L\u00e0 aussi, nous avons utilis\u00e9 de nouvelles photos et adapt\u00e9 les textes. Il a \u00e9t\u00e9 plus facile d\u2019actualiser la brochure sur les places d\u2019apprentissage; en effet, gr\u00e2ce \u00e0 mes recherches pour le d\u00e9pliant, je disposais d\u00e9j\u00e0 de la plupart des informations. Cela a vraiment \u00e9t\u00e9 une belle exp\u00e9rience; cette confiance et cette responsabilit\u00e9 m\u2019ont donn\u00e9 le sentiment d\u2019\u00eatre pris au s\u00e9rieux, m\u00eame comme apprenti.<\/p>\n","protected":false},"excerpt":{"rendered":"<p>En plus de l\u2019acquisition des comp\u00e9tences, la formation professionnelle a pour but l\u2019int\u00e9gration dans le monde du travail. Chez AMAG, les apprentis b\u00e9n\u00e9ficient de nombreuses possibilit\u00e9s de s\u2019investir dans la vie quotidienne au travail; ainsi, ils sont non seulement charg\u00e9s des affaires courantes mais ils participent \u00e9galement \u00e0 des projets int\u00e9ressants. Mais au fait, que pensent-ils de leur apprentissage chez AMAG?<\/p>\n","protected":false},"author":27,"featured_media":15571,"comment_status":"open","ping_status":"open","sticky":false,"template":"","format":"standard","meta":{"_acf_changed":false,"inline_featured_image":false,"footnotes":""},"categories":[1786],"tags":[],"class_list":["post-15579","post","type-post","status-publish","format-standard","has-post-thumbnail","hentry","category-emplois-et-carriere"],"acf":[],"_links":{"self":[{"href":"https:\/\/www.amag-group.ch\/blog\/fr\/wp-json\/wp\/v2\/posts\/15579","targetHints":{"allow":["GET"]}}],"collection":[{"href":"https:\/\/www.amag-group.ch\/blog\/fr\/wp-json\/wp\/v2\/posts"}],"about":[{"href":"https:\/\/www.amag-group.ch\/blog\/fr\/wp-json\/wp\/v2\/types\/post"}],"author":[{"embeddable":true,"href":"https:\/\/www.amag-group.ch\/blog\/fr\/wp-json\/wp\/v2\/users\/27"}],"replies":[{"embeddable":true,"href":"https:\/\/www.amag-group.ch\/blog\/fr\/wp-json\/wp\/v2\/comments?post=15579"}],"version-history":[{"count":0,"href":"https:\/\/www.amag-group.ch\/blog\/fr\/wp-json\/wp\/v2\/posts\/15579\/revisions"}],"wp:featuredmedia":[{"embeddable":true,"href":"https:\/\/www.amag-group.ch\/blog\/fr\/wp-json\/wp\/v2\/media\/15571"}],"wp:attachment":[{"href":"https:\/\/www.amag-group.ch\/blog\/fr\/wp-json\/wp\/v2\/media?parent=15579"}],"wp:term":[{"taxonomy":"category","embeddable":true,"href":"https:\/\/www.amag-group.ch\/blog\/fr\/wp-json\/wp\/v2\/categories?post=15579"},{"taxonomy":"post_tag","embeddable":true,"href":"https:\/\/www.amag-group.ch\/blog\/fr\/wp-json\/wp\/v2\/tags?post=15579"}],"curies":[{"name":"wp","href":"https:\/\/api.w.org\/{rel}","templated":true}]}}