{"id":1549,"date":"2017-12-21T08:50:29","date_gmt":"2017-12-21T06:50:29","guid":{"rendered":"http:\/\/www.amag-group.ch\/blog\/fr\/?p=1549"},"modified":"2018-02-23T10:04:12","modified_gmt":"2018-02-23T10:04:12","slug":"faire-naitre-un-sourire-la-mission-de-la-fondation-theodora","status":"publish","type":"post","link":"https:\/\/www.amag-group.ch\/blog\/fr\/faire-naitre-un-sourire-la-mission-de-la-fondation-theodora\/","title":{"rendered":"Faire na\u00eetre un sourire \u2013 la mission de la fondation Th\u00e9odora"},"content":{"rendered":"<p><strong>Andr\u00e9 Poulie, expliquez-nous bri\u00e8vement ce que fait la Fondation Th\u00e9odora?<\/strong><\/p>\n<p>Nous apportons un peu de libert\u00e9 et de joie aux enfants hospitalis\u00e9s. Nos docteurs R\u00eaves leur font vivre des moments de bonheur et leur apportent un peu de distraction directement dans la chambre. Avec mon fr\u00e8re, nous avons cr\u00e9\u00e9 la Fondation en souvenir de ma m\u00e8re, qui me rendait r\u00e9guli\u00e8rement visite pendant mes s\u00e9jours \u00e0 l\u2019h\u00f4pital et qui me faisait rire, ce qui les rendait plus agr\u00e9able. Nous voulons transmettre l\u2019\u00e9nergie positive de ma m\u00e8re aux enfants.<\/p>\n<h3><strong>Est-ce que vous coop\u00e9rez toujours avec les m\u00eames h\u00f4pitaux.<\/strong><\/h3>\n<p>Oui, nous nous d\u00e9pla\u00e7ons toujours dans les m\u00eames h\u00f4pitaux et institutions pour enfants porteurs d\u2019un handicap, et ce, dans toute la Suisse. Chaque semaine, nos docteurs R\u00eaves font leur tourn\u00e9e de visite dans les \u00e9tablissements. Car, tout au long de l\u2019ann\u00e9e, il y a toujours des moments o\u00f9 les familles et les amis ne peuvent pas rendre visite r\u00e9guli\u00e8rement \u00e0 leur enfant hospitalis\u00e9. C\u2019est le cas par exemple \u00e0 No\u00ebl ou pendant les vacances d\u2019\u00e9t\u00e9 quand tout le monde part en voyage. C\u2019est l\u00e0 que la Fondation Th\u00e9odora s\u2019engage et que les docteurs R\u00eaves interviennent.<\/p>\n<div id=\"attachment_1551\" style=\"width: 630px\" class=\"wp-caption alignnone\"><img decoding=\"async\" aria-describedby=\"caption-attachment-1551\" class=\"size-medium wp-multi-image wp-multi-image-1551\" src=\"https:\/\/www.amag-group.ch\/blog\/wp-content\/uploads\/sites\/2\/2017\/12\/Theodora_Stiftung_KODIAQ_2017_Poulie-620x392.jpg\" alt=\"D\u00e9voilement du \u0160KODA KODIAQ pour la Fondation Th\u00e9odora au salon \u00abZ\u00fcri 2017\u00bb\" width=\"620\" height=\"392\" \/><p id=\"caption-attachment-1551\" class=\"wp-caption-text\">Andr\u00e9 Poulie (2e devant \u00e0 g.) avec la gagnante Kaisa (2e devant \u00e0 dr.), Markus Kohler, chef de la marque \u0160KODA (\u00e0 gauche) et le docteur R\u00eave Ahoi (\u00e0 droite) avec la voiture gagn\u00e9e cette ann\u00e9e<\/p><\/div>\n<h3><strong>Comment la Fondation est-elle financ\u00e9e?<\/strong><\/h3>\n<p>Toutes nos activit\u00e9s et nos visites sont int\u00e9gralement financ\u00e9es par les dons. Des entreprises, des donateurs priv\u00e9s, mais aussi d\u2019autres fondations apportent leur soutien financier \u00e0 notre travail.<\/p>\n<h3><strong>Comment est n\u00e9e la coop\u00e9ration avec \u0160KODA?<\/strong><\/h3>\n<p>\u00c0 l\u2019\u00e9poque, un membre du Conseil de Fondation \u00e9tait personnellement en contact avec la marque et nous avons vite compris que nous nous accordons parfaitement. La Fondation Th\u00e9odora et \u0160KODA partagent les m\u00eames valeurs: l\u2019orientation familiale, la qualit\u00e9 et la sensibilit\u00e9 aux prix. Ce cr\u00e9do est capital pour notre Fondation, car nous travaillons de fa\u00e7on concentr\u00e9e et utilisons les contributions de nos donateurs de mani\u00e8re consciente. C\u2019est une promesse que nous avons faite \u00e0 nos donateurs. \u0160KODA est donc le partenaire id\u00e9al pour nous et c\u2019est la raison pour laquelle nous avons un partenariat de longue date.<\/p>\n<h3><strong>Cette ann\u00e9e, Kaisa a gagn\u00e9 le concours de dessin pour le nouveau v\u00e9hicule de fonction. Ce concours est-il organis\u00e9 chaque ann\u00e9e?<\/strong><\/h3>\n<p>Oui, chaque ann\u00e9e nous organisons ce concours de dessin national. \u00c0 chaque fois, pr\u00e8s de 500\u00a0enfants y participent et chaque ann\u00e9e la cr\u00e9ation gagnante est toujours tr\u00e8s originale et tr\u00e8s belle. Le fait de partir en intervention pour le compte de la Fondation Th\u00e9odora au volant d\u2019une voiture au design joyeux inspire encore plus nos collaborateurs.<\/p>\n<h3><strong>Qu\u2019est-ce qui vous pla\u00eet le plus dans l\u2019\u0153uvre de Kaisa?<\/strong><\/h3>\n<p>Ce qui me pla\u00eet le plus c\u2019est qu\u2019elle est tr\u00e8s moderne. De plus, les smileys s\u2019adressent \u00e0 tout le monde, aux jeunes et aux personnes \u00e2g\u00e9es, et ils traduisent exactement ce que fait la Fondation Theodora. Gr\u00e2ce \u00e0 notre travail, nous faisons sourire les parents, les enfants et les employ\u00e9s des h\u00f4pitaux.<\/p>\n<h3><a href=\"http:\/\/www.amag.ch\/amagch\/corp\/fr\/newsletter\/anmeldeformular_Blog.html\" target=\"_blank\" rel=\"noopener\">Les actualit\u00e9s et le contexte de l\u2019univers automobile.<\/a><a href=\"http:\/\/www.amag.ch\/amagch\/corp\/fr\/newsletter\/anmeldeformular_Blog.html\" target=\"_blank\" rel=\"noopener\">\u00a0<span style=\"text-decoration: underline;\"><strong>Abonnez-vous d\u00e8s maintenant.<\/strong><\/span><\/a><\/h3>\n","protected":false},"excerpt":{"rendered":"<p>Depuis 14 ans d\u00e9j\u00e0, \u0160KODA est le partenaire de mobilit\u00e9 de la Fondation Th\u00e9odora. Lorsque le nouveau \u0160KODA KODIAQ arborant le design du gagnant du concours de dessin a \u00e9t\u00e9 d\u00e9voil\u00e9 au salon \u00abAuto Z\u00fcrich Car Show 2017\u00bb, nous nous sommes entretenus avec Andr\u00e9 Poulie, pr\u00e9sident du Conseil de Fondation. <\/p>\n","protected":false},"author":27,"featured_media":7904,"comment_status":"open","ping_status":"open","sticky":false,"template":"","format":"standard","meta":{"_acf_changed":false,"inline_featured_image":false,"footnotes":""},"categories":[1795],"tags":[],"class_list":["post-1549","post","type-post","status-publish","format-standard","has-post-thumbnail","hentry","category-durabilite"],"acf":[],"_links":{"self":[{"href":"https:\/\/www.amag-group.ch\/blog\/fr\/wp-json\/wp\/v2\/posts\/1549","targetHints":{"allow":["GET"]}}],"collection":[{"href":"https:\/\/www.amag-group.ch\/blog\/fr\/wp-json\/wp\/v2\/posts"}],"about":[{"href":"https:\/\/www.amag-group.ch\/blog\/fr\/wp-json\/wp\/v2\/types\/post"}],"author":[{"embeddable":true,"href":"https:\/\/www.amag-group.ch\/blog\/fr\/wp-json\/wp\/v2\/users\/27"}],"replies":[{"embeddable":true,"href":"https:\/\/www.amag-group.ch\/blog\/fr\/wp-json\/wp\/v2\/comments?post=1549"}],"version-history":[{"count":0,"href":"https:\/\/www.amag-group.ch\/blog\/fr\/wp-json\/wp\/v2\/posts\/1549\/revisions"}],"wp:featuredmedia":[{"embeddable":true,"href":"https:\/\/www.amag-group.ch\/blog\/fr\/wp-json\/wp\/v2\/media\/7904"}],"wp:attachment":[{"href":"https:\/\/www.amag-group.ch\/blog\/fr\/wp-json\/wp\/v2\/media?parent=1549"}],"wp:term":[{"taxonomy":"category","embeddable":true,"href":"https:\/\/www.amag-group.ch\/blog\/fr\/wp-json\/wp\/v2\/categories?post=1549"},{"taxonomy":"post_tag","embeddable":true,"href":"https:\/\/www.amag-group.ch\/blog\/fr\/wp-json\/wp\/v2\/tags?post=1549"}],"curies":[{"name":"wp","href":"https:\/\/api.w.org\/{rel}","templated":true}]}}