{"id":1540,"date":"2017-12-18T09:02:09","date_gmt":"2017-12-18T07:02:09","guid":{"rendered":"http:\/\/www.amag-group.ch\/blog\/fr\/?p=1540"},"modified":"2018-02-23T10:04:12","modified_gmt":"2018-02-23T10:04:12","slug":"lavenir-des-facteurs-de-reussite-suisses","status":"publish","type":"post","link":"https:\/\/www.amag-group.ch\/blog\/fr\/lavenir-des-facteurs-de-reussite-suisses\/","title":{"rendered":"L\u2019avenir des facteurs de r\u00e9ussite suisses"},"content":{"rendered":"<p>Lors de la Matin\u00e9e Impulsion AMAG, la manifestation pour les \u00e9lus politiques, Peter Gr\u00fcnengfelder a expliqu\u00e9 quels facteurs de r\u00e9ussite caract\u00e9risent la Suisse. Il les voit dans les droits de participation d\u00e9mocratique, la bonne structure \u00e9conomique et la qualit\u00e9 de l\u2019\u00e9ducation. En outre, notre march\u00e9 du travail relativement lib\u00e9ral, qui, selon lui, aurait un grand potentiel de renouvellement, favoriserait \u00e9galement la prosp\u00e9rit\u00e9 du pays. Le fait que la Suisse soit championne du monde de l\u2019innovation serait aussi une des raisons de son succ\u00e8s. L\u2019acc\u00e8s aux march\u00e9s \u00e9trangers\u00a0\u2013 l\u2019exportation repr\u00e9senterait 80\u00a0% du PIB\u00a0\u2013, favoriserait la prosp\u00e9rit\u00e9. Depuis 1848, le PIB aurait augment\u00e9 de 1,6\u00a0% par an. La structure d\u00e9mographique de la Suisse montrerait que nous sommes un pays de migration et que les migrants participeraient \u00e0 la \u00absuccess story\u00bb de la Suisse.<\/p>\n<div id=\"attachment_1543\" style=\"width: 630px\" class=\"wp-caption alignnone\"><img decoding=\"async\" aria-describedby=\"caption-attachment-1543\" class=\"size-medium wp-multi-image wp-multi-image-1543\" src=\"https:\/\/www.amag-group.ch\/blog\/wp-content\/uploads\/sites\/2\/2017\/12\/Matin\u00e9e-Impulsion-AMAG-\u00e0-Baden_Gr\u00fcnenfelder-Peter-620x376.jpg\" alt=\"Peter Gr\u00fcnenfelder, directeur d\u2019Avenir Suisse, lors de la Matin\u00e9e Impulsion AMAG \u00e0 Baden\" width=\"620\" height=\"376\" \/><p id=\"caption-attachment-1543\" class=\"wp-caption-text\">Peter Gr\u00fcnenfelder lors de sa conf\u00e9rence sur les facteurs de r\u00e9ussite<\/p><\/div>\n<p>Du point de vue de Gr\u00fcnenfelder, la n\u00e9cessit\u00e9 de r\u00e9former l\u2019assurance vieillesse et l\u2019assurance sociale menacerait les facteurs de r\u00e9ussite. En outre, la Conf\u00e9d\u00e9ration devrait investir davantage dans l\u2019\u00e9ducation pour relancer la cr\u00e9ation de valeur. La dur\u00e9e de perception des rentes, voire le fait que l\u2019\u00e2ge de la retraite n\u2019a pas \u00e9t\u00e9 revu \u00e0 la hausse, aurait un impact n\u00e9gatif sur le march\u00e9 du travail. En outre, le secteur de l\u2019\u00e9ducation n\u00e9gligerait en partie le march\u00e9 du travail. Le probl\u00e8me exacerberait \u00e9galement la densit\u00e9 des r\u00e9glementations. L\u2019entreprenariat \u00e9tatique serait \u00e9galement tr\u00e8s \u00e9lev\u00e9 en Suisse, ce qui rendrait la comp\u00e9titivit\u00e9 f\u00e9d\u00e9rale de plus en plus difficile.<\/p>\n<p>Dans son expos\u00e9, Peter Gr\u00fcnenfelder a formul\u00e9 les suggestions suivantes pour assurer le succ\u00e8s de la Suisse:<\/p>\n<ul>\n<li>Dissociation du f\u00e9d\u00e9ralisme comp\u00e9titif: r\u00e9troc\u00e9der des t\u00e2ches et les imp\u00f4ts directs aux cantons.<\/li>\n<li>Privatisation: mener le d\u00e9bat sur la privatisation et diminuer les risques de l\u2019\u00c9tat.<\/li>\n<li>Simplifier les investissements \u00e9trangers: si plus d\u2019\u00e9trangers investissent, la comp\u00e9titivit\u00e9 est exacerb\u00e9e.<\/li>\n<li>\u00c9tablir des r\u00e9seaux avec les pays \u00e9trangers: examiner de plus pr\u00e8s les relations avec l\u2019Europe et le monde et conclure de nouveaux accords de libre-\u00e9change.<\/li>\n<li>D\u00e9veloppement territorial sens\u00e9: d\u00e9velopper une politique d\u2019am\u00e9nagement du territoire judicieuse et une relation naturelle et objective avec la main-d\u2019\u0153uvre \u00e9trang\u00e8re.<\/li>\n<li>Re-lib\u00e9ralisation du march\u00e9 du travail: prise en compte de l\u2019\u00e9volution num\u00e9rique sur le march\u00e9 du travail.<\/li>\n<li>R\u00e9former l\u2019\u00e9ducation: concentration des connaissances, d\u00e9politisation et concurrence accrue pour restructurer l\u2019\u00e9ducation<\/li>\n<\/ul>\n<div id=\"attachment_1544\" style=\"width: 630px\" class=\"wp-caption alignnone\"><img decoding=\"async\" aria-describedby=\"caption-attachment-1544\" class=\"size-medium wp-multi-image wp-multi-image-1544\" src=\"https:\/\/www.amag-group.ch\/blog\/wp-content\/uploads\/sites\/2\/2017\/12\/Matin\u00e9e-Impulsion-AMAG-\u00e0-Baden_Gr\u00fcnenfelder_Hannesbo-620x381.jpg\" alt=\"Morten Hannesbo, Peter Gr\u00fcnenfelder et l\u2019animateur Nik Hartmann lors de la Matin\u00e9e Impulsion AMAG\" width=\"620\" height=\"381\" \/><p id=\"caption-attachment-1544\" class=\"wp-caption-text\">Morten Hannesbo, CEO d\u2019AMAG (au centre) en conversation avec Peter Gr\u00fcnenfelder (\u00e0 gauche)<\/p><\/div>\n<p>La Suisse aurait besoin d\u2019un certain degr\u00e9 d\u2019un large renouveau culturel. Cela permettrait au pays de poursuivre sur la voie de la r\u00e9ussite. Il ne s\u2019agirait pas de rester figer dans un statu quo, du dynamisme serait exig\u00e9.<\/p>\n<h3><a href=\"http:\/\/www.amag.ch\/amagch\/corp\/fr\/newsletter\/anmeldeformular_Blog.html\" target=\"_blank\" rel=\"noopener\">Les actualit\u00e9s et le contexte de l\u2019univers automobile.<\/a><a href=\"http:\/\/www.amag.ch\/amagch\/corp\/fr\/newsletter\/anmeldeformular_Blog.html\" target=\"_blank\" rel=\"noopener\">\u00a0<span style=\"text-decoration: underline;\"><strong>Abonnez-vous d\u00e8s maintenant.<\/strong><\/span><\/a><\/h3>\n","protected":false},"excerpt":{"rendered":"<p>Qu\u2019en est-il des facteurs de r\u00e9ussite de la Suisse? Sommes-nous \u00e0 l\u2019abri ou sont-ils en danger? Ce sont les questions que nous avons pos\u00e9es \u00e0 Peter Gr\u00fcnenfelder, directeur d\u2019Avenir Suisse, lors de la Matin\u00e9e Impulsion AMAG du 8 d\u00e9cembre 2017.<\/p>\n","protected":false},"author":27,"featured_media":7901,"comment_status":"open","ping_status":"open","sticky":false,"template":"","format":"standard","meta":{"_acf_changed":false,"inline_featured_image":false,"footnotes":""},"categories":[1795],"tags":[],"class_list":["post-1540","post","type-post","status-publish","format-standard","has-post-thumbnail","hentry","category-durabilite"],"acf":[],"_links":{"self":[{"href":"https:\/\/www.amag-group.ch\/blog\/fr\/wp-json\/wp\/v2\/posts\/1540","targetHints":{"allow":["GET"]}}],"collection":[{"href":"https:\/\/www.amag-group.ch\/blog\/fr\/wp-json\/wp\/v2\/posts"}],"about":[{"href":"https:\/\/www.amag-group.ch\/blog\/fr\/wp-json\/wp\/v2\/types\/post"}],"author":[{"embeddable":true,"href":"https:\/\/www.amag-group.ch\/blog\/fr\/wp-json\/wp\/v2\/users\/27"}],"replies":[{"embeddable":true,"href":"https:\/\/www.amag-group.ch\/blog\/fr\/wp-json\/wp\/v2\/comments?post=1540"}],"version-history":[{"count":0,"href":"https:\/\/www.amag-group.ch\/blog\/fr\/wp-json\/wp\/v2\/posts\/1540\/revisions"}],"wp:featuredmedia":[{"embeddable":true,"href":"https:\/\/www.amag-group.ch\/blog\/fr\/wp-json\/wp\/v2\/media\/7901"}],"wp:attachment":[{"href":"https:\/\/www.amag-group.ch\/blog\/fr\/wp-json\/wp\/v2\/media?parent=1540"}],"wp:term":[{"taxonomy":"category","embeddable":true,"href":"https:\/\/www.amag-group.ch\/blog\/fr\/wp-json\/wp\/v2\/categories?post=1540"},{"taxonomy":"post_tag","embeddable":true,"href":"https:\/\/www.amag-group.ch\/blog\/fr\/wp-json\/wp\/v2\/tags?post=1540"}],"curies":[{"name":"wp","href":"https:\/\/api.w.org\/{rel}","templated":true}]}}