{"id":13574,"date":"2019-04-12T07:34:34","date_gmt":"2019-04-12T05:34:34","guid":{"rendered":"https:\/\/www.amag-group.ch\/blog\/?p=13574"},"modified":"2019-05-02T12:50:33","modified_gmt":"2019-05-02T10:50:33","slug":"les-employes-au-centre-de-lattention-gezim-zeqa","status":"publish","type":"post","link":"https:\/\/www.amag-group.ch\/blog\/fr\/les-employes-au-centre-de-lattention-gezim-zeqa\/","title":{"rendered":"Les employ\u00e9s au centre de l\u2019attention: Gezim Zeqa"},"content":{"rendered":"<h4>Si\u00a0tu dois donner deux conseils \u00e0 toi-m\u00eame \u00e0 l\u2019\u00e2ge de 14 ans?<\/h4>\n<p>Prendre le temps d\u2019apprendre des langues \u00e9trang\u00e8res et suivre des formations continues. Si possible, je recommande \u00e0 chacun de faire un s\u00e9jour linguistique. Cela ne vous apprend pas seulement la langue, mais aussi beaucoup de choses sur vous-m\u00eame. J\u2019aurais aussi d\u00fb \u00eatre plus attentif pendant mes cours d\u2019allemand.<\/p>\n<div id=\"attachment_13554\" style=\"width: 1930px\" class=\"wp-caption aligncenter\"><img decoding=\"async\" aria-describedby=\"caption-attachment-13554\" class=\"wp-image-13554 size-full\" src=\"https:\/\/www.amag-group.ch\/blog\/wp-content\/uploads\/2019\/04\/Bild-5_Gezim.jpg\" alt=\"Gezim Zeqa, Teamleader Warehouse Operations\" width=\"1920\" height=\"1280\" srcset=\"https:\/\/www.amag-group.ch\/blog\/wp-content\/uploads\/2019\/04\/Bild-5_Gezim.jpg 1920w, https:\/\/www.amag-group.ch\/blog\/wp-content\/uploads\/2019\/04\/Bild-5_Gezim-620x414.jpg 620w, https:\/\/www.amag-group.ch\/blog\/wp-content\/uploads\/2019\/04\/Bild-5_Gezim-768x512.jpg 768w, https:\/\/www.amag-group.ch\/blog\/wp-content\/uploads\/2019\/04\/Bild-5_Gezim-720x480.jpg 720w\" sizes=\"(max-width: 1920px) 100vw, 1920px\" \/><p id=\"caption-attachment-13554\" class=\"wp-caption-text\">Gezim Zeqa, Teamleader Warehouse Operations<\/p><\/div>\n<h4>Quelles sont les t\u00e2ches du poste de \u00abTeam leader Warehouse Operation\u00bb?<\/h4>\n<p>Je suis responsable des affaires quotidiennes du centre logistique des pi\u00e8ces d\u00e9tach\u00e9es de Buchs ZH. Cela comprend l\u2019affectation quotidienne du personnel, le recrutement de personnel permanent et temporaire, ainsi que l\u2019organisation r\u00e9guli\u00e8re de formations et d\u2019\u00e9valuations des employ\u00e9s. Selon les saisons, les diff\u00e9rents d\u00e9partements ont besoin de plus ou moins de personnel. C\u2019est pourquoi il est important de garder une bonne vue d\u2019ensemble et d\u2019utiliser les ressources efficacement. <br \/>\nLe suivi des diff\u00e9rents domaines op\u00e9rationnels fait aussi partie de mon quotidien. Cela comprend par exemple le contr\u00f4le et l\u2019optimisation des proc\u00e9dures d\u2019entr\u00e9e de marchandises, mais aussi les contr\u00f4les des proc\u00e9dures d\u2019entreposage, de pr\u00e9l\u00e8vement et de livraison.<\/p>\n<h4>Qu\u2019est-ce que\u00a0tu aimes le plus dans votre travail?<img decoding=\"async\" class=\"alignright size-medium wp-image-13557\" src=\"https:\/\/www.amag-group.ch\/blog\/wp-content\/uploads\/2019\/04\/Bild-6_Gezim-620x414.jpg\" alt=\"\" width=\"620\" height=\"414\" srcset=\"https:\/\/www.amag-group.ch\/blog\/wp-content\/uploads\/2019\/04\/Bild-6_Gezim-620x414.jpg 620w, https:\/\/www.amag-group.ch\/blog\/wp-content\/uploads\/2019\/04\/Bild-6_Gezim-768x512.jpg 768w, https:\/\/www.amag-group.ch\/blog\/wp-content\/uploads\/2019\/04\/Bild-6_Gezim-720x480.jpg 720w, https:\/\/www.amag-group.ch\/blog\/wp-content\/uploads\/2019\/04\/Bild-6_Gezim.jpg 1920w\" sizes=\"(max-width: 620px) 100vw, 620px\" \/><\/h4>\n<p>J\u2019aime particuli\u00e8rement le travail lui-m\u00eame et le contact avec de nombreuses personnes diff\u00e9rentes. Mon champ de responsabilit\u00e9s est tr\u00e8s vari\u00e9. J\u2019ai l\u2019occasion de travailler avec diff\u00e9rents d\u00e9partements, ce qui me pose chaque jour de nouveaux d\u00e9fis, mais est aussi tr\u00e8s stimulant.<\/p>\n<h4>Comment s\u2019est d\u00e9roul\u00e9e\u00a0ta carri\u00e8re jusqu\u2019\u00e0 pr\u00e9sent?<\/h4>\n<p>J\u2019ai fui le Kosovo pour la Suisse \u00e0 l\u2019\u00e2ge de 18 ans. Au d\u00e9but, c\u2019\u00e9tait difficile d\u2019\u00eatre seul en Suisse, s\u00e9par\u00e9 de ma famille. Avant d\u2019arriver chez AMAG, j\u2019ai eu diff\u00e9rents emplois. En 1995, j\u2019ai travaill\u00e9 pendant un an dans une entreprise de conciergerie, avant de travailler pendant deux ans dans l\u2019agriculture pour un exploitant. Nous y produisions principalement des fruits et l\u00e9gumes pour les h\u00f4pitaux. De 1997 \u00e0 2000, j\u2019ai travaill\u00e9 sur les chantiers de construction. J\u2019ai pass\u00e9 l\u2019examen de grutier et \u00e9galement travaill\u00e9 comme contrema\u00eetre ferrailleur dans une autre entreprise. <br \/>\nPar la suite, je suis retourn\u00e9 dans mon pays natal. J\u2019y ai ouvert une pizzeria avec un bar. Malheureusement, l\u2019immeuble a \u00e9t\u00e9 vendu apr\u00e8s trois ans et j\u2019ai d\u00fb fermer mon entreprise. De retour en Suisse, j\u2019ai d\u2019abord continu\u00e9 \u00e0 travailler dans le secteur de la gastronomie avant de commencer comme employ\u00e9 logistique chez AMAG en 2010. J\u2019ai ensuite travaill\u00e9 avec le centre de logistique des pi\u00e8ces dans la disposition, pour plus tard prendre le poste de chef d\u2019\u00e9quipe pour la sortie des marchandises. Depuis 2014, je travaille en tant que chef d\u2019\u00e9quipe de l\u2019exploitation des entrep\u00f4ts.<\/p>\n<p><img decoding=\"async\" class=\"aligncenter wp-image-13548 size-full\" src=\"https:\/\/www.amag-group.ch\/blog\/wp-content\/uploads\/2019\/04\/Bild-1_Gezim.jpg\" alt=\"\" width=\"1920\" height=\"1280\" srcset=\"https:\/\/www.amag-group.ch\/blog\/wp-content\/uploads\/2019\/04\/Bild-1_Gezim.jpg 1920w, https:\/\/www.amag-group.ch\/blog\/wp-content\/uploads\/2019\/04\/Bild-1_Gezim-620x414.jpg 620w, https:\/\/www.amag-group.ch\/blog\/wp-content\/uploads\/2019\/04\/Bild-1_Gezim-768x512.jpg 768w, https:\/\/www.amag-group.ch\/blog\/wp-content\/uploads\/2019\/04\/Bild-1_Gezim-720x480.jpg 720w\" sizes=\"(max-width: 1920px) 100vw, 1920px\" \/><\/p>\n<h4>Que dirais-tu \u00e0 ton meilleur ami au sujet d\u2019AMAG?<\/h4>\n<p>Il y a beaucoup de bonnes personnes chez AMAG et le travail est tr\u00e8s stimulant. L\u2019entreprise est bien organis\u00e9e, mais elle pourrait \u00eatre un peu plus agile. Si vous voulez progresser, AMAG vous soutient de la meilleure fa\u00e7on possible.<\/p>\n<h4><img decoding=\"async\" class=\"alignleft size-medium wp-image-13560\" src=\"https:\/\/www.amag-group.ch\/blog\/wp-content\/uploads\/2019\/04\/Bild-7_Gezim-556x414.jpg\" alt=\"\" width=\"556\" height=\"414\" srcset=\"https:\/\/www.amag-group.ch\/blog\/wp-content\/uploads\/2019\/04\/Bild-7_Gezim-556x414.jpg 556w, https:\/\/www.amag-group.ch\/blog\/wp-content\/uploads\/2019\/04\/Bild-7_Gezim-768x572.jpg 768w, https:\/\/www.amag-group.ch\/blog\/wp-content\/uploads\/2019\/04\/Bild-7_Gezim.jpg 1920w\" sizes=\"(max-width: 556px) 100vw, 556px\" \/><\/h4>\n<h4>Que faites-tu quand\u00a0tu ne travailles pas?<\/h4>\n<p>Je fais du jogging r\u00e9guli\u00e8rement. En \u00e9t\u00e9, j\u2019aime aussi nager. Le week-end, je rencontre des amis. Entre autres choses, nous jouons au poker ou avons des conversations int\u00e9ressantes. J\u2019aime aussi voyager et explorer la Suisse ainsi que les pays voisins, et mon pays d\u2019origine.<\/p>\n<h4>Je voulais aussi dire que<\/h4>\n<p>J\u2019ai appris qu\u2019avec une forte volont\u00e9 et une certaine ambition, on peut faire beaucoup de choses. Il suffit de toujours croire en soi et de ne jamais abandonner malgr\u00e9 toutes les difficult\u00e9s. Les efforts sont souvent r\u00e9compens\u00e9s.<\/p>\n","protected":false},"excerpt":{"rendered":"<p>Aujourd\u2019hui, Gezim Zeqa, chef de l\u2019\u00e9quipe Warehouse Operation du centre logistique de pi\u00e8ces d\u00e9tach\u00e9es de Buchs ZH, nous explique comment, avec son \u00e9quipe de 52 personnes, il assure le suivi d\u2019environ 100 000 pi\u00e8ces de rechange. Il raconte comment, ancien g\u00e9rant de pizzeria, il est arriv\u00e9 chez AMAG, et pourquoi cela vaut la peine de se donner \u00e0 fond.<\/p>\n","protected":false},"author":40,"featured_media":13552,"comment_status":"open","ping_status":"open","sticky":false,"template":"","format":"standard","meta":{"_acf_changed":false,"inline_featured_image":false,"footnotes":""},"categories":[1786],"tags":[],"class_list":["post-13574","post","type-post","status-publish","format-standard","has-post-thumbnail","hentry","category-emplois-et-carriere"],"acf":[],"_links":{"self":[{"href":"https:\/\/www.amag-group.ch\/blog\/fr\/wp-json\/wp\/v2\/posts\/13574","targetHints":{"allow":["GET"]}}],"collection":[{"href":"https:\/\/www.amag-group.ch\/blog\/fr\/wp-json\/wp\/v2\/posts"}],"about":[{"href":"https:\/\/www.amag-group.ch\/blog\/fr\/wp-json\/wp\/v2\/types\/post"}],"author":[{"embeddable":true,"href":"https:\/\/www.amag-group.ch\/blog\/fr\/wp-json\/wp\/v2\/users\/40"}],"replies":[{"embeddable":true,"href":"https:\/\/www.amag-group.ch\/blog\/fr\/wp-json\/wp\/v2\/comments?post=13574"}],"version-history":[{"count":0,"href":"https:\/\/www.amag-group.ch\/blog\/fr\/wp-json\/wp\/v2\/posts\/13574\/revisions"}],"wp:featuredmedia":[{"embeddable":true,"href":"https:\/\/www.amag-group.ch\/blog\/fr\/wp-json\/wp\/v2\/media\/13552"}],"wp:attachment":[{"href":"https:\/\/www.amag-group.ch\/blog\/fr\/wp-json\/wp\/v2\/media?parent=13574"}],"wp:term":[{"taxonomy":"category","embeddable":true,"href":"https:\/\/www.amag-group.ch\/blog\/fr\/wp-json\/wp\/v2\/categories?post=13574"},{"taxonomy":"post_tag","embeddable":true,"href":"https:\/\/www.amag-group.ch\/blog\/fr\/wp-json\/wp\/v2\/tags?post=13574"}],"curies":[{"name":"wp","href":"https:\/\/api.w.org\/{rel}","templated":true}]}}