{"id":12170,"date":"2019-01-10T11:28:23","date_gmt":"2019-01-10T10:28:23","guid":{"rendered":"https:\/\/www.amag-group.ch\/blog\/?p=12170"},"modified":"2019-05-28T08:37:57","modified_gmt":"2019-05-28T06:37:57","slug":"quelles-seront-les-nouvelles-regles-de-circulation-en-2019","status":"publish","type":"post","link":"https:\/\/www.amag-group.ch\/blog\/fr\/quelles-seront-les-nouvelles-regles-de-circulation-en-2019\/","title":{"rendered":"Quelles seront les nouvelles r\u00e8gles de circulation en 2019?"},"content":{"rendered":"<p><em>Cher Dr AMAG,<\/em><br \/>\n<em>Derni\u00e8rement, je me suis retrouv\u00e9 dans une file de voitures qui roulait au pas et je ne savais pas si j\u2019avais le droit de doubler par la droite, car ma file avan\u00e7ait plus rapidement. Les m\u00e9dias ont d\u00e9j\u00e0 souvent abord\u00e9 le d\u00e9passement par la droite ou le fait de passer \u00e0 c\u00f4t\u00e9 d\u2019une autre voiture. Est-ce d\u00e9j\u00e0 ent\u00e9rin\u00e9 et \u00e0 partir de quand cela sera-t-il valable?<\/em><\/p>\n<p>Cher auteur de la question,<br \/>\nDe nombreuses modifications des r\u00e8gles de circulation doivent \u00eatre adopt\u00e9es au printemps 2019. D\u00e9but octobre, le Conseil f\u00e9d\u00e9ral a propos\u00e9 diff\u00e9rentes mesures visant \u00e0 am\u00e9liorer la circulation et la s\u00e9curit\u00e9.<\/p>\n<h3>Voici un aper\u00e7u de ces prochains changements:<\/h3>\n<ul>\n<li>Les enfants en \u00e2ge d\u2019aller \u00e0 l\u2019\u00e9cole primaire devront avoir la permission de rouler en v\u00e9lo sur les trottoirs.<\/li>\n<li>Les v\u00e9hicules automobiles l\u00e9gers avec remorques pourront rouler \u00e0 100 km\/h au lieu de 80 km\/h sur les autoroutes.<\/li>\n<li>Le principe de la fermeture \u00e9clair avant la fermeture d\u2019une voie (en cas de chantier, par exemple) devra \u00eatre ancr\u00e9 dans la loi.<\/li>\n<li>Le d\u00e9passement par la droite sur les autoroutes devra \u00eatre autoris\u00e9. (1) Ceci signifie qu\u2019en cas d\u2019embouteillages, il sera possible de d\u00e9passer la file de gauche en roulant \u00e0 la m\u00eame vitesse. Par contre, un changement de la voie de droite sur la voie de gauche sera toujours consid\u00e9r\u00e9 comme un d\u00e9passement par la droite et continuera \u00e0 \u00eatre verbalis\u00e9 par un retrait de permis de conduire. (2)<\/li>\n<li>La voie d\u2019urgence devra \u00eatre obligatoire. Elle permettra aux v\u00e9hicules d\u2019urgence d\u2019arriver rapidement sur les lieux des accidents. (3)<\/li>\n<li>Les cyclistes auront le droit de tourner \u00e0 droite au feu rouge (en cas de signalisation correspondante). (4)<\/li>\n<li>La distance minimum avec un v\u00e9hicule prioritaire muni d\u2019un gyrophare devra \u00eatre supprim\u00e9e. Jusqu\u2019\u00e0 pr\u00e9sent, cette distance minimum \u00e9tait de 100 m\u00e8tres<\/li>\n<\/ul>\n\n\t\t<style type=\"text\/css\">\n\t\t\t#gallery-1 {\n\t\t\t\tmargin: auto;\n\t\t\t}\n\t\t\t#gallery-1 .gallery-item {\n\t\t\t\tfloat: left;\n\t\t\t\tmargin-top: 10px;\n\t\t\t\ttext-align: center;\n\t\t\t\twidth: 25%;\n\t\t\t}\n\t\t\t#gallery-1 img {\n\t\t\t\tborder: 2px solid #cfcfcf;\n\t\t\t}\n\t\t\t#gallery-1 .gallery-caption {\n\t\t\t\tmargin-left: 0;\n\t\t\t}\n\t\t\t\/* see gallery_shortcode() in wp-includes\/media.php *\/\n\t\t<\/style>\n\t\t<div id='gallery-1' class='gallery galleryid-12170 gallery-columns-4 gallery-size-medium'><dl class='gallery-item'>\n\t\t\t<dt class='gallery-icon landscape'>\n\t\t\t\t<a href='https:\/\/www.amag-group.ch\/blog\/wp-content\/uploads\/2019\/01\/AMAG_rechts_vorbeifahren.jpg'><img decoding=\"async\" width=\"414\" height=\"414\" src=\"https:\/\/www.amag-group.ch\/blog\/wp-content\/uploads\/2019\/01\/AMAG_rechts_vorbeifahren-414x414.jpg\" class=\"attachment-medium size-medium\" alt=\"\" aria-describedby=\"gallery-1-12161\" srcset=\"https:\/\/www.amag-group.ch\/blog\/wp-content\/uploads\/2019\/01\/AMAG_rechts_vorbeifahren-414x414.jpg 414w, https:\/\/www.amag-group.ch\/blog\/wp-content\/uploads\/2019\/01\/AMAG_rechts_vorbeifahren-768x768.jpg 768w, https:\/\/www.amag-group.ch\/blog\/wp-content\/uploads\/2019\/01\/AMAG_rechts_vorbeifahren.jpg 1000w\" sizes=\"(max-width: 414px) 100vw, 414px\" \/><\/a>\n\t\t\t<\/dt>\n\t\t\t\t<dd class='wp-caption-text gallery-caption' id='gallery-1-12161'>\n\t\t\t\t1\n\t\t\t\t<\/dd><\/dl><dl class='gallery-item'>\n\t\t\t<dt class='gallery-icon landscape'>\n\t\t\t\t<a href='https:\/\/www.amag-group.ch\/blog\/wp-content\/uploads\/2019\/01\/AMAGrechts_ueberholen.jpg'><img decoding=\"async\" width=\"414\" height=\"414\" src=\"https:\/\/www.amag-group.ch\/blog\/wp-content\/uploads\/2019\/01\/AMAGrechts_ueberholen-414x414.jpg\" class=\"attachment-medium size-medium\" alt=\"\" aria-describedby=\"gallery-1-12152\" srcset=\"https:\/\/www.amag-group.ch\/blog\/wp-content\/uploads\/2019\/01\/AMAGrechts_ueberholen-414x414.jpg 414w, https:\/\/www.amag-group.ch\/blog\/wp-content\/uploads\/2019\/01\/AMAGrechts_ueberholen-768x768.jpg 768w, https:\/\/www.amag-group.ch\/blog\/wp-content\/uploads\/2019\/01\/AMAGrechts_ueberholen.jpg 1000w\" sizes=\"(max-width: 414px) 100vw, 414px\" \/><\/a>\n\t\t\t<\/dt>\n\t\t\t\t<dd class='wp-caption-text gallery-caption' id='gallery-1-12152'>\n\t\t\t\t2\n\t\t\t\t<\/dd><\/dl><dl class='gallery-item'>\n\t\t\t<dt class='gallery-icon landscape'>\n\t\t\t\t<a href='https:\/\/www.amag-group.ch\/blog\/wp-content\/uploads\/2019\/01\/AMAG_Rettungsgasse.jpg'><img decoding=\"async\" width=\"414\" height=\"414\" src=\"https:\/\/www.amag-group.ch\/blog\/wp-content\/uploads\/2019\/01\/AMAG_Rettungsgasse-414x414.jpg\" class=\"attachment-medium size-medium\" alt=\"\" aria-describedby=\"gallery-1-12143\" srcset=\"https:\/\/www.amag-group.ch\/blog\/wp-content\/uploads\/2019\/01\/AMAG_Rettungsgasse-414x414.jpg 414w, https:\/\/www.amag-group.ch\/blog\/wp-content\/uploads\/2019\/01\/AMAG_Rettungsgasse-768x768.jpg 768w, https:\/\/www.amag-group.ch\/blog\/wp-content\/uploads\/2019\/01\/AMAG_Rettungsgasse.jpg 1000w\" sizes=\"(max-width: 414px) 100vw, 414px\" \/><\/a>\n\t\t\t<\/dt>\n\t\t\t\t<dd class='wp-caption-text gallery-caption' id='gallery-1-12143'>\n\t\t\t\t4\n\t\t\t\t<\/dd><\/dl><dl class='gallery-item'>\n\t\t\t<dt class='gallery-icon landscape'>\n\t\t\t\t<a href='https:\/\/www.amag-group.ch\/blog\/wp-content\/uploads\/2019\/01\/AMAG_Rechtsabbiegen_bei_rot.jpg'><img decoding=\"async\" width=\"414\" height=\"414\" src=\"https:\/\/www.amag-group.ch\/blog\/wp-content\/uploads\/2019\/01\/AMAG_Rechtsabbiegen_bei_rot-414x414.jpg\" class=\"attachment-medium size-medium\" alt=\"\" aria-describedby=\"gallery-1-12164\" srcset=\"https:\/\/www.amag-group.ch\/blog\/wp-content\/uploads\/2019\/01\/AMAG_Rechtsabbiegen_bei_rot-414x414.jpg 414w, https:\/\/www.amag-group.ch\/blog\/wp-content\/uploads\/2019\/01\/AMAG_Rechtsabbiegen_bei_rot-768x768.jpg 768w, https:\/\/www.amag-group.ch\/blog\/wp-content\/uploads\/2019\/01\/AMAG_Rechtsabbiegen_bei_rot.jpg 1000w\" sizes=\"(max-width: 414px) 100vw, 414px\" \/><\/a>\n\t\t\t<\/dt>\n\t\t\t\t<dd class='wp-caption-text gallery-caption' id='gallery-1-12164'>\n\t\t\t\t3\n\t\t\t\t<\/dd><\/dl><br style=\"clear: both\" \/>\n\t\t<\/div>\n\n<p>En revanche, la date \u00e0 laquelle ces changements entreront en vigueur n\u2019est pas encore fix\u00e9e.<\/p>\n<h3>Nouvelles r\u00e8gles de circulation d\u00e9j\u00e0 applicables:<\/h3>\n<ul>\n<li>L\u2019\u00e2ge du contr\u00f4le m\u00e9dical a \u00e9t\u00e9 relev\u00e9 de 70 \u00e0 75 ans. La capacit\u00e9 de rouler y est v\u00e9rifi\u00e9e. Ce changement de r\u00e8gle entrera en vigueur \u00e0 partir du 1er janvier 2019. (5)<\/li>\n<li>Depuis 2017, le contr\u00f4le technique des voitures de tourisme et des motos ne doit \u00eatre effectu\u00e9 qu\u2019au bout de 5 ans, et au plus tard 6 ans apr\u00e8s la premi\u00e8re mise en circulation. (6)<\/li>\n<li>Depuis deux ans, il faut rouler \u00e0 au moins 100 km\/h sur la voie de gauche sur les autoroutes \u00e0 trois voies. Auparavant, la limite \u00e9tait fix\u00e9e \u00e0 80 km\/h. Les cars de voyage sont donc interdits sur la voie de gauche. (7)<\/li>\n<li>La man\u0153uvre de marche arri\u00e8re sur une longue distance est interdite depuis 2016, car cela provoquait trop d\u2019accidents. La marche arri\u00e8re ne peut \u00eatre utilis\u00e9e que lorsqu\u2019il est impossible de tourner ou pour se garer. (8)<\/li>\n<\/ul>\n\n\t\t<style type=\"text\/css\">\n\t\t\t#gallery-2 {\n\t\t\t\tmargin: auto;\n\t\t\t}\n\t\t\t#gallery-2 .gallery-item {\n\t\t\t\tfloat: left;\n\t\t\t\tmargin-top: 10px;\n\t\t\t\ttext-align: center;\n\t\t\t\twidth: 25%;\n\t\t\t}\n\t\t\t#gallery-2 img {\n\t\t\t\tborder: 2px solid #cfcfcf;\n\t\t\t}\n\t\t\t#gallery-2 .gallery-caption {\n\t\t\t\tmargin-left: 0;\n\t\t\t}\n\t\t\t\/* see gallery_shortcode() in wp-includes\/media.php *\/\n\t\t<\/style>\n\t\t<div id='gallery-2' class='gallery galleryid-12170 gallery-columns-4 gallery-size-medium'><dl class='gallery-item'>\n\t\t\t<dt class='gallery-icon landscape'>\n\t\t\t\t<a href='https:\/\/www.amag-group.ch\/blog\/wp-content\/uploads\/2019\/01\/AMAG_Kontrolle.jpg'><img decoding=\"async\" width=\"414\" height=\"414\" src=\"https:\/\/www.amag-group.ch\/blog\/wp-content\/uploads\/2019\/01\/AMAG_Kontrolle-414x414.jpg\" class=\"attachment-medium size-medium\" alt=\"\" aria-describedby=\"gallery-2-12155\" srcset=\"https:\/\/www.amag-group.ch\/blog\/wp-content\/uploads\/2019\/01\/AMAG_Kontrolle-414x414.jpg 414w, https:\/\/www.amag-group.ch\/blog\/wp-content\/uploads\/2019\/01\/AMAG_Kontrolle-768x768.jpg 768w, https:\/\/www.amag-group.ch\/blog\/wp-content\/uploads\/2019\/01\/AMAG_Kontrolle.jpg 1000w\" sizes=\"(max-width: 414px) 100vw, 414px\" \/><\/a>\n\t\t\t<\/dt>\n\t\t\t\t<dd class='wp-caption-text gallery-caption' id='gallery-2-12155'>\n\t\t\t\t5\n\t\t\t\t<\/dd><\/dl><dl class='gallery-item'>\n\t\t\t<dt class='gallery-icon landscape'>\n\t\t\t\t<a href='https:\/\/www.amag-group.ch\/blog\/wp-content\/uploads\/2019\/01\/AMAG_Nachpruefen.jpg'><img decoding=\"async\" width=\"414\" height=\"414\" src=\"https:\/\/www.amag-group.ch\/blog\/wp-content\/uploads\/2019\/01\/AMAG_Nachpruefen-414x414.jpg\" class=\"attachment-medium size-medium\" alt=\"\" aria-describedby=\"gallery-2-12158\" srcset=\"https:\/\/www.amag-group.ch\/blog\/wp-content\/uploads\/2019\/01\/AMAG_Nachpruefen-414x414.jpg 414w, https:\/\/www.amag-group.ch\/blog\/wp-content\/uploads\/2019\/01\/AMAG_Nachpruefen-768x768.jpg 768w, https:\/\/www.amag-group.ch\/blog\/wp-content\/uploads\/2019\/01\/AMAG_Nachpruefen.jpg 1000w\" sizes=\"(max-width: 414px) 100vw, 414px\" \/><\/a>\n\t\t\t<\/dt>\n\t\t\t\t<dd class='wp-caption-text gallery-caption' id='gallery-2-12158'>\n\t\t\t\t6\n\t\t\t\t<\/dd><\/dl><dl class='gallery-item'>\n\t\t\t<dt class='gallery-icon landscape'>\n\t\t\t\t<a href='https:\/\/www.amag-group.ch\/blog\/wp-content\/uploads\/2019\/01\/AMAG_Ueberholspur.jpg'><img decoding=\"async\" width=\"414\" height=\"414\" src=\"https:\/\/www.amag-group.ch\/blog\/wp-content\/uploads\/2019\/01\/AMAG_Ueberholspur-414x414.jpg\" class=\"attachment-medium size-medium\" alt=\"\" aria-describedby=\"gallery-2-12149\" srcset=\"https:\/\/www.amag-group.ch\/blog\/wp-content\/uploads\/2019\/01\/AMAG_Ueberholspur-414x414.jpg 414w, https:\/\/www.amag-group.ch\/blog\/wp-content\/uploads\/2019\/01\/AMAG_Ueberholspur-768x768.jpg 768w, https:\/\/www.amag-group.ch\/blog\/wp-content\/uploads\/2019\/01\/AMAG_Ueberholspur.jpg 1000w\" sizes=\"(max-width: 414px) 100vw, 414px\" \/><\/a>\n\t\t\t<\/dt>\n\t\t\t\t<dd class='wp-caption-text gallery-caption' id='gallery-2-12149'>\n\t\t\t\t7\n\t\t\t\t<\/dd><\/dl><dl class='gallery-item'>\n\t\t\t<dt class='gallery-icon landscape'>\n\t\t\t\t<a href='https:\/\/www.amag-group.ch\/blog\/wp-content\/uploads\/2019\/01\/AMAG_Rueckwaertsfahren.jpg'><img decoding=\"async\" width=\"414\" height=\"414\" src=\"https:\/\/www.amag-group.ch\/blog\/wp-content\/uploads\/2019\/01\/AMAG_Rueckwaertsfahren-414x414.jpg\" class=\"attachment-medium size-medium\" alt=\"\" aria-describedby=\"gallery-2-12146\" srcset=\"https:\/\/www.amag-group.ch\/blog\/wp-content\/uploads\/2019\/01\/AMAG_Rueckwaertsfahren-414x414.jpg 414w, https:\/\/www.amag-group.ch\/blog\/wp-content\/uploads\/2019\/01\/AMAG_Rueckwaertsfahren-768x768.jpg 768w, https:\/\/www.amag-group.ch\/blog\/wp-content\/uploads\/2019\/01\/AMAG_Rueckwaertsfahren.jpg 1000w\" sizes=\"(max-width: 414px) 100vw, 414px\" \/><\/a>\n\t\t\t<\/dt>\n\t\t\t\t<dd class='wp-caption-text gallery-caption' id='gallery-2-12146'>\n\t\t\t\t8\n\t\t\t\t<\/dd><\/dl><br style=\"clear: both\" \/>\n\t\t<\/div>\n\n<hr \/>\n<p>Lire d\u2019autres articles de blog sur ce th\u00e8me:<br \/>\nLe Dr AMAG explique: <a href=\"https:\/\/www.amag-group.ch\/blog\/fr\/comment-repare-t-on-un-siege-de-voiture\/\" target=\"_blank\" rel=\"noopener\">Comment r\u00e9pare-t-on un si\u00e8ge de voiture?<\/a><br \/>\nLe Dr AMAG explique: <a href=\"https:\/\/www.amag-group.ch\/blog\/fr\/quand-dois-je-allumer-les-phares-antibrouillard\/\" target=\"_blank\" rel=\"noopener\">Quand dois-je allumer les phares antibrouillard?<\/a><br \/>\nLe Dr AMAG explique: <a href=\"https:\/\/www.amag-group.ch\/blog\/fr\/les-voitures-electriques-ne-roulent-elles-pas-en-hiver\/\" target=\"_blank\" rel=\"noopener\">Les voitures \u00e9lectriques ne roulent-elles pas en hiver?<\/a><\/p>\n","protected":false},"excerpt":{"rendered":"<p>D\u00e9passements par la droite autoris\u00e9s: oui ou non? Ou bien est-ce que seul le fait de rouler \u00e0 la m\u00eame hauteur est-il admis? Les r\u00e8gles de circulation sont un sujet controvers\u00e9 qui n\u2019est pas clair pour tout le monde. Dr AMAG explique.<\/p>\n","protected":false},"author":51,"featured_media":10977,"comment_status":"open","ping_status":"open","sticky":false,"template":"","format":"standard","meta":{"_acf_changed":false,"inline_featured_image":false,"footnotes":""},"categories":[1777],"tags":[],"class_list":["post-12170","post","type-post","status-publish","format-standard","has-post-thumbnail","hentry","category-trucs-et-astuces-du-dr-amag"],"acf":[],"_links":{"self":[{"href":"https:\/\/www.amag-group.ch\/blog\/fr\/wp-json\/wp\/v2\/posts\/12170","targetHints":{"allow":["GET"]}}],"collection":[{"href":"https:\/\/www.amag-group.ch\/blog\/fr\/wp-json\/wp\/v2\/posts"}],"about":[{"href":"https:\/\/www.amag-group.ch\/blog\/fr\/wp-json\/wp\/v2\/types\/post"}],"author":[{"embeddable":true,"href":"https:\/\/www.amag-group.ch\/blog\/fr\/wp-json\/wp\/v2\/users\/51"}],"replies":[{"embeddable":true,"href":"https:\/\/www.amag-group.ch\/blog\/fr\/wp-json\/wp\/v2\/comments?post=12170"}],"version-history":[{"count":0,"href":"https:\/\/www.amag-group.ch\/blog\/fr\/wp-json\/wp\/v2\/posts\/12170\/revisions"}],"wp:featuredmedia":[{"embeddable":true,"href":"https:\/\/www.amag-group.ch\/blog\/fr\/wp-json\/wp\/v2\/media\/10977"}],"wp:attachment":[{"href":"https:\/\/www.amag-group.ch\/blog\/fr\/wp-json\/wp\/v2\/media?parent=12170"}],"wp:term":[{"taxonomy":"category","embeddable":true,"href":"https:\/\/www.amag-group.ch\/blog\/fr\/wp-json\/wp\/v2\/categories?post=12170"},{"taxonomy":"post_tag","embeddable":true,"href":"https:\/\/www.amag-group.ch\/blog\/fr\/wp-json\/wp\/v2\/tags?post=12170"}],"curies":[{"name":"wp","href":"https:\/\/api.w.org\/{rel}","templated":true}]}}