{"id":11490,"date":"2018-11-21T07:45:47","date_gmt":"2018-11-21T06:45:47","guid":{"rendered":"https:\/\/www.amag-group.ch\/blog\/?p=11490"},"modified":"2018-11-21T07:45:47","modified_gmt":"2018-11-21T06:45:47","slug":"systemes-dassistance-a-la-conduite-sommes-nous-en-securite-lorsque-nous-prenons-la-route","status":"publish","type":"post","link":"https:\/\/www.amag-group.ch\/blog\/fr\/systemes-dassistance-a-la-conduite-sommes-nous-en-securite-lorsque-nous-prenons-la-route\/","title":{"rendered":"Syst\u00e8mes d\u2019assistance \u00e0 la conduite: sommes-nous en s\u00e9curit\u00e9 lorsque nous prenons la route?"},"content":{"rendered":"<p>Selon les estimations, les premiers v\u00e9hicules autonomes devraient d\u00e9j\u00e0 circuler sur les routes en 2030. Une \u00e9tude repr\u00e9sentative de comparis.ch en a conclu que 53 % de la population suisse ont toutefois peur de perdre le contr\u00f4le en conduisant une voiture autonome. En m\u00eame temps, 37 % des sond\u00e9s se r\u00e9jouissent des progr\u00e8s technologiques des syst\u00e8mes d\u2019assistance \u00e0 la conduite et du d\u00e9veloppement du v\u00e9hicule autonome. D\u2019ici l\u00e0, il va falloir encore patienter.<\/p>\n<p>Les experts distinguent cinq niveaux d\u2019automatisation des v\u00e9hicules. A l\u2019heure actuelle, nous en sommes au deuxi\u00e8me niveau. Cela signifie que la voiture assiste le conducteur gr\u00e2ce \u00e0 ses syst\u00e8mes d\u2019assistance \u00e0 la conduite, mais que le conducteur reste responsable de son v\u00e9hicule.<\/p>\n<p><img decoding=\"async\" class=\"aligncenter wp-image-11492 size-full\" src=\"https:\/\/www.amag-group.ch\/blog\/wp-content\/uploads\/2018\/11\/Stufen_der_Automatisierung_f.jpg\" alt=\"\" width=\"644\" height=\"827\" srcset=\"https:\/\/www.amag-group.ch\/blog\/wp-content\/uploads\/2018\/11\/Stufen_der_Automatisierung_f.jpg 644w, https:\/\/www.amag-group.ch\/blog\/wp-content\/uploads\/2018\/11\/Stufen_der_Automatisierung_f-322x414.jpg 322w\" sizes=\"(max-width: 644px) 100vw, 644px\" \/><\/p>\n<h3><strong>100 unit\u00e9s de commande dans une voiture<\/strong><\/h3>\n<p>\u00c0 l\u2019heure actuelle, les v\u00e9hicules modernes sont \u00e9quip\u00e9s d\u2019environ 100 unit\u00e9s de commande. Ces unit\u00e9s permettent par exemple de commander l\u2019assistant de freinage d\u2019urgence qui peut initier l\u2019arr\u00eat complet du v\u00e9hicule en cas de danger si le conducteur ne r\u00e9agit pas. Cette technique peut \u00eatre class\u00e9e au niveau trois de l\u2019automatisation. Cependant, sa mise en \u0153uvre se heurte \u00e0 la l\u00e9gislation actuellement pr\u00e9dominante. En effet, aujourd\u2019hui, le conducteur doit garder ses deux mains sur le volant pendant tout le trajet. De plus, il y a aussi beaucoup de conducteurs sceptiques qui ne font pas enti\u00e8rement confiance aux syst\u00e8mes d\u2019assistance \u00e0 la conduite et ne les utilisent pas int\u00e9gralement.<\/p>\n<p>Roger Allenspach, AMAG Market Manager Body &amp; Paint, en est s\u00fbr: \u00abIl faut montrer aux utilisateurs que ces syst\u00e8mes d\u2019assistance \u00e0 la conduite pr\u00e9sentent des avantages et sont faciles \u00e0 utiliser. Si l\u2019on en fait bon usage, la s\u00e9curit\u00e9 du conducteur et de tout l\u2019environnement en est am\u00e9lior\u00e9e.\u00bb <\/p>\n<p>Les assurances aussi esp\u00e8rent que l\u2019automatisation croissante des v\u00e9hicules permettra une gestion des accidents plus simple, r\u00e9duira le nombre d\u2019accidents et les co\u00fbts. Cela explique qu\u2019elles suivent les d\u00e9veloppements technologiques r\u00e9cents avec une grande attention. Rainer K\u00fchl, After Sales Marketing and Programmes Volkswagen AG, souligne l\u2019aspect suivant: \u00ab\u00c0 l\u2019avenir, l\u2019utilisation croissante de syst\u00e8mes d\u2019assistance allant jusqu\u2019au d\u00e9veloppement de la conduite autonome vont transformer positivement notre mobilit\u00e9 et plus particuli\u00e8rement la s\u00e9curit\u00e9 routi\u00e8re. En ce qui concerne la s\u00e9curit\u00e9, cela signifie concr\u00e8tement qu\u2019il y aura beaucoup moins d\u2019accidents et donc moins de bless\u00e9s et de victimes d\u2019accidents.\u00bb<\/p>\n<h3><strong>Syst\u00e8mes d\u2019assistance \u00e0 la conduite: des petits assistants discrets \u00e0 fort impact<\/strong><\/h3>\n<p>Le nombre de syst\u00e8mes d\u2019assistance \u00e0 la conduite est \u00e9norme et souvent, seul un petit nombre d\u2019entre eux est utilis\u00e9. AMAG en a pr\u00e9sent\u00e9 une petite s\u00e9lection lors d\u2019une session d\u2019information qui a eu lieu r\u00e9cemment sur le site de l\u2019EADR, l\u2019\u00c9cole d\u2019antid\u00e9rapage de Regensdorf.<\/p>\n<p>Stefan Binggeli, chef d\u2019\u00e9quipe de la formation technique d\u2019AMAG Academy, a fait la d\u00e9monstration de quelques syst\u00e8mes d\u2019assistance \u00e0 la conduite en recourant \u00e0 des exemples pratiques concrets en recr\u00e9ant des situations du quotidien.<\/p>\n<h4><strong>Le syst\u00e8me d\u2019aide au stationnement<\/strong><\/h4>\n<p>Le syst\u00e8me d\u2019aide au stationnement fait presque partie de l\u2019\u00e9quipement de base des mod\u00e8les les plus r\u00e9cents. Les quatre capteurs lat\u00e9raux mesurent la longueur et la profondeur d\u2019une place de parking et le syst\u00e8me gare la voiture de fa\u00e7on autonome dans des places de parking transversales ou longitudinales. Le conducteur n\u2019a plus qu\u2019\u00e0 appuyer sur l\u2019acc\u00e9l\u00e9rateur ou sur le frein.<\/p>\n<div id=\"attachment_11420\" style=\"width: 1930px\" class=\"wp-caption aligncenter\"><img decoding=\"async\" aria-describedby=\"caption-attachment-11420\" class=\"wp-image-11420 size-full\" src=\"https:\/\/www.amag-group.ch\/blog\/wp-content\/uploads\/2018\/11\/Sensoren.jpg\" alt=\"Les capteurs sont tr\u00e8s discrets et sont entre autres int\u00e9gr\u00e9s dans le pare-chocs arri\u00e8re.\" width=\"1920\" height=\"1280\" srcset=\"https:\/\/www.amag-group.ch\/blog\/wp-content\/uploads\/2018\/11\/Sensoren.jpg 1920w, https:\/\/www.amag-group.ch\/blog\/wp-content\/uploads\/2018\/11\/Sensoren-620x414.jpg 620w, https:\/\/www.amag-group.ch\/blog\/wp-content\/uploads\/2018\/11\/Sensoren-768x512.jpg 768w, https:\/\/www.amag-group.ch\/blog\/wp-content\/uploads\/2018\/11\/Sensoren-720x480.jpg 720w\" sizes=\"(max-width: 1920px) 100vw, 1920px\" \/><p id=\"caption-attachment-11420\" class=\"wp-caption-text\">Les capteurs sont tr\u00e8s discrets et sont entre autres int\u00e9gr\u00e9s dans le pare-chocs arri\u00e8re.<\/p><\/div>\n<h5><img decoding=\"async\" class=\"aligncenter wp-image-11393 size-medium\" src=\"https:\/\/www.amag-group.ch\/blog\/wp-content\/uploads\/2018\/11\/Parkassistent-620x349.jpg\" alt=\"\" width=\"620\" height=\"349\" srcset=\"https:\/\/www.amag-group.ch\/blog\/wp-content\/uploads\/2018\/11\/Parkassistent-620x349.jpg 620w, https:\/\/www.amag-group.ch\/blog\/wp-content\/uploads\/2018\/11\/Parkassistent-768x432.jpg 768w, https:\/\/www.amag-group.ch\/blog\/wp-content\/uploads\/2018\/11\/Parkassistent.jpg 1194w\" sizes=\"(max-width: 620px) 100vw, 620px\" \/>L&rsquo;assistant de stationnement en action<\/h5>\n<p><iframe width='560' height='315' src='https:\/\/media10.simplex.tv\/content\/800\/918\/109927\/?embed=1' allowfullscreen='true' webkitallowfullscreen='true' mozallowfullscreen='true' frameborder='0' scrolling='no'><\/iframe><\/p>\n<h5>En cas de risque de collision le sy\u00e8steme d&rsquo;aide stationnement freine automatiquement<\/h5>\n<p><iframe width='560' height='315' src='https:\/\/media10.simplex.tv\/content\/800\/918\/109925\/?embed=1' allowfullscreen='true' webkitallowfullscreen='true' mozallowfullscreen='true' frameborder='0' scrolling='no'><\/iframe><\/p>\n<h4><strong>L\u2019assistant de sortie de stationnement<\/strong><\/h4>\n<p>L\u2019assistant de sortie de stationnement avertit le conducteur de la pr\u00e9sence d\u2019objets (d\u2019une hauteur minimale de 70 cm) se trouvant dans la zone du hayon. Le concept d\u2019avertissement est \u00e0 trois niveaux et se d\u00e9roule comme suit:<\/p>\n<ol>\n<li>Visualisation de l\u2019objet qui se rapproche sur l\u2019\u00e9cran<\/li>\n<li>Avertissement sonore<\/li>\n<li>Freinage en cas de risque de collision<\/li>\n<\/ol>\n<h5>Stefan Binggeli montre \u00e0 l\u2019aide d\u2019un obstacle factice comment l\u2019assistant de sortie de stationnement r\u00e9agit lorsqu\u2019un objet se rapproche du v\u00e9hicule.<\/h5>\n<p><iframe width='560' height='315' src='https:\/\/media10.simplex.tv\/content\/800\/918\/109924\/?embed=1' allowfullscreen='true' webkitallowfullscreen='true' mozallowfullscreen='true' frameborder='0' scrolling='no'><\/iframe><\/p>\n<p><strong>L\u2019assistant de vision nocturne<\/strong><\/p>\n<p>Cette fonction d\u2019assistance aide \u00e0 conduire en s\u00e9curit\u00e9 la nuit ou lorsque la visibilit\u00e9 est mauvaise. Comme c\u2019est le cas pour une cam\u00e9ra infrarouge, l\u2019assistant montre des personnes et des animaux qui sont \u00e0 proximit\u00e9 de la trajectoire sur le tableau de bord (affichage multifonction). Si les \u00eatres vivants ne se trouvent pas dans la zone de danger, ils apparaissent gris\u00e9s.<\/p>\n<p>Si les objets apparaissent en jaune ou en rouge, un voyant avec un symbole de frein est activ\u00e9 et un avertissement sonore clair retentit. Les phares Matrix-LED \u00e9clairent les personnes et les animaux bri\u00e8vement et de fa\u00e7on cibl\u00e9e pour les signaler au conducteur.<\/p>\n<div id=\"attachment_11411\" style=\"width: 1930px\" class=\"wp-caption aligncenter\"><img decoding=\"async\" aria-describedby=\"caption-attachment-11411\" class=\"wp-image-11411 size-full\" src=\"https:\/\/www.amag-group.ch\/blog\/wp-content\/uploads\/2018\/11\/IMG_5185.jpg\" alt=\"La personne marqu\u00e9e en rouge se trouve dans la zone de danger et est avertie par un clignotement rapide des phares.\" width=\"1920\" height=\"1280\" srcset=\"https:\/\/www.amag-group.ch\/blog\/wp-content\/uploads\/2018\/11\/IMG_5185.jpg 1920w, https:\/\/www.amag-group.ch\/blog\/wp-content\/uploads\/2018\/11\/IMG_5185-620x414.jpg 620w, https:\/\/www.amag-group.ch\/blog\/wp-content\/uploads\/2018\/11\/IMG_5185-768x512.jpg 768w, https:\/\/www.amag-group.ch\/blog\/wp-content\/uploads\/2018\/11\/IMG_5185-720x480.jpg 720w\" sizes=\"(max-width: 1920px) 100vw, 1920px\" \/><p id=\"caption-attachment-11411\" class=\"wp-caption-text\">La personne marqu\u00e9e en rouge se trouve dans la zone de danger et est avertie par un clignotement rapide des phares.<\/p><\/div>\n<p>La cam\u00e9ra thermique a une port\u00e9e allant jusqu\u2019\u00e0 100 m\u00e8tres. Cela garantit que le conducteur a assez de temps pour r\u00e9agir.<\/p>\n<h3>L&rsquo;ACC<\/h3>\n<p>La version la plus r\u00e9cente de la r\u00e9gulation automatique de la distance est dot\u00e9e d\u2019un r\u00e9gulateur de vitesse et d\u2019une r\u00e9gulation de la distance de s\u00e9curit\u00e9. Cela signifie que l\u2019on peut d\u00e9finir la distance du v\u00e9hicule qui pr\u00e9c\u00e8de en termes de temps (intervalle temporel). La loi prescrit au moins deux secondes d\u2019intervalle.<\/p>\n<div id=\"attachment_11405\" style=\"width: 510px\" class=\"wp-caption aligncenter\"><img decoding=\"async\" aria-describedby=\"caption-attachment-11405\" class=\"wp-image-11405 size-full\" src=\"https:\/\/www.amag-group.ch\/blog\/wp-content\/uploads\/2018\/11\/ACC.jpg\" alt=\"Les capteurs \u00e0 l\u2019avant d\u00e9tectent les v\u00e9hicules qui pr\u00e9c\u00e8dent jusqu\u2019\u00e0 une distance de 250 m\u00e8tres selon le mod\u00e8le.\" width=\"500\" height=\"375\" \/><p id=\"caption-attachment-11405\" class=\"wp-caption-text\">Les capteurs \u00e0 l\u2019avant d\u00e9tectent les v\u00e9hicules qui pr\u00e9c\u00e8dent jusqu\u2019\u00e0 une distance de 250 m\u00e8tres selon le mod\u00e8le.<\/p><\/div>\n<h3><strong>Il faut toujours rester vigilant, m\u00eame dans une voiture moderne<\/strong><\/h3>\n<p>Les syst\u00e8mes d\u2019assistance \u00e0 la conduite actuels facilitent la conduite lorsqu\u2019ils sont utilis\u00e9s correctement. C\u2019est pour cela qu\u2019ils sont surnomm\u00e9s les \u00abpassagers silencieux\u00bb. Stefan Binggeli insiste toutefois par la m\u00eame occasion sur le fait que: \u00abLes syst\u00e8mes d\u2019assistance \u00e0 la conduite actuels aident \u00e0 r\u00e9duire le nombre d\u2019accidents, mais ils ne permettent pas d\u2019\u00e9viter un accident dans tous les cas.\u00bb<\/p>\n<p>Les participants de la session d\u2019information sont tous d\u2019avis que les syst\u00e8mes d\u2019assistance \u00e0 la conduite m\u00e9ritent plus d\u2019attention. Ils permettent de mieux g\u00e9rer une situation complexe ou stressante. Toutefois, il faudra encore attendre quelques ann\u00e9es avant que le cinqui\u00e8me niveau soit atteint et que la soci\u00e9t\u00e9 ne roule qu\u2019avec des voitures autonomes.<\/p>\n<p>&nbsp;<\/p>\n<h2>Autres articles:<\/h2>\n<p><a href=\"https:\/\/www.amag-group.ch\/blog\/fr\/lavenir-de-la-conduite-automobile-cest-lautonomie\/\" target=\"_blank\" rel=\"noopener\">L\u2019avenir de la conduite, c\u2019est l\u2019autonomie<\/a><\/p>\n<p><a href=\"https:\/\/www.amag-group.ch\/blog\/fr\/la-conduite-autonome-en-bonne-conscience\/\" target=\"_blank\" rel=\"noopener\">La conduite autonome en bonne conscience<\/a><\/p>\n<p><a href=\"https:\/\/www.amag-group.ch\/blog\/fr\/grace-au-stationnement-autonome-le-recherche-dune-place-de-stationnement-sera-bientot-de-lhistoire-ancienne\/\" target=\"_blank\" rel=\"noopener\">Gr\u00e2ce au stationnement autonome, la recherche d\u2019une place de stationnement sera bient\u00f4t de l\u2019histoire ancienne<\/a><\/p>\n<p><a href=\"https:\/\/www.amag-group.ch\/blog\/fr\/conduirons-nous-encore-notre-voiture-nous-memes-demain\/\" target=\"_blank\" rel=\"noopener\">Conduirons-nous encore notre voiture nous-m\u00eames demain?<\/a><\/p>\n","protected":false},"excerpt":{"rendered":"<p>Les voitures modernes sont \u00e9quip\u00e9es de plus de 100 unit\u00e9s de commande qui, entre autres en tant que syst\u00e8mes d\u2019assistance \u00e0 la conduite, doivent rendre la conduite au quotidien plus s\u00fbre et plus efficace.  Aujourd\u2019hui, les capacit\u00e9s des voitures modernes ainsi que les opportunit\u00e9s et les risques que pr\u00e9sente cette technologie d\u2019avenir font l\u2019objet de vifs d\u00e9bats.<\/p>\n","protected":false},"author":40,"featured_media":11434,"comment_status":"open","ping_status":"open","sticky":false,"template":"","format":"standard","meta":{"_acf_changed":false,"inline_featured_image":false,"footnotes":""},"categories":[1777],"tags":[],"class_list":["post-11490","post","type-post","status-publish","format-standard","has-post-thumbnail","hentry","category-trucs-et-astuces-du-dr-amag"],"acf":[],"_links":{"self":[{"href":"https:\/\/www.amag-group.ch\/blog\/fr\/wp-json\/wp\/v2\/posts\/11490","targetHints":{"allow":["GET"]}}],"collection":[{"href":"https:\/\/www.amag-group.ch\/blog\/fr\/wp-json\/wp\/v2\/posts"}],"about":[{"href":"https:\/\/www.amag-group.ch\/blog\/fr\/wp-json\/wp\/v2\/types\/post"}],"author":[{"embeddable":true,"href":"https:\/\/www.amag-group.ch\/blog\/fr\/wp-json\/wp\/v2\/users\/40"}],"replies":[{"embeddable":true,"href":"https:\/\/www.amag-group.ch\/blog\/fr\/wp-json\/wp\/v2\/comments?post=11490"}],"version-history":[{"count":0,"href":"https:\/\/www.amag-group.ch\/blog\/fr\/wp-json\/wp\/v2\/posts\/11490\/revisions"}],"wp:featuredmedia":[{"embeddable":true,"href":"https:\/\/www.amag-group.ch\/blog\/fr\/wp-json\/wp\/v2\/media\/11434"}],"wp:attachment":[{"href":"https:\/\/www.amag-group.ch\/blog\/fr\/wp-json\/wp\/v2\/media?parent=11490"}],"wp:term":[{"taxonomy":"category","embeddable":true,"href":"https:\/\/www.amag-group.ch\/blog\/fr\/wp-json\/wp\/v2\/categories?post=11490"},{"taxonomy":"post_tag","embeddable":true,"href":"https:\/\/www.amag-group.ch\/blog\/fr\/wp-json\/wp\/v2\/tags?post=11490"}],"curies":[{"name":"wp","href":"https:\/\/api.w.org\/{rel}","templated":true}]}}