{"id":11033,"date":"2018-10-19T09:05:13","date_gmt":"2018-10-19T07:05:13","guid":{"rendered":"https:\/\/www.amag-group.ch\/blog\/?p=11033"},"modified":"2018-10-19T09:05:13","modified_gmt":"2018-10-19T07:05:13","slug":"motivation-et-travail-acharne-les-cles-du-succes","status":"publish","type":"post","link":"https:\/\/www.amag-group.ch\/blog\/fr\/motivation-et-travail-acharne-les-cles-du-succes\/","title":{"rendered":"Motivation et travail acharn\u00e9: les cl\u00e9s du succ\u00e8s"},"content":{"rendered":"<p>Le jeudi 11 octobre 2018, AMAG a invit\u00e9 des d\u00e9cideurs politiques et \u00e9conomiques \u00e0 l\u2019occasion de cette manifestation matinale tr\u00e8s appr\u00e9ci\u00e9e chez AMAG Kreuzlingen. Simon Ammann, quadruple champion olympique de saut \u00e0 ski, a donn\u00e9 un aper\u00e7u de son entra\u00eenement quotidien dans une interview intitul\u00e9e \u00abMotivation &amp; travail acharn\u00e9: les cl\u00e9s du succ\u00e8s\u00bb. Dans ce contexte, quelques parall\u00e8les avec l\u2019\u00e9conomie et la politique peuvent \u00eatre faits.<\/p>\n<div id=\"attachment_11026\" style=\"width: 1930px\" class=\"wp-caption aligncenter\"><img decoding=\"async\" aria-describedby=\"caption-attachment-11026\" class=\"wp-image-11026 size-full\" src=\"https:\/\/www.amag-group.ch\/blog\/wp-content\/uploads\/2018\/10\/Simon-Ammann.jpg\" alt=\"Simon Ammann dans un interview avec Rainer Maria Salzgeber.\" width=\"1920\" height=\"1280\" srcset=\"https:\/\/www.amag-group.ch\/blog\/wp-content\/uploads\/2018\/10\/Simon-Ammann.jpg 1920w, https:\/\/www.amag-group.ch\/blog\/wp-content\/uploads\/2018\/10\/Simon-Ammann-620x414.jpg 620w, https:\/\/www.amag-group.ch\/blog\/wp-content\/uploads\/2018\/10\/Simon-Ammann-768x512.jpg 768w, https:\/\/www.amag-group.ch\/blog\/wp-content\/uploads\/2018\/10\/Simon-Ammann-720x480.jpg 720w\" sizes=\"(max-width: 1920px) 100vw, 1920px\" \/><p id=\"caption-attachment-11026\" class=\"wp-caption-text\">Simon Ammann dans un interview avec Rainer Maria Salzgeber.<\/p><\/div>\n<p>Pour Simon Ammann, la 22e saison de la Coupe du monde approche \u00e0 grands pas. Il a tout accompli au cours de sa carri\u00e8re sportive et pourtant il ne pense pas encore prendre sa retraite. En m\u00eame temps, Simon Ammann a soulign\u00e9 qu\u2019il faut toujours \u00eatre conscient de la grande responsabilit\u00e9 et des cons\u00e9quences importantes. Il en va de m\u00eame pour les domaines \u00e9conomiques o\u00f9 il exerce ses activit\u00e9s \u00e0 titre priv\u00e9. Le travail acharn\u00e9 et la motivation ont port\u00e9 leurs fruits, mais il ne faut jamais perdre de vue l\u2019objectif. Et pour que cela r\u00e9ussisse, il faut une \u00e9quipe exp\u00e9riment\u00e9e qui vise \u00e0 atteindre un but commun.<\/p>\n<p>\nPour Morten Hannesbo, CEO AMAG Group SA, il s\u2019agit \u00e9galement de facteurs importants pour le succ\u00e8s \u00e0 long terme de l\u2019entreprise. Un client ne fait pas qu\u2019acheter une voiture, il doit b\u00e9n\u00e9ficier d\u2019un service complet et se sentir pris en charge par une \u00e9quipe comp\u00e9tente.<\/p>\n<div id=\"attachment_11023\" style=\"width: 1930px\" class=\"wp-caption aligncenter\"><img decoding=\"async\" aria-describedby=\"caption-attachment-11023\" class=\"wp-image-11023 size-full\" src=\"https:\/\/www.amag-group.ch\/blog\/wp-content\/uploads\/2018\/10\/AIF-Kreuzlingen.jpg\" alt=\"\" width=\"1920\" height=\"1280\" srcset=\"https:\/\/www.amag-group.ch\/blog\/wp-content\/uploads\/2018\/10\/AIF-Kreuzlingen.jpg 1920w, https:\/\/www.amag-group.ch\/blog\/wp-content\/uploads\/2018\/10\/AIF-Kreuzlingen-620x414.jpg 620w, https:\/\/www.amag-group.ch\/blog\/wp-content\/uploads\/2018\/10\/AIF-Kreuzlingen-768x512.jpg 768w, https:\/\/www.amag-group.ch\/blog\/wp-content\/uploads\/2018\/10\/AIF-Kreuzlingen-720x480.jpg 720w\" sizes=\"(max-width: 1920px) 100vw, 1920px\" \/><p id=\"caption-attachment-11023\" class=\"wp-caption-text\">Morten Hannesbo (\u00e0 gauche) en conversation avec Simon Ammann (au centre).<\/p><\/div>\n<p>Simon Ammann et Morten Hannesbo ont convenu que des discussions d\u2019\u00e9quipe stimulantes et honn\u00eates ont abouti \u00e0 de nouvelles approches et perspectives, qui ont \u00e9t\u00e9 au final la cl\u00e9 du succ\u00e8s, quel que soit le domaine.<\/p>\n","protected":false},"excerpt":{"rendered":"<p>Le sport et l\u2019entrepreneuriat vont tr\u00e8s bien ensemble. Dans les deux domaines, la discipline et la pers\u00e9v\u00e9rance jouent un r\u00f4le important pour une r\u00e9ussite \u00e0 long terme. Lors de la matin\u00e9e Impulsion d\u2019AMAG chez AMAG Kreuzlingen, Simon Ammann, quadruple champion olympique de saut \u00e0 ski, a expliqu\u00e9 comment faire face \u00e0 la victoire et \u00e0 la d\u00e9faite et comment en tenir compte pour l\u2019avenir. <\/p>\n","protected":false},"author":40,"featured_media":11021,"comment_status":"open","ping_status":"open","sticky":false,"template":"","format":"standard","meta":{"_acf_changed":false,"inline_featured_image":false,"footnotes":""},"categories":[1786],"tags":[],"class_list":["post-11033","post","type-post","status-publish","format-standard","has-post-thumbnail","hentry","category-emplois-et-carriere"],"acf":[],"_links":{"self":[{"href":"https:\/\/www.amag-group.ch\/blog\/fr\/wp-json\/wp\/v2\/posts\/11033","targetHints":{"allow":["GET"]}}],"collection":[{"href":"https:\/\/www.amag-group.ch\/blog\/fr\/wp-json\/wp\/v2\/posts"}],"about":[{"href":"https:\/\/www.amag-group.ch\/blog\/fr\/wp-json\/wp\/v2\/types\/post"}],"author":[{"embeddable":true,"href":"https:\/\/www.amag-group.ch\/blog\/fr\/wp-json\/wp\/v2\/users\/40"}],"replies":[{"embeddable":true,"href":"https:\/\/www.amag-group.ch\/blog\/fr\/wp-json\/wp\/v2\/comments?post=11033"}],"version-history":[{"count":0,"href":"https:\/\/www.amag-group.ch\/blog\/fr\/wp-json\/wp\/v2\/posts\/11033\/revisions"}],"wp:featuredmedia":[{"embeddable":true,"href":"https:\/\/www.amag-group.ch\/blog\/fr\/wp-json\/wp\/v2\/media\/11021"}],"wp:attachment":[{"href":"https:\/\/www.amag-group.ch\/blog\/fr\/wp-json\/wp\/v2\/media?parent=11033"}],"wp:term":[{"taxonomy":"category","embeddable":true,"href":"https:\/\/www.amag-group.ch\/blog\/fr\/wp-json\/wp\/v2\/categories?post=11033"},{"taxonomy":"post_tag","embeddable":true,"href":"https:\/\/www.amag-group.ch\/blog\/fr\/wp-json\/wp\/v2\/tags?post=11033"}],"curies":[{"name":"wp","href":"https:\/\/api.w.org\/{rel}","templated":true}]}}