{"id":1051,"date":"2016-07-29T10:40:30","date_gmt":"2016-07-29T08:40:30","guid":{"rendered":"http:\/\/www.amag-group.ch\/blog\/fr\/?p=1051"},"modified":"2018-02-23T10:04:29","modified_gmt":"2018-02-23T10:04:29","slug":"amag-a-participe-au-triathlon-des-entreprises-suisses","status":"publish","type":"post","link":"https:\/\/www.amag-group.ch\/blog\/fr\/amag-a-participe-au-triathlon-des-entreprises-suisses\/","title":{"rendered":"AMAG a particip\u00e9 au triathlon des entreprises suisses"},"content":{"rendered":"<h2>Michael Aeschimann (natation)<\/h2>\n<p>Un jour o\u00f9 c&rsquo;\u00e9tait un peu plus calme, Adrian et Patrik ont pris une minute pour me parler. Ils m&rsquo;ont expliqu\u00e9 ce qu&rsquo;\u00e9tait le triathlon des entreprises et m&rsquo;ont expos\u00e9 leur probl\u00e8me: il leur manquait une troisi\u00e8me personne (nageur). C&rsquo;est avec grand plaisir que j&rsquo;ai accept\u00e9 et j&rsquo;ai commenc\u00e9 les entra\u00eenements dans la m\u00eame semaine. La piscine ext\u00e9rieure de ma commune \u00e9tait l&rsquo;endroit id\u00e9al pour cela. En raison du froid qu&rsquo;il faisait au mois de juin, je disposais souvent du bassin pour moi tout seul et j&rsquo;ai ainsi pu me pr\u00e9parer id\u00e9alement \u00e0 la comp\u00e9tition. J&rsquo;ai fait jusqu&rsquo;\u00e0 six s\u00e9ances d&rsquo;entra\u00eenement dans la semaine.<\/p>\n<div id=\"attachment_1054\" style=\"width: 562px\" class=\"wp-caption alignnone\"><img decoding=\"async\" aria-describedby=\"caption-attachment-1054\" class=\"wp-multi-image wp-multi-image-1054 size-medium\" src=\"https:\/\/www.amag-group.ch\/blog\/wp-content\/uploads\/sites\/2\/2016\/07\/581-552x414.jpg\" alt=\"V\u00e9rification avant le d\u00e9part (Patrik Blum \u00e0 gauche et Michael Aeschimann \u00e0 droite sur la photo)\" width=\"552\" height=\"414\" \/><p id=\"caption-attachment-1054\" class=\"wp-caption-text\">V\u00e9rification avant le d\u00e9part (Patrik Blum \u00e0 gauche et Michael Aeschimann \u00e0 droite sur la photo)<\/p><\/div>\n<p>Le jour de la comp\u00e9tition, j&rsquo;ai commenc\u00e9 l&rsquo;\u00e9chauffement un quart d&rsquo;heure avant le d\u00e9part. Apr\u00e8s avoir parcouru environ 200 m\u00e8tres, la confusion qui r\u00e9gnait au d\u00e9part s&rsquo;est dissip\u00e9e et j&rsquo;ai pu augmenter ma vitesse. J&rsquo;ai donc d\u00fb me frayer un chemin \u00e0 travers la cohue lorsque les nombreux participants sortaient du lac. J&rsquo;ai donn\u00e9 mes derni\u00e8res forces pour sprinter jusqu&rsquo;\u00e0 Adrian et lui transmettre la puce.<\/p>\n<p>J&rsquo;ai pris beaucoup de plaisir \u00e0 participer \u00e0 la comp\u00e9tition! J&rsquo;esp\u00e8re que nous parviendrons \u00e0 motiver d&rsquo;autres collaborateurs d\u2019AMAG pour qu&rsquo;ils participent dans les prochaines ann\u00e9es.<\/p>\n<h2>Adrian Stucky (v\u00e9lo)<\/h2>\n<p>\u00c9tant donn\u00e9 que je participe depuis longtemps \u00e0 des courses cyclistes et que je suis un entra\u00eenement intensif tout au long de l&rsquo;ann\u00e9e,je n&rsquo;ai eu besoin d&rsquo;aucune pr\u00e9paration sp\u00e9cifique pour le triathlon des entreprises.<\/p>\n<div id=\"attachment_1055\" style=\"width: 562px\" class=\"wp-caption alignnone\"><img decoding=\"async\" aria-describedby=\"caption-attachment-1055\" class=\"size-medium wp-multi-image wp-multi-image-1055\" src=\"https:\/\/www.amag-group.ch\/blog\/wp-content\/uploads\/sites\/2\/2016\/07\/588-552x414.jpg\" alt=\"La zone de transition \u00e0 la plage de Mythenquai\" width=\"552\" height=\"414\" \/><p id=\"caption-attachment-1055\" class=\"wp-caption-text\">La zone de transition \u00e0 la plage de Mythenquai<\/p><\/div>\n<p>C&rsquo;est tout excit\u00e9s que nous sommes partis en direction de Zurich, le 23 juillet\u00a0\u00e0 huit heures du matin. Nous avons atteint l&rsquo;aire de d\u00e9part vers 10h30 et avons commenc\u00e9 par visiter la zone de transition. Ensuite, nous avons r\u00e9cup\u00e9rer les num\u00e9ros de dossard. Nous avons amen\u00e9 le v\u00e9lo dans la zone de transition vers 13h00. Le top-d\u00e9part a \u00e9t\u00e9 donn\u00e9 \u00e0 14 heures pr\u00e9cises. Michael m&rsquo;a transmis la puce et je me suis lanc\u00e9. J&rsquo;ai p\u00e9dal\u00e9 de toutes mes forces et entam\u00e9 ce circuit long de 25 km. Tout s&rsquo;est bien pass\u00e9. La petite c\u00f4te qu&rsquo;il fallait passer deux fois me convenait tr\u00e8s bien et j&rsquo;ai r\u00e9ussi \u00e0 la ma\u00eetriser \u00e0 une bonne allure. Dans les 500 derniers m\u00e8tres, j&rsquo;ai encore une fois acc\u00e9l\u00e9r\u00e9 et j&rsquo;ai donn\u00e9 tout ce que j&rsquo;avais. \u00c0 la fin, cela a suffi pour atteindre la 19<sup>\u00e8me<\/sup> place dans ma discipline. J&rsquo;\u00e9tais compl\u00e8tement \u00e0 plat lorsque j&rsquo;ai donn\u00e9 la puce \u00e0 Patrik qui s&rsquo;est lanc\u00e9 sur le parcours de course \u00e0 pied.<\/p>\n<div id=\"attachment_1056\" style=\"width: 562px\" class=\"wp-caption alignnone\"><img decoding=\"async\" aria-describedby=\"caption-attachment-1056\" class=\"size-medium wp-multi-image wp-multi-image-1056\" src=\"https:\/\/www.amag-group.ch\/blog\/wp-content\/uploads\/sites\/2\/2016\/07\/624-552x414.jpg\" alt=\"Adrian Stucky (\u00e0 gauche) et Michael Aeschimann avant le d\u00e9part\" width=\"552\" height=\"414\" \/><p id=\"caption-attachment-1056\" class=\"wp-caption-text\">Adrian Stucky (\u00e0 gauche) et Michael Aeschimann avant le d\u00e9part<\/p><\/div>\n<p>L&rsquo;\u00e9quipe d&rsquo;AMAG Thoune est arriv\u00e9e 59<sup>\u00e8me<\/sup> au classement g\u00e9n\u00e9ral. Nous avons passons une excellente journ\u00e9e. J&rsquo;esp\u00e8re que nous participerons \u00e0 nouveau l&rsquo;ann\u00e9e prochaine.<\/p>\n<h2>Patrik Blum (course)<\/h2>\n<p>J&rsquo;ai commenc\u00e9 \u00e0 m&rsquo;entra\u00eener environ trois mois avant le triathlon.\u00a0J&rsquo;ai parcouru 7 km deux \u00e0 trois fois par semaine.\u00a0J&rsquo;ai senti que ma forme augmentait d&rsquo;un entra\u00eenement \u00e0 l&rsquo;autre et j&rsquo;ai pu accro\u00eetre ma performance. Quatre semaines avant le triathlon, j&rsquo;ai d\u00fb interrompre mon entra\u00eenement pendant une semaine \u00e0 cause d&rsquo;un refroidissement. J&rsquo;ai pu ensuite reprendre mes exercices\u00a0tout \u00e0 fait normalement.<\/p>\n<p>Le jour de la comp\u00e9tition, toute l&rsquo;\u00e9quipe de triathlon d&rsquo;AMAG est all\u00e9e \u00e0 Zurich. Plus la course approchait, plus ma nervosit\u00e9 s&rsquo;amplifiait.\u00a0Au d\u00e9but de la course, je me suis senti en forme et j&rsquo;ai vite trouv\u00e9 un bon rythme de course.\u00a0L&rsquo;humidit\u00e9 de l&rsquo;air de cette journ\u00e9e m&rsquo;a toutefois donn\u00e9 du fil \u00e0 retordre au bout de trois kilom\u00e8tres, ce qui a fait que je n&rsquo;ai pas pu augmenter ma vitesse comme pr\u00e9vu. Je n&rsquo;ai pas atteint mon objectif personnel de 7 kilom\u00e8tres en 33 minutes. Comme notre \u00e9quipe \u00e9tait super et que chacun a donn\u00e9 le meilleur de lui-m\u00eame dans sa discipline, cette journ\u00e9e a quand m\u00eame \u00e9t\u00e9 un succ\u00e8s pour moi et j&rsquo;en garderai un bon souvenir. J&rsquo;y serai de nouveau l&rsquo;ann\u00e9e prochaine!<\/p>\n<div id=\"attachment_1061\" style=\"width: 630px\" class=\"wp-caption alignnone\"><img decoding=\"async\" aria-describedby=\"caption-attachment-1061\" class=\"size-medium wp-multi-image wp-multi-image-1061\" src=\"https:\/\/www.amag-group.ch\/blog\/wp-content\/uploads\/sites\/2\/2016\/07\/Titel-Firmentriathlon_adap-620x395.jpg\" alt=\"AMAG a particip\u00e9 au triathlon des entreprises suisses\" width=\"620\" height=\"395\" \/><p id=\"caption-attachment-1061\" class=\"wp-caption-text\">Apr\u00e8s le triathlon: Adrian Stucky, Patrik Blum de Michael Aeschimann (de gauche \u00e0 droite)<\/p><\/div>\n<p>&nbsp;<\/p>\n<p><a href=\"http:\/\/www.amag.ch\/amagch\/corp\/fr\/newsletter\/anmeldeformular_Blog.html\" target=\"_blank\" rel=\"noopener\"><span style=\"text-decoration: underline;\"><strong>Les actualit\u00e9s et le contexte de l\u2019univers automobile. Abonnez-vous d\u00e8s maintenant.<\/strong><\/span><\/a><\/p>\n","protected":false},"excerpt":{"rendered":"<p>La 12\u00e8me \u00e9dition du triathlon des entreprises suisses a eu lieu le 23 juillet. Il fallait parcourir 750 m \u00e0 la nage, 25 km \u00e0 v\u00e9lo et 7 km de course \u00e0 pied par \u00e9quipe de trois. Adrian Stucky, Michael Aeschimann et Patrik Blum d&rsquo;AMAG Thoune ont particip\u00e9 au triathlon. Adrian Stucky et Michael Aeschimann nous font le r\u00e9cit de leur pr\u00e9paration et de leurs impressions le jour de la comp\u00e9tition. <\/p>\n","protected":false},"author":27,"featured_media":7403,"comment_status":"open","ping_status":"open","sticky":false,"template":"","format":"standard","meta":{"_acf_changed":false,"inline_featured_image":false,"footnotes":""},"categories":[1795],"tags":[],"class_list":["post-1051","post","type-post","status-publish","format-standard","has-post-thumbnail","hentry","category-durabilite"],"acf":[],"_links":{"self":[{"href":"https:\/\/www.amag-group.ch\/blog\/fr\/wp-json\/wp\/v2\/posts\/1051","targetHints":{"allow":["GET"]}}],"collection":[{"href":"https:\/\/www.amag-group.ch\/blog\/fr\/wp-json\/wp\/v2\/posts"}],"about":[{"href":"https:\/\/www.amag-group.ch\/blog\/fr\/wp-json\/wp\/v2\/types\/post"}],"author":[{"embeddable":true,"href":"https:\/\/www.amag-group.ch\/blog\/fr\/wp-json\/wp\/v2\/users\/27"}],"replies":[{"embeddable":true,"href":"https:\/\/www.amag-group.ch\/blog\/fr\/wp-json\/wp\/v2\/comments?post=1051"}],"version-history":[{"count":0,"href":"https:\/\/www.amag-group.ch\/blog\/fr\/wp-json\/wp\/v2\/posts\/1051\/revisions"}],"wp:featuredmedia":[{"embeddable":true,"href":"https:\/\/www.amag-group.ch\/blog\/fr\/wp-json\/wp\/v2\/media\/7403"}],"wp:attachment":[{"href":"https:\/\/www.amag-group.ch\/blog\/fr\/wp-json\/wp\/v2\/media?parent=1051"}],"wp:term":[{"taxonomy":"category","embeddable":true,"href":"https:\/\/www.amag-group.ch\/blog\/fr\/wp-json\/wp\/v2\/categories?post=1051"},{"taxonomy":"post_tag","embeddable":true,"href":"https:\/\/www.amag-group.ch\/blog\/fr\/wp-json\/wp\/v2\/tags?post=1051"}],"curies":[{"name":"wp","href":"https:\/\/api.w.org\/{rel}","templated":true}]}}