{"id":10329,"date":"2018-08-17T08:26:47","date_gmt":"2018-08-17T06:26:47","guid":{"rendered":"https:\/\/www.amag-group.ch\/blog\/?p=10329"},"modified":"2018-08-17T08:26:47","modified_gmt":"2018-08-17T06:26:47","slug":"le-bus-des-metiers-prend-la-route","status":"publish","type":"post","link":"https:\/\/www.amag-group.ch\/blog\/fr\/le-bus-des-metiers-prend-la-route\/","title":{"rendered":"Le \u00abBus des m\u00e9tiers\u00bb prend la route"},"content":{"rendered":"<p>Le \u00abBus des m\u00e9tiers\u00bb a d\u00e9j\u00e0 fait ses premi\u00e8res apparitions publiques, notamment au Welcome Camp des nouveaux apprentis, qui a eu lieu d\u00e9but ao\u00fbt, et \u00e0 la F\u00eate populaire VW \u00e0 Interlaken. Fid\u00e8les \u00e0 la devise \u00abpar des apprentis pour les apprentis\u00bb, six apprentis m\u00e9catroniciens automobiles, carrossiers-t\u00f4liers et carrossiers-peintres d\u2019AMAG Kloten, ont restaur\u00e9 le vieux bus VW. Ils ont travaill\u00e9 en grande partie de mani\u00e8re autonome sur le bus VW, mais ont bien \u00e9videmment b\u00e9n\u00e9fici\u00e9 du savoir-faire de coll\u00e8gues exp\u00e9riment\u00e9s.<\/p>\n<div id=\"attachment_10323\" style=\"width: 1930px\" class=\"wp-caption alignnone\"><img decoding=\"async\" aria-describedby=\"caption-attachment-10323\" class=\"wp-image-10323 size-full\" src=\"https:\/\/www.amag-group.ch\/blog\/wp-content\/uploads\/2018\/08\/Welcome-Camp.jpg\" alt=\"Le \u00abBus des m\u00e9tiers\u00bb a f\u00eat\u00e9 sa grande premi\u00e8re au Welcome Camp des nouveaux apprentis. Ils peuvent s\u2019informer sur les apprentissages professionnels propos\u00e9s par AMAG. \" width=\"1920\" height=\"1440\" srcset=\"https:\/\/www.amag-group.ch\/blog\/wp-content\/uploads\/2018\/08\/Welcome-Camp.jpg 1920w, https:\/\/www.amag-group.ch\/blog\/wp-content\/uploads\/2018\/08\/Welcome-Camp-552x414.jpg 552w, https:\/\/www.amag-group.ch\/blog\/wp-content\/uploads\/2018\/08\/Welcome-Camp-768x576.jpg 768w\" sizes=\"(max-width: 1920px) 100vw, 1920px\" \/><p id=\"caption-attachment-10323\" class=\"wp-caption-text\">Le bus \u00abd\u00e9couverte\u00bb a f\u00eat\u00e9 sa grande premi\u00e8re au Welcome Camp des nouveaux apprentis.<\/p><\/div>\n<h3><strong>D\u00e9bosselage, soudure, r\u00e9paration<\/strong><\/h3>\n<p>Pour remettre en forme le \u00abBus des m\u00e9tiers\u00bb, il a d\u2019abord fallu r\u00e9parer de nombreux dommages. Le v\u00e9hicule \u00e9tait compl\u00e8tement rouill\u00e9. Pour \u00e9liminer la rouille, les apprentis ont d\u2019abord enlev\u00e9 toutes les poign\u00e9es de porte, les phares, les r\u00e9troviseurs, etc. \u00abLa diff\u00e9rence avec les v\u00e9hicules actuels r\u00e9side principalement dans l\u2019\u00e9lectronique. Aujourd\u2019hui, les portes et les r\u00e9troviseurs lat\u00e9raux sont truff\u00e9s de c\u00e2bles\u00bb, explique Fabian Lauffer, apprenti carrossier-t\u00f4lier. Les apprentis ont ponc\u00e9 tous les points de rouille. Ils ont d\u00e9coup\u00e9 les zones fortement corrod\u00e9es, ont fabriqu\u00e9 eux-m\u00eames de nouvelles t\u00f4les et les ont soud\u00e9es.<\/p>\n<div id=\"attachment_10322\" style=\"width: 1930px\" class=\"wp-caption alignnone\"><img decoding=\"async\" aria-describedby=\"caption-attachment-10322\" class=\"wp-image-10322 size-full\" src=\"https:\/\/www.amag-group.ch\/blog\/wp-content\/uploads\/2018\/08\/Schnuppibus_Schleifen_1.jpg\" alt=\"Les apprentis d\u2019AMAG Kloten ont \u00e9limin\u00e9 toutes les traces de rouille sur le VW T3.\" width=\"1920\" height=\"1440\" srcset=\"https:\/\/www.amag-group.ch\/blog\/wp-content\/uploads\/2018\/08\/Schnuppibus_Schleifen_1.jpg 1920w, https:\/\/www.amag-group.ch\/blog\/wp-content\/uploads\/2018\/08\/Schnuppibus_Schleifen_1-552x414.jpg 552w, https:\/\/www.amag-group.ch\/blog\/wp-content\/uploads\/2018\/08\/Schnuppibus_Schleifen_1-768x576.jpg 768w\" sizes=\"(max-width: 1920px) 100vw, 1920px\" \/><p id=\"caption-attachment-10322\" class=\"wp-caption-text\">Les points de rouille sont ponc\u00e9s.<\/p><\/div>\n<p>Ils se sont ensuite attel\u00e9s au d\u00e9bosselage. Avant de pouvoir habiller le \u00abBus des m\u00e9tiers\u00bb, les apprentis ont d\u00fb redresser les bosses pr\u00e9sentes sur la carrosserie. \u00abLa t\u00f4le du pare-chocs est deux fois plus \u00e9paisse que celle utilis\u00e9e dans les v\u00e9hicules modernes. J\u2019ai d\u00fb d\u00e9ployer plus de force et utiliser un marteau plus lourd. Je devais \u00e9videmment faire en sorte que la qualit\u00e9 n\u2019en p\u00e2tisse pas\u00bb, rapporte Fabian Lauffer.<\/p>\n<div id=\"attachment_10325\" style=\"width: 1930px\" class=\"wp-caption alignnone\"><img decoding=\"async\" aria-describedby=\"caption-attachment-10325\" class=\"wp-image-10325 size-full\" src=\"https:\/\/www.amag-group.ch\/blog\/wp-content\/uploads\/2018\/08\/Schnuppibus_Bleche.jpg\" alt=\"Ils ont remplac\u00e9 les zones rong\u00e9es par la rouille par des plaques de t\u00f4le confectionn\u00e9es par leurs soins. \" width=\"1920\" height=\"1440\" srcset=\"https:\/\/www.amag-group.ch\/blog\/wp-content\/uploads\/2018\/08\/Schnuppibus_Bleche.jpg 1920w, https:\/\/www.amag-group.ch\/blog\/wp-content\/uploads\/2018\/08\/Schnuppibus_Bleche-552x414.jpg 552w, https:\/\/www.amag-group.ch\/blog\/wp-content\/uploads\/2018\/08\/Schnuppibus_Bleche-768x576.jpg 768w\" sizes=\"(max-width: 1920px) 100vw, 1920px\" \/><p id=\"caption-attachment-10325\" class=\"wp-caption-text\">Les apprentis ont d\u00e9coup\u00e9 les zones rong\u00e9es par la rouille et les ont remplac\u00e9es par des plaques de t\u00f4le confectionn\u00e9es par leurs soins.<\/p><\/div>\n<p>L\u2019apprentie carrossi\u00e8re-peintre, Valentina Kasper, a peint la partie sup\u00e9rieure du bus VW pour faire dispara\u00eetre toutes les zones ponc\u00e9es ou \u00e9rafl\u00e9es. \u00abJ\u2019ai ador\u00e9 travailler sur une voiture qui allait \u00eatre expos\u00e9e dans toute la Suisse. J\u2019en \u00e9prouve une grande fiert\u00e9\u00bb, ajoute Valentina Kasper.<\/p>\n<p>Il a \u00e9galement fallu d\u00e9monter compl\u00e8tement le moteur. Il avait subi des d\u00e9g\u00e2ts d\u2019eau et a donc d\u00fb \u00eatre presque enti\u00e8rement d\u00e9mont\u00e9 et remont\u00e9. \u00abCela a \u00e9t\u00e9 pour moi une exp\u00e9rience formidable. Je n\u2019ai pas l\u2019habitude de travailler sur des moteurs boxer, je ne connais que les moteurs en ligne et en V couramment utilis\u00e9s aujourd\u2019hui. J\u2019ai beaucoup appris sur la structure et la fonction des pi\u00e8ces\u00bb, d\u00e9clare avec enthousiasme Luca Riesen, futur m\u00e9catronicien automobile.<\/p>\n<div id=\"attachment_10326\" style=\"width: 1522px\" class=\"wp-caption alignnone\"><img decoding=\"async\" aria-describedby=\"caption-attachment-10326\" class=\"wp-image-10326 size-full\" src=\"https:\/\/www.amag-group.ch\/blog\/wp-content\/uploads\/2018\/08\/Schnuppibus_Motor.jpg\" alt=\"Pour les r\u00e9parations plus complexes, les apprentis ont b\u00e9n\u00e9fici\u00e9 du soutien de coll\u00e8gues chevronn\u00e9s. Cet \u00e9change de bons proc\u00e9d\u00e9s a profit\u00e9 aux deux parties.\" width=\"1512\" height=\"1512\" srcset=\"https:\/\/www.amag-group.ch\/blog\/wp-content\/uploads\/2018\/08\/Schnuppibus_Motor.jpg 1512w, https:\/\/www.amag-group.ch\/blog\/wp-content\/uploads\/2018\/08\/Schnuppibus_Motor-414x414.jpg 414w, https:\/\/www.amag-group.ch\/blog\/wp-content\/uploads\/2018\/08\/Schnuppibus_Motor-768x768.jpg 768w\" sizes=\"(max-width: 1512px) 100vw, 1512px\" \/><p id=\"caption-attachment-10326\" class=\"wp-caption-text\">Un coll\u00e8gue exp\u00e9riment\u00e9 donne des conseils \u00e0 Luca Riesen pour la r\u00e9paration du moteur.<\/p><\/div>\n<p>La menuiserie Lamprecht de Bassersdorf s\u2019est charg\u00e9e de l\u2019am\u00e9nagement int\u00e9rieur. Elle aussi a confi\u00e9 la plupart des travaux \u00e0 une apprentie. Elle a \u00e9quip\u00e9 le bus d\u2019une nouvelle banquette, d\u2019une table, d\u2019un meuble \u00e0 tiroirs et d\u2019un magnifique ciel de pavillon en bois. Le r\u00e9sultat est tout aussi impressionnant \u00e0 l\u2019int\u00e9rieur qu\u2019\u00e0 l\u2019ext\u00e9rieur.<\/p>\n<h3><strong>Un design con\u00e7u par des apprentis<\/strong><\/h3>\n<p>Tous les apprentis d\u2019AMAG ont pu formuler des propositions concernant le design ext\u00e9rieur. Une combinaison de deux propositions a finalement \u00e9t\u00e9 retenue. Avec son look tape-\u00e0-l\u2019\u0153il, le bus pr\u00e9sente de mani\u00e8re simplifi\u00e9e tous les apprentissages propos\u00e9s par AMAG. Comme les jantes d\u2019origine n\u2019\u00e9taient pas en phase avec son allure excentrique, les apprentis de Kloten ont eu le droit de commander de nouvelles jantes plus provocantes. Cela n\u2019a pas \u00e9t\u00e9 une mince affaire, parce qu\u2019il n\u2019y a plus beaucoup de jantes adapt\u00e9es et homologu\u00e9es pour ce mod\u00e8le. Les sp\u00e9cialistes de l\u2019atelier VW de Winterthour, un Classic Competence Center VW, sont donc venus en aide aux apprentis. Les jeunes en formation ont \u00e9galement eu du mal \u00e0 se procurer rapidement les pneus correspondants \u2013 trois \u00e9taient encore stock\u00e9s \u00e0 Buchs, le quatri\u00e8me n\u2019a pu \u00eatre livr\u00e9 que trois semaines plus tard.<\/p>\n<p><script type=\"text\/javascript\" src=\"\/\/amagtv.bbvms.com\/p\/default\/c\/2982003.js\" ><\/script><\/p>\n<p>\u00abNous sommes fiers du travail accompli par nos apprentis. La transformation extraordinaire subie par le bus en seulement trois mois et, pour ainsi dire, uniquement gr\u00e2ce au travail de nos apprentis montre que nous sommes sur la bonne voie en mati\u00e8re de formation professionnelle\u00bb, r\u00e9sume Marcel Schlatter, chef du projet \u00abBus des m\u00e9tiers\u00bb.<\/p>\n<div id=\"attachment_10324\" style=\"width: 1930px\" class=\"wp-caption alignnone\"><img decoding=\"async\" aria-describedby=\"caption-attachment-10324\" class=\"wp-image-10324 size-full\" src=\"https:\/\/www.amag-group.ch\/blog\/wp-content\/uploads\/2018\/08\/Schnuppibus-fertig.jpg\" alt=\"Avec ses couleurs vives, le \u00abBus des m\u00e9tiers\u00bb attire imm\u00e9diatement les regards\" width=\"1920\" height=\"1440\" srcset=\"https:\/\/www.amag-group.ch\/blog\/wp-content\/uploads\/2018\/08\/Schnuppibus-fertig.jpg 1920w, https:\/\/www.amag-group.ch\/blog\/wp-content\/uploads\/2018\/08\/Schnuppibus-fertig-552x414.jpg 552w, https:\/\/www.amag-group.ch\/blog\/wp-content\/uploads\/2018\/08\/Schnuppibus-fertig-768x576.jpg 768w\" sizes=\"(max-width: 1920px) 100vw, 1920px\" \/><p id=\"caption-attachment-10324\" class=\"wp-caption-text\">Le \u00abBus des m\u00e9tiers\u00bb est pr\u00eat! Les apprentis d\u2019AMAG Kloten peuvent \u00eatre fiers de leur travail. De g. \u00e0 dr.: Fabian Lauffer, Sven Assfalk, Luca Riesen. Les apprentis Fatlind Bilali, Valentina Kasper et Bunnjamin Hani ont \u00e9galement travaill\u00e9 sur le bus.<\/p><\/div>\n<p><span style=\"text-decoration: underline;\"><strong><a href=\"https:\/\/www.amag-group.ch\/blog\/fr\/tag\/apprentissages\/\">En savoir plus sur les formations professionnelles chez AMAG.<\/a><\/strong><\/span><\/p>\n","protected":false},"excerpt":{"rendered":"<p>Six apprentis d\u2019AMAG Kloten ont transform\u00e9 un vieux VW T3 en \u00abBus des m\u00e9tiers\u00bb. Pr\u00e9sent \u00e0 de nombreuses manifestations, le bus au look excentrique se veut une plateforme d\u2019orientation et d\u2019information sur les possibilit\u00e9s d\u2019apprentissage offertes par AMAG. <\/p>\n","protected":false},"author":27,"featured_media":10331,"comment_status":"open","ping_status":"open","sticky":false,"template":"","format":"standard","meta":{"_acf_changed":false,"inline_featured_image":false,"footnotes":""},"categories":[9827],"tags":[],"class_list":["post-10329","post","type-post","status-publish","format-standard","has-post-thumbnail","hentry","category-next-generation-fr"],"acf":[],"_links":{"self":[{"href":"https:\/\/www.amag-group.ch\/blog\/fr\/wp-json\/wp\/v2\/posts\/10329","targetHints":{"allow":["GET"]}}],"collection":[{"href":"https:\/\/www.amag-group.ch\/blog\/fr\/wp-json\/wp\/v2\/posts"}],"about":[{"href":"https:\/\/www.amag-group.ch\/blog\/fr\/wp-json\/wp\/v2\/types\/post"}],"author":[{"embeddable":true,"href":"https:\/\/www.amag-group.ch\/blog\/fr\/wp-json\/wp\/v2\/users\/27"}],"replies":[{"embeddable":true,"href":"https:\/\/www.amag-group.ch\/blog\/fr\/wp-json\/wp\/v2\/comments?post=10329"}],"version-history":[{"count":0,"href":"https:\/\/www.amag-group.ch\/blog\/fr\/wp-json\/wp\/v2\/posts\/10329\/revisions"}],"wp:featuredmedia":[{"embeddable":true,"href":"https:\/\/www.amag-group.ch\/blog\/fr\/wp-json\/wp\/v2\/media\/10331"}],"wp:attachment":[{"href":"https:\/\/www.amag-group.ch\/blog\/fr\/wp-json\/wp\/v2\/media?parent=10329"}],"wp:term":[{"taxonomy":"category","embeddable":true,"href":"https:\/\/www.amag-group.ch\/blog\/fr\/wp-json\/wp\/v2\/categories?post=10329"},{"taxonomy":"post_tag","embeddable":true,"href":"https:\/\/www.amag-group.ch\/blog\/fr\/wp-json\/wp\/v2\/tags?post=10329"}],"curies":[{"name":"wp","href":"https:\/\/api.w.org\/{rel}","templated":true}]}}