{"id":10260,"date":"2018-08-21T09:00:54","date_gmt":"2018-08-21T07:00:54","guid":{"rendered":"https:\/\/www.amag-group.ch\/blog\/?p=10260"},"modified":"2018-08-15T09:15:24","modified_gmt":"2018-08-15T07:15:24","slug":"conseils-pour-un-apprentissage-reussi","status":"publish","type":"post","link":"https:\/\/www.amag-group.ch\/blog\/fr\/conseils-pour-un-apprentissage-reussi\/","title":{"rendered":"Conseils pour un apprentissage r\u00e9ussi"},"content":{"rendered":"<p>Non seulement elle a d\u00e9j\u00e0 son dipl\u00f4me de fin d\u2019apprentissage en tant que peintre-carrossier en poche, mais en plus elle a obtenu la meilleure note du canton de Zurich. Isabella Joss a termin\u00e9 avec brio ses quatre ann\u00e9es d\u2019apprentissage chez <a href=\"https:\/\/www.uster.amag.ch\/de\" target=\"_blank\" rel=\"noopener\">AMAG Uster<\/a>. \u00abLe temps a fil\u00e9 \u00e0 toute allure pendant ces quatre ann\u00e9es\u00bb, affirme Isabella. La bonne ambiance dans l\u2019\u00e9quipe, le travail vari\u00e9 et le soutien inconditionnel de l\u2019entreprise formatrice ont contribu\u00e9 \u00e0 la motivation, souligne-t-elle.<\/p>\n<p>En collaboration avec Isabella Joss et Fitore Velija, chef de projet de la formation professionnelle d\u2019AMAG, nous avons rassembl\u00e9 tout ce qu\u2019il est possible de faire soi-m\u00eame pour r\u00e9ussir son examen de fin d\u2019apprentissage.<\/p>\n<div id=\"attachment_10243\" style=\"width: 562px\" class=\"wp-caption aligncenter\"><img decoding=\"async\" aria-describedby=\"caption-attachment-10243\" class=\"wp-image-10243 size-medium\" src=\"https:\/\/www.amag-group.ch\/blog\/wp-content\/uploads\/2018\/08\/Isabella-Joos-552x414.jpg\" alt=\"Isabella Joss pr\u00e9pare un v\u00e9hicule pour les travaux de peinture en recouvrant des parties avec du film et du ruban adh\u00e9sif.\" width=\"552\" height=\"414\" srcset=\"https:\/\/www.amag-group.ch\/blog\/wp-content\/uploads\/2018\/08\/Isabella-Joos-552x414.jpg 552w, https:\/\/www.amag-group.ch\/blog\/wp-content\/uploads\/2018\/08\/Isabella-Joos-768x576.jpg 768w, https:\/\/www.amag-group.ch\/blog\/wp-content\/uploads\/2018\/08\/Isabella-Joos.jpg 1920w\" sizes=\"(max-width: 552px) 100vw, 552px\" \/><p id=\"caption-attachment-10243\" class=\"wp-caption-text\">Isabella Joss pr\u00e9pare un v\u00e9hicule pour les travaux de peinture.<\/p><\/div>\n<h3><strong>\u00catre ponctuel et engag\u00e9 s\u2019av\u00e8re toujours payant<\/strong><\/h3>\n<p>Il est crucial d\u2019arriver \u00e0 l\u2019heure de bon matin pour commencer la journ\u00e9e de travail, car cela donne une image de fiabilit\u00e9. En outre, en faisant preuve d\u2019engagement et d\u2019esprit d\u2019ouverture face aux nouveaut\u00e9s, on montre qu\u2019on est int\u00e9ress\u00e9 et cela est tr\u00e8s appr\u00e9ci\u00e9 du formateur, mais aussi des autres membres de l\u2019\u00e9quipe. \u00abCe qui m\u2019importe chez les apprentis, c\u2019est qu\u2019ils apportent leurs id\u00e9es, qu\u2019ils aient toujours le r\u00e9flexe d\u2019anticiper, qu\u2019ils se surpassent et qu\u2019ils soient audacieux\u00bb, explique Fitore Velija.<\/p>\n<div id=\"attachment_10244\" style=\"width: 389px\" class=\"wp-caption alignleft\"><img decoding=\"async\" aria-describedby=\"caption-attachment-10244\" class=\"wp-image-10244 size-medium\" src=\"https:\/\/www.amag-group.ch\/blog\/wp-content\/uploads\/2018\/08\/Velija-Fitore-379x414.jpg\" alt=\"Fitore Velija, chef de projet de la formation professionnelle d\u2019AMAG, appr\u00e9cie les apprentis engag\u00e9s et audacieux.\" width=\"379\" height=\"414\" srcset=\"https:\/\/www.amag-group.ch\/blog\/wp-content\/uploads\/2018\/08\/Velija-Fitore-379x414.jpg 379w, https:\/\/www.amag-group.ch\/blog\/wp-content\/uploads\/2018\/08\/Velija-Fitore-768x839.jpg 768w, https:\/\/www.amag-group.ch\/blog\/wp-content\/uploads\/2018\/08\/Velija-Fitore.jpg 1758w\" sizes=\"(max-width: 379px) 100vw, 379px\" \/><p id=\"caption-attachment-10244\" class=\"wp-caption-text\">Fitore Velija, chef de projet de la formation professionnelle d\u2019AMAG, appr\u00e9cie les apprentis engag\u00e9s et audacieux<\/p><\/div>\n<h3>\u00a0<\/h3>\n<h3>\u00a0<\/h3>\n<h3><strong>\u00catre attentif et curieux nous permet d\u2019avancer<\/strong><\/h3>\n<p>Il n\u2019y a pas de questions idiotes. \u00abPeu importe si j\u2019\u00e9tais en premi\u00e8re ou en quatri\u00e8me ann\u00e9e d\u2019apprentissage, j\u2019ai toujours pos\u00e9 des questions quand je ne comprenais pas quelque chose ou que je voulais en savoir plus sur le sujet.\u00bb, ajoute Isabella. Le fait de poser des questions nous permet d\u2019avancer et de mieux comprendre les processus.<\/p>\n<h3><strong>Travailler en autonomie et gagner la confiance<\/strong><\/h3>\n<p>Fitore Velija retient que: \u00abpouvoir travailler de mani\u00e8re autonome permet aussi de r\u00e9ussir son apprentissage. Le formateur accorde ainsi sa confiance aux apprentis, ce qui les motive \u00e9norm\u00e9ment.\u00bb<\/p>\n<h3>\u00a0<\/h3>\n<h3>\u00a0<\/h3>\n<h3>\u00a0<\/h3>\n<h3>\u00a0<\/h3>\n<h3><strong>Le respect et la politesse sont incontournables<\/strong><\/h3>\n<p>Que ce soit avec les clients ou les coll\u00e8gues, il faut traiter autrui de la m\u00eame mani\u00e8re que l\u2019on souhaite l\u2019\u00eatre. C\u2019est aussi le cr\u00e9do de Ruedi Schoch, chef d\u2019exploitation d\u2019AMAG Uster. C\u2019est ce qu\u2019il attend aussi de la part de ses collaborateurs: \u00abSeule une \u00e9quipe qui fonctionne bien et dont les membres se respectent mutuellement est capable de fournir des prestations de haute qualit\u00e9. Et ces prestations se refl\u00e8tent directement dans la qualit\u00e9 de service apport\u00e9e \u00e0 nos clients.<\/p>\n<h3><strong>Aller \u00e0 l\u2019\u00e9cole et apprendre est obligatoire<\/strong><\/h3>\n<p>Il vaut la peine d\u2019\u00eatre attentif \u00e0 l\u2019\u00e9cole, d\u2019\u00e9crire des r\u00e9sum\u00e9s et de passer r\u00e9guli\u00e8rement des examens blancs. \u00abIl faut s\u2019organiser pour avoir suffisamment de temps pour r\u00e9viser pour l\u2019examen final. Si on a \u00e9t\u00e9 bien attentif \u00e0 l\u2019\u00e9cole et pris des notes, on a d\u00e9j\u00e0 un bon bagage\u00bb, souligne Isabella. Le fait de partager ses connaissances entre camarades de classe et de cr\u00e9er des groupes d\u2019apprentissage sont aussi un bon soutien dans le processus d\u2019apprentissage. Isabella ajoute que: \u00abEn plus, apprendre en groupe est beaucoup plus agr\u00e9able.\u00bb<\/p>\n<div id=\"attachment_10242\" style=\"width: 1930px\" class=\"wp-caption aligncenter\"><img decoding=\"async\" aria-describedby=\"caption-attachment-10242\" class=\"wp-image-10242 size-full\" src=\"https:\/\/www.amag-group.ch\/blog\/wp-content\/uploads\/2018\/08\/Farbpalette.jpg\" alt=\"Isabella Joss choisit la bonne couleur pour le m\u00e9lange.\" width=\"1920\" height=\"1440\" srcset=\"https:\/\/www.amag-group.ch\/blog\/wp-content\/uploads\/2018\/08\/Farbpalette.jpg 1920w, https:\/\/www.amag-group.ch\/blog\/wp-content\/uploads\/2018\/08\/Farbpalette-552x414.jpg 552w, https:\/\/www.amag-group.ch\/blog\/wp-content\/uploads\/2018\/08\/Farbpalette-768x576.jpg 768w\" sizes=\"(max-width: 1920px) 100vw, 1920px\" \/><p id=\"caption-attachment-10242\" class=\"wp-caption-text\">Le m\u00e9lange des bonnes couleurs fait partie du quotidien d\u2019un peintre en carrosserie.<\/p><\/div>\n<h3><strong>Le courage de faire des erreurs<\/strong><\/h3>\n<p>On a droit \u00e0 l\u2019erreur, car c\u2019est en faisant des erreurs qu\u2019on apprend. Ce qui compte, c\u2019est surtout d\u2019accepter ses erreurs. \u00abQuand nos apprentis savent g\u00e9rer les erreurs, ils renforcent aussi leur confiance en eux-m\u00eames\u00bb, explique Fitore Velija en parlant de sa propre exp\u00e9rience.<\/p>\n<h3><strong>Bon \u00e9quilibre entre vie professionnelle et vie priv\u00e9e<\/strong><\/h3>\n<p>Pendant la formation, il ne faut toutefois pas n\u00e9gliger la famille et les amis. Le bon \u00e9quilibre entre vie professionnelle et vie priv\u00e9e favorise la motivation et lib\u00e8re l\u2019esprit. \u00abC\u2019est une question de dosage!\u00bb dit Isabella avec le sourire.<\/p>\n<p>&nbsp;<\/p>\n<h2><strong>Autres articles<\/strong>:<\/h2>\n<p><a href=\"https:\/\/www.amag-group.ch\/blog\/fr\/profession_carrossier_peintre\/\" target=\"_blank\" rel=\"noopener\">Mon travail hyper int\u00e9ressant en tant que carrossier-peintre<\/a><\/p>\n<p><a href=\"https:\/\/www.amag-group.ch\/blog\/fr\/carrossier_peintre_tolier_apprentissage\/\" target=\"_blank\" rel=\"noopener\">Duel dans les m\u00e9tiers de la carrosserie<\/a><\/p>\n<p><a href=\"https:\/\/www.amag-group.ch\/blog\/fr\/metiers_de_carrossier_tolier_et_carrossier_peintre\/\" target=\"_blank\" rel=\"noopener\">Les professions dans le domaine de la carrosserie: des m\u00e9tiers qui ont de l\u2019avenir<\/a><\/p>\n","protected":false},"excerpt":{"rendered":"<p>Une fois le contrat d\u2019apprentissage sign\u00e9, on est toujours tr\u00e8s impatient de commencer l\u2019apprentissage. On s\u2019en r\u00e9jouit \u00e9norm\u00e9ment tout en \u00e9tant tr\u00e8s motiv\u00e9. Nous avons r\u00e9uni pour vous quelques conseils pour que ce sentiment reste intact jusqu\u2019\u00e0 l\u2019examen de fin d\u2019apprentissage.<\/p>\n","protected":false},"author":40,"featured_media":10262,"comment_status":"open","ping_status":"open","sticky":false,"template":"","format":"standard","meta":{"_acf_changed":false,"inline_featured_image":false,"footnotes":""},"categories":[9827],"tags":[],"class_list":["post-10260","post","type-post","status-publish","format-standard","has-post-thumbnail","hentry","category-next-generation-fr"],"acf":[],"_links":{"self":[{"href":"https:\/\/www.amag-group.ch\/blog\/fr\/wp-json\/wp\/v2\/posts\/10260","targetHints":{"allow":["GET"]}}],"collection":[{"href":"https:\/\/www.amag-group.ch\/blog\/fr\/wp-json\/wp\/v2\/posts"}],"about":[{"href":"https:\/\/www.amag-group.ch\/blog\/fr\/wp-json\/wp\/v2\/types\/post"}],"author":[{"embeddable":true,"href":"https:\/\/www.amag-group.ch\/blog\/fr\/wp-json\/wp\/v2\/users\/40"}],"replies":[{"embeddable":true,"href":"https:\/\/www.amag-group.ch\/blog\/fr\/wp-json\/wp\/v2\/comments?post=10260"}],"version-history":[{"count":0,"href":"https:\/\/www.amag-group.ch\/blog\/fr\/wp-json\/wp\/v2\/posts\/10260\/revisions"}],"wp:featuredmedia":[{"embeddable":true,"href":"https:\/\/www.amag-group.ch\/blog\/fr\/wp-json\/wp\/v2\/media\/10262"}],"wp:attachment":[{"href":"https:\/\/www.amag-group.ch\/blog\/fr\/wp-json\/wp\/v2\/media?parent=10260"}],"wp:term":[{"taxonomy":"category","embeddable":true,"href":"https:\/\/www.amag-group.ch\/blog\/fr\/wp-json\/wp\/v2\/categories?post=10260"},{"taxonomy":"post_tag","embeddable":true,"href":"https:\/\/www.amag-group.ch\/blog\/fr\/wp-json\/wp\/v2\/tags?post=10260"}],"curies":[{"name":"wp","href":"https:\/\/api.w.org\/{rel}","templated":true}]}}