{"id":10149,"date":"2021-06-17T16:35:07","date_gmt":"2021-06-17T14:35:07","guid":{"rendered":"https:\/\/www.amag-group.ch\/blog\/?p=10149"},"modified":"2022-03-10T16:23:06","modified_gmt":"2022-03-10T15:23:06","slug":"apercu-des-delais-de-livraison-des-voitures-neuves","status":"publish","type":"post","link":"https:\/\/www.amag-group.ch\/blog\/fr\/apercu-des-delais-de-livraison-des-voitures-neuves\/","title":{"rendered":"Aper\u00e7u des d\u00e9lais de livraison des voitures neuves &#8211; Update"},"content":{"rendered":"<div class=\"about-person type2 full-mob\">\r\n  <div class=\"text-holder\">\r\n          <h3 class=\"h3\">Situation de livraison due aux probl\u00e8mes d\u2019approvisionnement en semi-conducteurs &#8211; septembre 2021<\/h3>\r\n        <p>Une importante diminution des capacit\u00e9s de production de semi-conducteurs conduit \u00e0 diverses ruptures d\u2019approvisionnement dans de nombreux secteurs au niveau mondial (\u00e9lectronique de divertissement, ordinateurs, industrie automobile, t\u00e9l\u00e9communications, etc.). La demande croissante d\u2019outils de travail \u00e9lectroniques (par ex. postes de travail \u00e0 distance pour le t\u00e9l\u00e9travail) et de dispositifs \u00e9lectroniques de divertissement, d\u2019une part, ainsi que la reprise des march\u00e9s automobiles, d\u2019autre part, ont entra\u00een\u00e9 depuis le d\u00e9but de l\u2019ann\u00e9e des probl\u00e8mes d\u2019approvisionnement et de livraison dans l\u2019industrie automobile. Il en r\u00e9sulte des ajustements dans toutes les branches de la production automobile, les marques VW, Audi, SEAT, \u0160KODA, CUPRA et VW\u00a0V\u00e9hicules Utilitaires \u00e9tant \u00e9galement touch\u00e9es. Dans une voiture, les semi-conducteurs constituent un \u00e9l\u00e9ment essentiel des appareils de commande complexes.<\/p>\n<p>Il faut supposer actuellement que l\u2019approvisionnement des micropuces va rester tendu dans les mois \u00e0 venir. Toutefois, une am\u00e9lioration de la situation concernant les semi-conducteurs est attendue courant \u00e0 partir de la fin de 2021. La situation s\u2019est aggrav\u00e9e suite aux temp\u00eates de neige au Texas en f\u00e9vrier dernier, les grands fabricants de puces qui y sont bas\u00e9s ayant d\u00fb interrompre ou r\u00e9duire leur production, sans oublier les r\u00e9percussions d\u2019un incendie chez un fabricant de puces japonais en mars, l\u2019avarie d\u2019un porte-conteneurs en avril dans le canal de Suez et par la recrudescence des \u00e9pid\u00e9mies de covid-19 en Asie cet \u00e9t\u00e9, qui a entra\u00een\u00e9 la fermeture d&rsquo;usines par les fabricants de semi-conducteurs.<\/p>\n<p>Le Groupe Volkswagen travaille d\u2019arrache-pied \u00e0 des solutions avec les fournisseurs et pour faire en sorte que le carnet de commandes soit trait\u00e9 dans les plus brefs d\u00e9lais. AMAG entretient par ailleurs des n\u00e9gociations continues avec le groupe \u00e0 propos des contingents de v\u00e9hicules.<\/p>\n<p>Les marques et mod\u00e8les pr\u00e9cis affect\u00e9s par ce probl\u00e8me d\u2019approvisionnement d\u00e9pendent de la disponibilit\u00e9 actuelle des semi-conducteurs dans les diff\u00e9rents sites de production. Votre garage se tient \u00e0 votre enti\u00e8re disposition pour de plus amples informations. Dans la mesure o\u00f9 la situation ne cesse d\u2019\u00e9voluer, nous vous prions de bien vouloir faire preuve de compr\u00e9hension s\u2019il est impossible de fournir des informations pr\u00e9cises concernant les d\u00e9lais de livraison.<\/p>\n<p><span style=\"text-decoration: underline;\"><a href=\"https:\/\/www.letemps.ch\/economie\/lautre-penurie-pandemie-lautomobile-manque-semiconducteurs\">L\u2019autre p\u00e9nurie de la pand\u00e9mie: l\u2019automobile manque de semi-conducteurs<\/a><br \/>\n<\/span><span style=\"text-decoration: underline;\"><a href=\"https:\/\/www.swissinfo.ch\/fre\/%C3%A9conomie_la-crise-pand%C3%A9mique-r%C3%A9v%C3%A8le-le-r%C3%B4le-strat%C3%A9gique-des-semi-conducteurs-y-compris-en-suisse\/46419670\">La crise pand\u00e9mique r\u00e9v\u00e8le le r\u00f4le strat\u00e9gique des semi-conducteurs<\/a><br \/>\n<\/span><span style=\"text-decoration: underline;\"><a href=\"https:\/\/www.nzz.ch\/mobilitaet\/mikrochip-engpass-haelt-auch-nach-zweiter-corona-welle-an-ld.1606801?reduced=true\">NZZ<\/a><br \/>\n<\/span><span style=\"text-decoration: underline;\"><a href=\"https:\/\/www.handelszeitung.ch\/tech\/nach-der-coronakrise-kommt-die-chipkrise\">Handelszeitung<\/a><br \/>\n<\/span><span style=\"text-decoration: underline;\"><a href=\"https:\/\/www.fuw.ch\/article\/die-knappheit-an-halbleitern-zieht-weite-kreise\/\">Finanz &amp; Wirtschaft<\/a><\/span><\/p>\n  <\/div>\r\n<\/div>\r\n\n\n<div class=\"text-with-post\">\r\n  <div class=\"row\">\r\n    <div class=\"col-lg-7\">\r\n              <p>Un long processus de d\u00e9veloppement et de recherche est n\u00e9cessaire avant qu\u2019un nouveau v\u00e9hicule ne voie le jour. Une fois que le prototype a \u00e9t\u00e9 mis en \u0153uvre avec succ\u00e8s, l\u2019\u00e9tape suivante est la production en s\u00e9rie. Toutefois, avant le d\u00e9but de la production de chaque mod\u00e8le de v\u00e9hicule, on analyse le nombre de v\u00e9hicules n\u00e9cessaire par march\u00e9.<\/p>\n<h3><strong>\u00c0 partir de la phase de d\u00e9veloppement, combien de temps faut-il pour qu\u2019un v\u00e9hicule soit mis en vente?<\/strong><\/h3>\n<p>La r\u00e8gle g\u00e9n\u00e9rale est la suivante: apr\u00e8s le lancement d\u2019un mod\u00e8le. C\u2019est avant le lancement d\u2019un nouveau mod\u00e8le. Cela signifie qu\u2019aussit\u00f4t qu\u2019un produit est sur le march\u00e9, la phase de d\u00e9veloppement de la prochaine g\u00e9n\u00e9ration a recommenc\u00e9. En fonction de l\u2019ampleur du d\u00e9veloppement, c\u2019est-\u00e0-dire de ce qui est renouvel\u00e9 sur le v\u00e9hicule, ce processus peut prendre de 36\u00a0mois \u00e0 cinq ans environ. Outre le d\u00e9veloppement de v\u00e9hicules \u00e0 proprement parl\u00e9, viennent ensuite la phase de test et le d\u00e9veloppement de la production.<\/p>\n          <\/div>\r\n    <div class=\"col-lg-5 col-xl-4\">\r\n      <div class=\"wrapper-right\">\r\n                  <h3 class=\"h3\">Que sont les semi-conducteurs et les micropuces?<\/h3>\r\n                <figure class=\"post\">\n  <a href=\"https:\/\/www.amag-group.ch\/blog\/fr\/des-crises-des-semi-conducteurs-des-puces-et-de-livraison\/\" class=\"img\">\n                <img decoding=\"async\" class=\"lazyload\" src=\"#\" data-src=\"https:\/\/www.amag-group.ch\/blog\/wp-content\/uploads\/2022\/03\/von-halbleiter-chip-und-lieferkrisen-blog-amag-group.jpg\" alt=\"Von Halbleiter- Chip- und Lieferkrisen - Blog der AMAG Group AG 4\">\n      <\/a>\n  <figcaption>\n    <div class=\"wrap-text\">\n      <ul class=\"post-info\">\n        <li><a href=\"https:\/\/www.amag-group.ch\/blog\/fr\/author\/nathalie\/\">Nathalie Meier<\/a><\/li>\n        <li>jeudi, 10. mars 2022<\/li>\n      <\/ul>\n      <h3><a href=\"https:\/\/www.amag-group.ch\/blog\/fr\/des-crises-des-semi-conducteurs-des-puces-et-de-livraison\/\">Des crises des semi-conducteurs, des puces et de livraison<\/a><\/h3>\n            <p><a href=\"https:\/\/www.amag-group.ch\/blog\/fr\/des-crises-des-semi-conducteurs-des-puces-et-de-livraison\/\">&#8230;<\/a><\/p>\n    <\/div>\n    <div class=\"bottom\">\n                    <ul class=\"cat-links\">\n          <li><a href=\"https:\/\/www.amag-group.ch\/blog\/fr\/category\/mobilite\/voiture-et-technologie\/\">Voiture &amp; technologie<\/a><\/li>        <\/ul>\n            <ul class=\"info-icons\">\n        <li>\n          <div class=\"icon-holder\">\n            <img decoding=\"async\" data-src=\"https:\/\/www.amag-group.ch\/blog\/wp-content\/themes\/autoblog-v2\/images\/icon-00001.svg\" src=\"#\" alt=\"image description\" loading=\"lazy\" class=\"lazyload\">\n          <\/div>0        <\/li>\n                  <li>\n            <div class=\"icon-holder\">\n              <img decoding=\"async\" data-src=\"https:\/\/www.amag-group.ch\/blog\/wp-content\/themes\/autoblog-v2\/images\/icon-00002.svg\" src=\"#\" alt=\"image description\" loading=\"lazy\" class=\"lazyload\">\n            <\/div>6278          <\/li>\n                <li>\n          <div class=\"share-block\">\r\n  <div class=\"icon-holder\"><img decoding=\"async\" data-src=\"https:\/\/www.amag-group.ch\/blog\/wp-content\/themes\/autoblog-v2\/images\/icon-00003.svg\" src=\"#\" alt=\"image description\" loading=\"lazy\" class=\"svg-html lazyload\"><\/div>\r\n  <div class=\"share-icons-wrapper\">\r\n    <ul class=\"share-icons\">\r\n       \r\n      <li><a href=\"https:\/\/wa.me\/?text=https:\/\/www.amag-group.ch\/blog\/fr\/des-crises-des-semi-conducteurs-des-puces-et-de-livraison\/\" target=\"_blank\"><i class=\"fab fa-whatsapp\"><\/i><\/a><\/li>\r\n      <li><a href=\"http:\/\/www.facebook.com\/sharer.php?u=https:\/\/www.amag-group.ch\/blog\/fr\/des-crises-des-semi-conducteurs-des-puces-et-de-livraison\/\" target=\"_blank\"><i class=\"fab fa-facebook-f\"><\/i><\/a><\/li>\r\n      <li><a href=\"http:\/\/www.linkedin.com\/shareArticle?mini=true&amp;url=https:\/\/www.amag-group.ch\/blog\/fr\/des-crises-des-semi-conducteurs-des-puces-et-de-livraison\/\" target=\"_blank\"><i class=\"fab fa-linkedin-in\"><\/i><\/a><\/li>\r\n      <li><a href=\"http:\/\/twitter.com\/share?url=https:\/\/www.amag-group.ch\/blog\/fr\/des-crises-des-semi-conducteurs-des-puces-et-de-livraison\/&amp;text=Des+crises+des+semi-conducteurs%2C+des+puces+et+de+livraison\" target=\"_blank\"><i class=\"fab fa-twitter\"><\/i><\/a><\/li>\r\n      <!-- <li><a href=\"#\" target=\"_blank\"><i class=\"fab fa-instagram\"><\/i><\/a><\/li> -->\r\n                    <li><a href=\"http:\/\/pinterest.com\/pin\/create\/button\/?url=https%3A%2F%2Fwww.amag-group.ch%2Fblog%2Ffr%2Fdes-crises-des-semi-conducteurs-des-puces-et-de-livraison%2F&#038;media=https%3A%2F%2Fwww.amag-group.ch%2Fblog%2Fwp-content%2Fuploads%2F2022%2F03%2Fvon-halbleiter-chip-und-lieferkrisen-blog-amag-group.jpg&#038;description=Des crises des semi-conducteurs, des puces et de livraison\" class=\"pin-it-button\" count-layout=\"horizontal\"  target=\"_blank\"><span class=\"fab fa-pinterest-p\"><\/span><\/a><\/li>\r\n            <li><a class=\"link-copy\" href=\"https:\/\/www.amag-group.ch\/blog\/fr\/des-crises-des-semi-conducteurs-des-puces-et-de-livraison\/\" target=\"_blank\"><i class=\"far fa-clone\"><\/i><\/a><\/li>\r\n    <\/ul>\r\n  <\/div>\r\n<\/div>        <\/li>\n      <\/ul>\n    <\/div>\n  <\/figcaption>\n<\/figure>      <\/div>\r\n    <\/div>\r\n  <\/div>\r\n<\/div>\r\n\n\n  <div class=\"text-block\">\r\n    <p>Pendant cette p\u00e9riode, les constructeurs entrent en contact avec les importateurs et les soci\u00e9t\u00e9s nationales. \u00c0 ce stade, le nombre de mod\u00e8les n\u00e9cessaire pour chaque march\u00e9 est d\u00e9fini avec les responsables de l\u2019importation des marques. Cette \u00e9valuation est bas\u00e9e, par exemple, sur les chiffres de vente du mod\u00e8le pr\u00e9c\u00e9dent ou de mod\u00e8les similaires avec le m\u00eame moteur. Si une marque met sur le march\u00e9 un type de v\u00e9hicule compl\u00e8tement nouveau, il est un peu plus difficile d\u2019\u00e9valuer le comportement d\u2019achat futur sur son propre march\u00e9, car celui-ci doit \u00eatre bas\u00e9, par exemple, sur les tendances du march\u00e9 et les \u00e9tudes de consommateur plut\u00f4t que sur des valeurs empiriques.<\/p>\n<p>Sur la base des r\u00e9actions des pays distributeurs, le constructeur planifie alors la production, c\u2019est-\u00e0-dire le chiffre d\u2019affaires total attendu pour le mod\u00e8le en question. Il commande les composants aupr\u00e8s de ses fournisseurs en cons\u00e9quence, car ceux-ci doivent \u00eatre pr\u00e9fabriqu\u00e9s afin que la date de lancement du mod\u00e8le de v\u00e9hicule pr\u00e9vue puisse \u00eatre respect\u00e9e.<\/p>\n<h3><strong>Combien de temps faut-il habituellement pour la livraison de l\u2019usine au concessionnaire?<\/strong><\/h3>\n<p>Cela d\u00e9pend du lieu de production. Alors que les voitures construites \u00e0 Wolfsburg peuvent \u00eatre livr\u00e9es en Suisse une semaine apr\u00e8s avoir quitt\u00e9 le \u00abpoint de comptage 8\u00bb \u2013 le contr\u00f4le du produit fini \u2013, le transport d\u2019un v\u00e9hicule construit au Mexique \u00e0 lui seul prend plusieurs semaines: de l\u2019usine au port, puis la travers\u00e9e de l\u2019oc\u00e9an jusqu\u2019\u00e0 Emden. Et de l\u00e0, g\u00e9n\u00e9ralement, le v\u00e9hicule est charg\u00e9 sur un train afin d\u2019\u00eatre achemin\u00e9 entre Suisse.<\/p>\n<h3><strong>Combien de temps faut-il pour produire un v\u00e9hicule en usine?<\/strong><\/h3>\n<p>Le d\u00e9lai de fabrication pur varie en fonction du type de production. Alors qu\u2019une Golf peut \u00eatre assembl\u00e9e en l\u2019espace de 14 heures environ, une Audi, avec individualisation exclusive Audi, peut prendre plus d\u2019une semaine. Ceci n\u2019inclut pas le temps de production des composants que les fournisseurs doivent livrer \u00e0 la cha\u00eene d\u2019assemblage.<\/p>\n<h3><strong>Pourquoi, en d\u00e9pit de cette bonne planification, les d\u00e9lais de livraison sont-ils parfois tout de m\u00eame plus longs?<\/strong><\/h3>\n<p>Il arrive \u2013 et c\u2019est particuli\u00e8rement le cas pour les nouveaux types de v\u00e9hicules \u2013 qu\u2019un produit explose tout \u00e0 coup dans plusieurs pays et, dans ce cas, l\u2019\u00e9valuation de la demande, r\u00e9alis\u00e9e par les repr\u00e9sentants des concessionnaires plusieurs mois auparavant, est trop faible. Cette demande exc\u00e9dentaire d\u00e9passe le nombre de v\u00e9hicules pr\u00e9vu dans la planification de la production et la production n\u2019arrive plus \u00e0 satisfaire la demande. Toute la cha\u00eene logistique est retard\u00e9e car les \u00e9l\u00e9ments de construction des fournisseurs doivent \u00e9galement \u00eatre pr\u00e9command\u00e9s.<\/p>\n<p>La production d\u2019une voiture prend du temps. Les constructeurs tentent bien s\u00fbr de compenser la forte demande. Pour la pr\u00e9fabrication des \u00e9l\u00e9ments de construction, ils peuvent faire appel \u00e0 d\u2019autres fournisseurs. Mais ceux-ci doivent aussi les pr\u00e9fabriquer. Chaque usine de construction dispose d\u2019une capacit\u00e9 d\u2019espace maximale et les ressources de travail ne peuvent pas \u00eatre exploit\u00e9es jusqu\u2019\u00e0 \u00eatre surcharg\u00e9es.<\/p>\n<p>Par cons\u00e9quent, il peut arriver qu\u2019au moment m\u00eame o\u00f9 l\u2019on ach\u00e8te un nouveau v\u00e9hicule, cette cha\u00eene logistique soit d\u00e9j\u00e0 surcharg\u00e9e. Dans ce cas, le d\u00e9lai de livraison des v\u00e9hicules neufs sera retard\u00e9.<\/p>\n  <\/div>\r\n\n\n\n\n\n\n<div class=\"row\">\n\n  <div class=\"col-lg-5\">\n\n    <div class=\"about-person position-2 left-0\">\n\n      \n      <div class=\"text-holder\">\n\n        \n          <h3 class=\"h3\">Comment ma voiture arrive-t-elle en Suisse?<\/h3>\n\n        \n        <p>Avant que le concessionnaire ne puisse r\u00e9ceptionner un nouveau v\u00e9hicule des marques VW, Audi, SEAT, \u0160KODA ou VW V\u00e9hicules Utilitaires, le v\u00e9hicule est achemin\u00e9 en Suisse par chemin de fer ou par camion via le centre logistique v\u00e9hicules d\u2019AMAG \u00e0 Lupfig (AG).<\/p>\n<p><a href=\"https:\/\/www.amag-group.ch\/blog\/fr\/4000-vehicules-neufs-par-jour-se-trouvent-dans-le-centre-logistique-de-vehicules-de-lupfig\/\" target=\"_blank\" rel=\"noopener\">Par quelles \u00e9tapes le v\u00e9hicule y passe-t-il?<\/a><\/p>\n\n      <\/div>\n\n    <\/div>\n\n  <\/div>\n\n  <div class=\"col-lg-7\">\n\n    <h3><strong>Comment \u00e9viter un long d\u00e9lai de livraison de v\u00e9hicules neufs?<\/strong><\/h3>\n<p>La fa\u00e7on la plus rapide d\u2019entrer en possession d\u2019un v\u00e9hicule neuf est de choisir un v\u00e9hicule pr\u00e9configur\u00e9, expos\u00e9 chez le concessionnaire, dont l\u2019\u00e9quipement correspond \u00e0 peu pr\u00e8s \u00e0 celui du v\u00e9hicule de ses r\u00eaves ou d\u2019acheter un v\u00e9hicule d\u00e9j\u00e0 command\u00e9 par le concessionnaire, qui est encore en cours de transit mais qui arrivera bient\u00f4t en Suisse.<\/p>\n<p>Une r\u00e9ponse absolue n\u2019est pas possible pour un v\u00e9hicule que l\u2019on a configur\u00e9 soi-m\u00eame. En principe, on peut dire que moins il y a d\u2019extras configur\u00e9s, plus vite il sera livr\u00e9. Mais, comme toute r\u00e8gle, elle a aussi son exception: si une option est beaucoup plus populaire que pr\u00e9vu, il peut arriver qu\u2019il y ait des difficult\u00e9s de r\u00e9approvisionnement. Et dans ce cas aussi, il faudra de la patience pour le d\u00e9lai de livraison des v\u00e9hicules neufs.<\/p>\n\n  <\/div>\n\n<\/div>\n\n","protected":false},"excerpt":{"rendered":"<p>La production d\u2019une nouvelle voiture consiste en une cha\u00eene logistique. Lors de la commande d\u2019un v\u00e9hicule neuf, il peut donc arriver que le d\u00e9lai de livraison s\u2019allonge. Il se peut que l\u2019on doive attendre plusieurs semaines voir plusieurs mois avant que la nouvelle voiture soit livr\u00e9e. Pourquoi y a-t-il des retards dans le d\u00e9lai de livraison des v\u00e9hicules neufs?<\/p>\n","protected":false},"author":27,"featured_media":10147,"comment_status":"open","ping_status":"open","sticky":false,"template":"","format":"standard","meta":{"_acf_changed":false,"inline_featured_image":false,"footnotes":""},"categories":[8120],"tags":[],"class_list":["post-10149","post","type-post","status-publish","format-standard","has-post-thumbnail","hentry","category-voiture-et-technologie"],"acf":[],"_links":{"self":[{"href":"https:\/\/www.amag-group.ch\/blog\/fr\/wp-json\/wp\/v2\/posts\/10149","targetHints":{"allow":["GET"]}}],"collection":[{"href":"https:\/\/www.amag-group.ch\/blog\/fr\/wp-json\/wp\/v2\/posts"}],"about":[{"href":"https:\/\/www.amag-group.ch\/blog\/fr\/wp-json\/wp\/v2\/types\/post"}],"author":[{"embeddable":true,"href":"https:\/\/www.amag-group.ch\/blog\/fr\/wp-json\/wp\/v2\/users\/27"}],"replies":[{"embeddable":true,"href":"https:\/\/www.amag-group.ch\/blog\/fr\/wp-json\/wp\/v2\/comments?post=10149"}],"version-history":[{"count":3,"href":"https:\/\/www.amag-group.ch\/blog\/fr\/wp-json\/wp\/v2\/posts\/10149\/revisions"}],"predecessor-version":[{"id":26367,"href":"https:\/\/www.amag-group.ch\/blog\/fr\/wp-json\/wp\/v2\/posts\/10149\/revisions\/26367"}],"wp:featuredmedia":[{"embeddable":true,"href":"https:\/\/www.amag-group.ch\/blog\/fr\/wp-json\/wp\/v2\/media\/10147"}],"wp:attachment":[{"href":"https:\/\/www.amag-group.ch\/blog\/fr\/wp-json\/wp\/v2\/media?parent=10149"}],"wp:term":[{"taxonomy":"category","embeddable":true,"href":"https:\/\/www.amag-group.ch\/blog\/fr\/wp-json\/wp\/v2\/categories?post=10149"},{"taxonomy":"post_tag","embeddable":true,"href":"https:\/\/www.amag-group.ch\/blog\/fr\/wp-json\/wp\/v2\/tags?post=10149"}],"curies":[{"name":"wp","href":"https:\/\/api.w.org\/{rel}","templated":true}]}}