{"id":10124,"date":"2018-07-20T13:23:54","date_gmt":"2018-07-20T11:23:54","guid":{"rendered":"https:\/\/www.amag-group.ch\/blog\/?p=10124"},"modified":"2018-07-20T13:24:13","modified_gmt":"2018-07-20T11:24:13","slug":"viree-en-voiture-a-travers-la-suisse-orientale","status":"publish","type":"post","link":"https:\/\/www.amag-group.ch\/blog\/fr\/viree-en-voiture-a-travers-la-suisse-orientale\/","title":{"rendered":"Vir\u00e9e en voiture \u00e0 travers la Suisse orientale"},"content":{"rendered":"<p>La vir\u00e9e en voiture commence \u00e0 Stein am Rhein. Nous nous arr\u00eatons pour la premi\u00e8re fois \u00e0 Salenstein. Le trajet nous permet de longer le lac de Constance et nous avons constamment une belle vue sur l\u2019Untersee. Le clocher de l\u2019\u00e9glise de Mammern est bient\u00f4t visible et, du coin de l\u2019\u0153il, on surprend de temps en temps un bateau sur le lac de Constance. Au cours de ce voyage en Suisse orientale, connue pour ses cultures mara\u00eech\u00e8res et fruiti\u00e8res, les poiriers, groseilliers, d\u2019abricotiers, etc., ne se comptent m\u00eame plus. Le top en mati\u00e8re de production de fruits!<\/p>\n<div id=\"attachment_10113\" style=\"width: 630px\" class=\"wp-caption aligncenter\"><img decoding=\"async\" aria-describedby=\"caption-attachment-10113\" class=\"wp-image-10113 size-medium\" src=\"https:\/\/www.amag-group.ch\/blog\/wp-content\/uploads\/2018\/07\/Road_Trip_Ostschweiz_Aussicht_Arenenberg-620x414.jpg\" alt=\"Lors de la vir\u00e9e \u00e0 travers la Suisse orientale, il ne faut pas manquer la tr\u00e8s belle vue panoramique que l\u2019on a depuis le ch\u00e2teau d\u2019Arenenberg \" width=\"620\" height=\"414\" srcset=\"https:\/\/www.amag-group.ch\/blog\/wp-content\/uploads\/2018\/07\/Road_Trip_Ostschweiz_Aussicht_Arenenberg-620x414.jpg 620w, https:\/\/www.amag-group.ch\/blog\/wp-content\/uploads\/2018\/07\/Road_Trip_Ostschweiz_Aussicht_Arenenberg-768x512.jpg 768w, https:\/\/www.amag-group.ch\/blog\/wp-content\/uploads\/2018\/07\/Road_Trip_Ostschweiz_Aussicht_Arenenberg-720x480.jpg 720w, https:\/\/www.amag-group.ch\/blog\/wp-content\/uploads\/2018\/07\/Road_Trip_Ostschweiz_Aussicht_Arenenberg.jpg 1920w\" sizes=\"(max-width: 620px) 100vw, 620px\" \/><p id=\"caption-attachment-10113\" class=\"wp-caption-text\">Magnifique vue panoramique sur le lac Untersee depuis le ch\u00e2teau d\u2019Arenenberg<\/p><\/div>\n<p>La route sur\u00e9lev\u00e9e entre Mammern et Steckborn offre une vue magnifique sur le lac de Constance. Apr\u00e8s Steckborn, l\u2019itin\u00e9raire continue sur les berges du lac en direction de Berlingen. Nous visons notre premier arr\u00eat, le <span style=\"text-decoration: underline;\"><a href=\"https:\/\/napoleonmuseum.tg.ch\/\" target=\"_blank\" rel=\"noopener\">ch\u00e2teau d\u2019Arenenberg<\/a><\/span>. De l\u00e0, nous jouissons d\u2019une vue imprenable sur le lac. Nous remettons la visite du Mus\u00e9e Napol\u00e9on \u00e0 une autre fois&#8230;<\/p>\n<p>Nous mettons donc sans plus attendre le cap sur notre prochain objectif: Altnau. Sur le chemin, nous passons par Gottlieben o\u00f9 nous nous arr\u00eatons spontan\u00e9ment car c\u2019est ici que sont fabriqu\u00e9es les d\u00e9licieuses \u00abH\u00fcppen\u00bb (gaufrettes croustillantes roul\u00e9es et fourr\u00e9es). Dans le s\u00e9lect <span style=\"text-decoration: underline;\"><a href=\"https:\/\/www.gottlieber.ch\/en\/shops-hotel\/sweets-coffee-gottlieben\" target=\"_blank\" rel=\"noopener\">Seecaf\u00e9<\/a><\/span>, nous savourons un caf\u00e9 et go\u00fbtons \u00e0 la c\u00e9l\u00e8bre p\u00e2tisserie tout en profitant de la vue reposante sur le lac. Bien s\u00fbr, nous allons faire un tour au magasin d\u2019usine mais, vue les temp\u00e9ratures estivales, nous devons renoncer \u00e0 faire des r\u00e9serves de H\u00fcppen.<\/p>\n<div id=\"attachment_10114\" style=\"width: 630px\" class=\"wp-caption aligncenter\"><img decoding=\"async\" aria-describedby=\"caption-attachment-10114\" class=\"wp-image-10114 size-medium\" src=\"https:\/\/www.amag-group.ch\/blog\/wp-content\/uploads\/2018\/07\/Road_Trip_Ostschweiz_Gottlieber_Hueppen-620x414.jpg\" alt=\"Un caf\u00e9 au bord du lac qui invite \u00e0 la d\u00e9tente et \u00e0 la d\u00e9gustation de Gottlieber H\u00fcppen \" width=\"620\" height=\"414\" srcset=\"https:\/\/www.amag-group.ch\/blog\/wp-content\/uploads\/2018\/07\/Road_Trip_Ostschweiz_Gottlieber_Hueppen-620x414.jpg 620w, https:\/\/www.amag-group.ch\/blog\/wp-content\/uploads\/2018\/07\/Road_Trip_Ostschweiz_Gottlieber_Hueppen-768x512.jpg 768w, https:\/\/www.amag-group.ch\/blog\/wp-content\/uploads\/2018\/07\/Road_Trip_Ostschweiz_Gottlieber_Hueppen-720x480.jpg 720w, https:\/\/www.amag-group.ch\/blog\/wp-content\/uploads\/2018\/07\/Road_Trip_Ostschweiz_Gottlieber_Hueppen.jpg 1920w\" sizes=\"(max-width: 620px) 100vw, 620px\" \/><p id=\"caption-attachment-10114\" class=\"wp-caption-text\">Un agr\u00e9able caf\u00e9 au bord du lac: le \u00abSeecaf\u00e9\u00bb du magasin d\u2019usine des Gottlieber H\u00fcppen<\/p><\/div>\n<p>Nous nous dirigeons maintenant vers Altnau et remarquons que ce voyage sur le lac de Constance est un itin\u00e9raire pour tous ceux qui aiment prendre leur temps. Malgr\u00e9 la faible densit\u00e9 du trafic, les automobilistes circulent bien souvent en-dessous de la vitesse autoris\u00e9e. Arriv\u00e9 au port d\u2019Altnau, nous visitons l\u2019arr\u00eat photo du Grand Tour of Switzerland. En outre, \u00e0 droite du long d\u00e9barcad\u00e8re, nous d\u00e9couvrons une charmante petite plage qui borde le lac. Elle est id\u00e9alement situ\u00e9e, car il y a des places de parking directement au port, un restaurant ainsi qu\u2019un kiosque.<\/p>\n<p>Nous passons de nouveau devant de nombreux champs de l\u00e9gumes et de plantations d\u2019arbres fruitiers et poursuivons notre route jusqu\u2019\u00e0 Arbon. Nous traversons de nombreux petits villages pittoresques et, ce faisant, le trajet se transforme en joyeux \u00abrallye des ronds points\u00bb. Arriv\u00e9 \u00e0 Arbon \u00e0 l\u2019heure du repas de midi, nous cherchons une place de parking dans la zone bleue et nous nous dirigeons vers le lac. Nous nous offrons un lunch l\u00e9ger au restaurant de l\u2019<span style=\"text-decoration: underline;\"><a href=\"http:\/\/www.hotel-wunderbar.ch\/\" target=\"_blank\" rel=\"noopener\">h\u00f4tel Wunderbar<\/a><\/span>, situ\u00e9 le long de la promenade. Ici aussi, nous aurions la possibilit\u00e9 de nous baigner dans le lac de Constance.<\/p>\n<p><div id=\"attachment_10115\" style=\"width: 630px\" class=\"wp-caption aligncenter\"><img decoding=\"async\" aria-describedby=\"caption-attachment-10115\" class=\"wp-image-10115 size-medium\" src=\"https:\/\/www.amag-group.ch\/blog\/wp-content\/uploads\/2018\/07\/Road_Trip_Ostschweiz_Arbon_Uferpromenade-620x414.jpg\" alt=\"Au restaurant Wunderbar, on peut d\u00e9jeuner directement au bord du lac \" width=\"620\" height=\"414\" srcset=\"https:\/\/www.amag-group.ch\/blog\/wp-content\/uploads\/2018\/07\/Road_Trip_Ostschweiz_Arbon_Uferpromenade-620x414.jpg 620w, https:\/\/www.amag-group.ch\/blog\/wp-content\/uploads\/2018\/07\/Road_Trip_Ostschweiz_Arbon_Uferpromenade-768x512.jpg 768w, https:\/\/www.amag-group.ch\/blog\/wp-content\/uploads\/2018\/07\/Road_Trip_Ostschweiz_Arbon_Uferpromenade-720x480.jpg 720w, https:\/\/www.amag-group.ch\/blog\/wp-content\/uploads\/2018\/07\/Road_Trip_Ostschweiz_Arbon_Uferpromenade.jpg 1920w\" sizes=\"(max-width: 620px) 100vw, 620px\" \/><p id=\"caption-attachment-10115\" class=\"wp-caption-text\">Lunch avec vue panoramique: sur la promenade du bord du lac \u00e0 Arbon<\/p><\/div> <div id=\"attachment_10116\" style=\"width: 630px\" class=\"wp-caption aligncenter\"><img decoding=\"async\" aria-describedby=\"caption-attachment-10116\" class=\"wp-image-10116 size-medium\" src=\"https:\/\/www.amag-group.ch\/blog\/wp-content\/uploads\/2018\/07\/Road_Trip_Ostschweiz_Arbon-620x414.jpg\" alt=\"Belles maisons dans la vieille ville d\u2019Arbon d\u00e9couvertes lors du Grand Tour of Switzerland \" width=\"620\" height=\"414\" srcset=\"https:\/\/www.amag-group.ch\/blog\/wp-content\/uploads\/2018\/07\/Road_Trip_Ostschweiz_Arbon-620x414.jpg 620w, https:\/\/www.amag-group.ch\/blog\/wp-content\/uploads\/2018\/07\/Road_Trip_Ostschweiz_Arbon-768x512.jpg 768w, https:\/\/www.amag-group.ch\/blog\/wp-content\/uploads\/2018\/07\/Road_Trip_Ostschweiz_Arbon-720x480.jpg 720w, https:\/\/www.amag-group.ch\/blog\/wp-content\/uploads\/2018\/07\/Road_Trip_Ostschweiz_Arbon.jpg 1920w\" sizes=\"(max-width: 620px) 100vw, 620px\" \/><p id=\"caption-attachment-10116\" class=\"wp-caption-text\">Arbon se distingue par sa charmante vieille ville<\/p><\/div><\/p>\n<p>Pour nous, le temps est d\u00e9j\u00e0 venu de mettre le cap sur notre prochain objectif: Saint-Gall, la capitale du canton \u00e9ponyme. Nous nous concentrons sur la visite du <a href=\"https:\/\/stiftsbezirk-sg.ch\/\" target=\"_blank\" rel=\"noopener\">quartier de l\u2019ancien couvent<\/a>. Un point fort, selon les informations sur la page d\u2019accueil du Grand Tour de Suisse. Et \u00e7a se confirme: la tr\u00e8s belle cath\u00e9drale baroque et les nombreuses maisons bourgeoises, dot\u00e9es de magnifiques oriels, sont impressionnants. Cet apr\u00e8s-midi l\u00e0, le quartier est \u00e9galement entour\u00e9 d\u2019une atmosph\u00e8re romantique et paisible \u2013 une ambiance parfaite pour appr\u00e9cier \u00e0 sa juste valeur la vieille ville historique. Chez le boucher Gemperli, nous achetons la traditionnelle et fameuse saucisse \u00e0 r\u00f4tir Olma pour la soir\u00e9e barbecue. Le deuxi\u00e8me endroit que nous visitons \u00e0 Saint-Gall est le site des \u00abDrei Weieren\u00bb (les trois \u00e9tangs) qui domine la ville. Trouver une place de parking \u00e0 proximit\u00e9 est difficile, mais n\u00e9anmoins possible si la chance est avec vous. En ce qui nous concerne, nous avons \u00e9t\u00e9 oblig\u00e9s de garer un peu loin pour gravir le chemin qui m\u00e8ne au lieu de baignade. Mais cela vaut la peine, car l\u2019endroit est superbe. Sans oublier que de l\u00e0-haut on a une tr\u00e8s belle vue sur toute la ville.<\/p>\n<p><div id=\"attachment_10117\" style=\"width: 630px\" class=\"wp-caption aligncenter\"><img decoding=\"async\" aria-describedby=\"caption-attachment-10117\" class=\"wp-image-10117 size-medium\" src=\"https:\/\/www.amag-group.ch\/blog\/wp-content\/uploads\/2018\/07\/Road_Trip_Ostschweiz_Stiftskirche_St_Gallen-620x414.jpg\" alt=\"Belle \u00e9glise baroque \u00e0 Saint-Gall sur l\u2019itin\u00e9raire du Road Trip \u00e0 travers la Suisse orientale \" width=\"620\" height=\"414\" srcset=\"https:\/\/www.amag-group.ch\/blog\/wp-content\/uploads\/2018\/07\/Road_Trip_Ostschweiz_Stiftskirche_St_Gallen-620x414.jpg 620w, https:\/\/www.amag-group.ch\/blog\/wp-content\/uploads\/2018\/07\/Road_Trip_Ostschweiz_Stiftskirche_St_Gallen-768x512.jpg 768w, https:\/\/www.amag-group.ch\/blog\/wp-content\/uploads\/2018\/07\/Road_Trip_Ostschweiz_Stiftskirche_St_Gallen-720x480.jpg 720w, https:\/\/www.amag-group.ch\/blog\/wp-content\/uploads\/2018\/07\/Road_Trip_Ostschweiz_Stiftskirche_St_Gallen.jpg 1920w\" sizes=\"(max-width: 620px) 100vw, 620px\" \/><p id=\"caption-attachment-10117\" class=\"wp-caption-text\">Cath\u00e9drale baroque de Saint-Gall<\/p><\/div> <div id=\"attachment_10118\" style=\"width: 630px\" class=\"wp-caption aligncenter\"><img decoding=\"async\" aria-describedby=\"caption-attachment-10118\" class=\"wp-image-10118 size-medium\" src=\"https:\/\/www.amag-group.ch\/blog\/wp-content\/uploads\/2018\/07\/Road_Trip_Ostschweiz_St_Gallen_Altstadt-620x414.jpg\" alt=\"Maisons bourgeoises avec oriels peints \u00e0 Saint-Gall \" width=\"620\" height=\"414\" srcset=\"https:\/\/www.amag-group.ch\/blog\/wp-content\/uploads\/2018\/07\/Road_Trip_Ostschweiz_St_Gallen_Altstadt-620x414.jpg 620w, https:\/\/www.amag-group.ch\/blog\/wp-content\/uploads\/2018\/07\/Road_Trip_Ostschweiz_St_Gallen_Altstadt-768x512.jpg 768w, https:\/\/www.amag-group.ch\/blog\/wp-content\/uploads\/2018\/07\/Road_Trip_Ostschweiz_St_Gallen_Altstadt-720x480.jpg 720w, https:\/\/www.amag-group.ch\/blog\/wp-content\/uploads\/2018\/07\/Road_Trip_Ostschweiz_St_Gallen_Altstadt.jpg 1920w\" sizes=\"(max-width: 620px) 100vw, 620px\" \/><p id=\"caption-attachment-10118\" class=\"wp-caption-text\">La vieille ville de Saint-Gall avec le quartier du couvent<\/p><\/div> <div id=\"attachment_10119\" style=\"width: 630px\" class=\"wp-caption aligncenter\"><img decoding=\"async\" aria-describedby=\"caption-attachment-10119\" class=\"wp-image-10119 size-medium\" src=\"https:\/\/www.amag-group.ch\/blog\/wp-content\/uploads\/2018\/07\/Road_Trip_Ostschweiz_Badi_Drei_Weieren-620x414.jpg\" alt=\"Arr\u00eat photo sur le Grand Tour of Switzerland pr\u00e8s du site \u00abDrei Weieren\u00bb  \" width=\"620\" height=\"414\" srcset=\"https:\/\/www.amag-group.ch\/blog\/wp-content\/uploads\/2018\/07\/Road_Trip_Ostschweiz_Badi_Drei_Weieren-620x414.jpg 620w, https:\/\/www.amag-group.ch\/blog\/wp-content\/uploads\/2018\/07\/Road_Trip_Ostschweiz_Badi_Drei_Weieren-768x512.jpg 768w, https:\/\/www.amag-group.ch\/blog\/wp-content\/uploads\/2018\/07\/Road_Trip_Ostschweiz_Badi_Drei_Weieren-720x480.jpg 720w, https:\/\/www.amag-group.ch\/blog\/wp-content\/uploads\/2018\/07\/Road_Trip_Ostschweiz_Badi_Drei_Weieren.jpg 1920w\" sizes=\"(max-width: 620px) 100vw, 620px\" \/><p id=\"caption-attachment-10119\" class=\"wp-caption-text\">Vue sur la ville de Saint-Gall depuis le lieu de baignade appel\u00e9 \u00abDrei Weieren\u00bb<\/p><\/div><\/p>\n<p>Nous quittons Saint-Gall via Rieth\u00fcsli en direction de Teufen. D\u00e9j\u00e0 apr\u00e8s l\u2019un des premiers virages \u00e0 gauche, on peut apercevoir le paysage verdoyant et vallonn\u00e9 du pays d\u2019Appenzell. Nous bifurquons en direction de Stein AR et nous nous arr\u00eatons bri\u00e8vement dans une <span style=\"text-decoration: underline;\"><a href=\"https:\/\/www.schaukaeserei.ch\/en\" target=\"_blank\" rel=\"noopener\">fromagerie de d\u00e9monstration<\/a><\/span>. Apr\u00e8s une courte pause, nous reprenons la route jusqu\u2019\u00e0 Appenzell. Gr\u00e2ce \u00e0 l\u2019amabilit\u00e9 des Appenzellois envers les touristes et les automobilistes, nous pouvons nous garer directement sur la place de la \u00abLandsgemeinde\u00bb.<\/p>\n<div id=\"attachment_10120\" style=\"width: 630px\" class=\"wp-caption aligncenter\"><img decoding=\"async\" aria-describedby=\"caption-attachment-10120\" class=\"wp-image-10120 size-medium\" src=\"https:\/\/www.amag-group.ch\/blog\/wp-content\/uploads\/2018\/07\/Road_Trip_Ostschweiz_Appenzell-620x414.jpg\" alt=\"La vieille ville d\u2019Appenzell se distingue par les fa\u00e7ades color\u00e9es des maisons.\" width=\"620\" height=\"414\" srcset=\"https:\/\/www.amag-group.ch\/blog\/wp-content\/uploads\/2018\/07\/Road_Trip_Ostschweiz_Appenzell-620x414.jpg 620w, https:\/\/www.amag-group.ch\/blog\/wp-content\/uploads\/2018\/07\/Road_Trip_Ostschweiz_Appenzell-768x512.jpg 768w, https:\/\/www.amag-group.ch\/blog\/wp-content\/uploads\/2018\/07\/Road_Trip_Ostschweiz_Appenzell-720x480.jpg 720w, https:\/\/www.amag-group.ch\/blog\/wp-content\/uploads\/2018\/07\/Road_Trip_Ostschweiz_Appenzell.jpg 1920w\" sizes=\"(max-width: 620px) 100vw, 620px\" \/><p id=\"caption-attachment-10120\" class=\"wp-caption-text\">Comme sorti d\u2019un livre d\u2019image: Appenzell<\/p><\/div>\n<p>Apr\u00e8s une visite du village et l\u2019achat de pains d\u2019\u00e9pices appenzellois appel\u00e9s \u00abBiberli\u00bb comme souvenir, ce voyage \u00e0 travers la Suisse orientale se termine devant un jus de pomme et une petite bi\u00e8re pression.<\/p>\n<h3>\u00a0<\/h3>\n<p>&nbsp;<\/p>\n<h2>Autres \u00e9tapes du Grand Tour of Switzerland:<\/h2>\n<p><a href=\"https:\/\/www.amag-group.ch\/blog\/fr\/grand-tour-of-switzerland-de-neuchatel-a-gstaad\/\" target=\"_blank\" rel=\"noopener\"><span style=\"text-decoration: underline;\">Grand Tour of Switzerland: de Neuch\u00e2tel \u00e0 Gstaad<\/span><\/a><\/p>\n<p><a href=\"https:\/\/www.amag-group.ch\/blog\/fr\/grand-tour-of-switzerland-de-zurich-a-stein-am-rhein\/\" target=\"_blank\" rel=\"noopener\"><span style=\"text-decoration: underline;\">Grand Tour of Switzerland: De Zurich \u00e0 Stein am Rhein<\/span><\/a><\/p>\n<p><a href=\"https:\/\/www.amag-group.ch\/blog\/fr\/de-st-moritz-a-bellinzone-avec-le-grand-tour-of-switzerland\/\" target=\"_blank\" rel=\"noopener\"><span style=\"text-decoration: underline;\">De St-Moritz \u00e0 Bellinzone avec le Grand Tour of Switzerland<\/span><\/a><\/p>\n<p>&nbsp;<\/p>\n","protected":false},"excerpt":{"rendered":"<p>En suivant l\u2019itin\u00e9raire du Grand Tour of Switzerland de Suisse Tourisme, on d\u00e9couvre des curiosit\u00e9s suisses, des montagnes, des lacs, des villes et des sites culturels. Au cours de cette \u00e9tape, la vir\u00e9e en voiture nous emm\u00e8ne \u00e0 la d\u00e9couverte de la tr\u00e8s belle r\u00e9gion de la Suisse orientale. <\/p>\n","protected":false},"author":27,"featured_media":10122,"comment_status":"open","ping_status":"open","sticky":false,"template":"","format":"standard","meta":{"_acf_changed":false,"inline_featured_image":false,"footnotes":""},"categories":[8120],"tags":[],"class_list":["post-10124","post","type-post","status-publish","format-standard","has-post-thumbnail","hentry","category-voiture-et-technologie"],"acf":[],"_links":{"self":[{"href":"https:\/\/www.amag-group.ch\/blog\/fr\/wp-json\/wp\/v2\/posts\/10124","targetHints":{"allow":["GET"]}}],"collection":[{"href":"https:\/\/www.amag-group.ch\/blog\/fr\/wp-json\/wp\/v2\/posts"}],"about":[{"href":"https:\/\/www.amag-group.ch\/blog\/fr\/wp-json\/wp\/v2\/types\/post"}],"author":[{"embeddable":true,"href":"https:\/\/www.amag-group.ch\/blog\/fr\/wp-json\/wp\/v2\/users\/27"}],"replies":[{"embeddable":true,"href":"https:\/\/www.amag-group.ch\/blog\/fr\/wp-json\/wp\/v2\/comments?post=10124"}],"version-history":[{"count":0,"href":"https:\/\/www.amag-group.ch\/blog\/fr\/wp-json\/wp\/v2\/posts\/10124\/revisions"}],"wp:featuredmedia":[{"embeddable":true,"href":"https:\/\/www.amag-group.ch\/blog\/fr\/wp-json\/wp\/v2\/media\/10122"}],"wp:attachment":[{"href":"https:\/\/www.amag-group.ch\/blog\/fr\/wp-json\/wp\/v2\/media?parent=10124"}],"wp:term":[{"taxonomy":"category","embeddable":true,"href":"https:\/\/www.amag-group.ch\/blog\/fr\/wp-json\/wp\/v2\/categories?post=10124"},{"taxonomy":"post_tag","embeddable":true,"href":"https:\/\/www.amag-group.ch\/blog\/fr\/wp-json\/wp\/v2\/tags?post=10124"}],"curies":[{"name":"wp","href":"https:\/\/api.w.org\/{rel}","templated":true}]}}